{"id":13415,"date":"2019-02-10T13:21:52","date_gmt":"2019-02-10T15:21:52","guid":{"rendered":"http:\/\/newsinfoco.com.br\/?p=13415"},"modified":"2019-02-10T13:50:31","modified_gmt":"2019-02-10T15:50:31","slug":"com-base-governista-muda-oposicao-deita-e-rola-na-camara-municipal-de-alagoinhas-por-caio-pimenta","status":"publish","type":"post","link":"https:\/\/newsinfoco.com.br\/inicio\/com-base-governista-muda-oposicao-deita-e-rola-na-camara-municipal-de-alagoinhas-por-caio-pimenta\/","title":{"rendered":"Com base governista &#8220;muda&#8221;, oposi\u00e7\u00e3o deita e rola na C\u00e2mara Municipal de Alagoinhas &#8211; Por Caio Pimenta"},"content":{"rendered":"<p style=\"text-align: justify;\">[sg_popup id=&#8221;11418&#8243; event=&#8221;inherit&#8221;][\/sg_popup]Amigo leitor, voc\u00eas com certeza j\u00e1 conhecem uma velha frase que diz &#8220;quantidade n\u00e3o quer dizer qualidade&#8221;. Pois bem, \u00e9 exatamente o que ocorre com a presen\u00e7a da base do governo Joaquim Neto na C\u00e2mara de Vereadores de Alagoinhas.<\/p>\n<p style=\"text-align: justify;\">Se por um lado o governo municipal possui maioria na Casa Legislativa, 10 vereadores, contra 7 da oposi\u00e7\u00e3o, essa maioria n\u00e3o consegue prevalecer nas sess\u00f5es parlamentares. Chega a ser vergonhosa a atitude de parcim\u00f4nia dos vereadores da situa\u00e7\u00e3o diante das criticas desferidas pelos oposicionistas \u00e0 administra\u00e7\u00e3o municipal. Consideraria tal atitude at\u00e9 de covardia ou frouxid\u00e3o, para n\u00e3o citar de tremenda incompet\u00eancia enquanto base de apoio a um governo.<\/p>\n<p style=\"text-align: justify;\">A qualidade da oposi\u00e7\u00e3o na C\u00e2mara \u00e9 realmente superior. Do lado da oposi\u00e7\u00e3o temos os j\u00e1 experientes e sempre politizados vereadores do PT, Luciano Sergio e Thor de Ninha. Os advogados, e portanto conhecedores dos meandros do meio jur\u00eddico, Jo\u00e3o Henrique Paolilo e Anderson Baqueiro, este \u00faltimo ainda com a experi\u00eancia adquirida no comando da SMTT por v\u00e1rios anos. Completam o time da oposi\u00e7\u00e3o Luciano Almeida, representante do sempre presente, unido e influente grupo do deputado Paulo Azi, o vereador Caio Ramos, que embora jovem n\u00e3o economiza nas fortes cr\u00edticas ao prefeito e sua administra\u00e7\u00e3o e o vereador Darlan Lucena, que embora n\u00e3o seja seu h\u00e1bito utilizar dos discursos contra a administra\u00e7\u00e3o municipal, ocupa grande parte do seu tempo tentando encontrar deslizes da prefeitura pela cidade. O time est\u00e1 unido e portanto forte.<\/p>\n<p style=\"text-align: justify;\">J\u00e1 do lado do prefeito Joaquim Neto a situa\u00e7\u00e3o \u00e9 deprimente e vexat\u00f3ria. Quero aqui abrir um par\u00eantese a 3 vereadores da base: Roberto Torres, o rec\u00e9m chegado Pastor Lins e o l\u00edder da bancada Cleto da Banana. O primeiro, porque como presidente deve manter a imparcialidade e n\u00e3o deve partir acintosamente em defesa do governo. O segundo, porque rec\u00e9m chegado ainda se acostuma com o novo grupo ao qual pertence, embora desde j\u00e1 nota-se a predisposi\u00e7\u00e3o em defender o governo. O terceiro, Cleto da Banana, porque como l\u00edder, quase sempre \u00e9 o \u00fanico a levantar a voz em defesa do governo. Tirando estes tr\u00eas restam 7 vereadores que praticamente entram mudo e saem calados, e quando utilizam da tribunas est\u00e3o mais preocupados com o inicio de obras e a\u00e7\u00f5es provenientes de suas emendas e indica\u00e7\u00f5es do que na defesa da administra\u00e7\u00e3o municipal.<\/p>\n<p style=\"text-align: justify;\">No plen\u00e1rio o placar \u00e9 de Brasil x Alemanha, 7&#215;1. N\u00e3o h\u00e1 governo que se sustente tendo uma base t\u00e3o calada e pouco preocupada em defender o executivo. A persistir esse placar, que na Copa do Mundo humilhou toda a na\u00e7\u00e3o, a tend\u00eancia \u00e9 que o j\u00e1 desgastado governo Joaquim Neto piore sua imagem diante da opini\u00e3o p\u00fablica, se \u00e9 que isso \u00e9 poss\u00edvel.<\/p>\n<p><strong>*Caio Pimenta \u00e9 produtor do Programa Primeira M\u00e3o, da r\u00e1dio 95,7 FM de Alagoinhas, al\u00e9m de ser editor-chefe do site News Infoco<\/strong><\/p>\n<div class='share-to-whatsapp-wrapper'><div class='share-on-whsp'>Share on: <\/div><a data-text='Com base governista \"muda\", oposi\u00e7\u00e3o deita e rola na C\u00e2mara Municipal de Alagoinhas - Por Caio Pimenta' data-link='https:\/\/newsinfoco.com.br\/inicio\/com-base-governista-muda-oposicao-deita-e-rola-na-camara-municipal-de-alagoinhas-por-caio-pimenta\/' class='whatsapp-button whatsapp-share'>WhatsApp<\/a><div class='clear '><\/div><\/div>","protected":false},"excerpt":{"rendered":"<p>[sg_popup id=&#8221;11418&#8243; event=&#8221;inherit&#8221;][\/sg_popup]Amigo leitor, voc\u00eas com certeza j\u00e1 conhecem uma velha frase que diz &#8220;quantidade n\u00e3o quer dizer qualidade&#8221;. Pois bem, \u00e9 exatamente o que ocorre com a presen\u00e7a da base do governo Joaquim Neto na C\u00e2mara de Vereadores de Alagoinhas. Se por um lado o governo municipal possui maioria na Casa Legislativa, 10 vereadores, [&hellip;]<\/p>\n","protected":false},"author":1,"featured_media":13050,"comment_status":"open","ping_status":"open","sticky":false,"template":"","format":"standard","meta":{"om_disable_all_campaigns":false,"rop_custom_images_group":[],"rop_custom_messages_group":[],"rop_publish_now":"initial","rop_publish_now_accounts":[],"rop_publish_now_history":[],"rop_publish_now_status":"pending","_exactmetrics_skip_tracking":false,"footnotes":""},"categories":[26],"tags":[],"class_list":["post-13415","post","type-post","status-publish","format-standard","has-post-thumbnail","hentry","category-caio-pimenta"],"aioseo_notices":[],"aioseo_head":"\n\t\t<!-- All in One SEO 4.9.10 - aioseo.com -->\n\t<meta name=\"description\" content=\"[sg_popup id=&quot;11418&quot; event=&quot;inherit&quot;][\/sg_popup]Amigo leitor, voc\u00eas com certeza j\u00e1 conhecem uma velha frase que diz &quot;quantidade n\u00e3o quer dizer qualidade&quot;. Pois bem, \u00e9 exatamente o que ocorre com a presen\u00e7a da base do governo Joaquim Neto na C\u00e2mara de Vereadores de Alagoinhas. Se por um lado o governo municipal possui maioria na Casa Legislativa, 10 vereadores,\" \/>\n\t<meta name=\"robots\" content=\"max-image-preview:large\" \/>\n\t<meta name=\"author\" content=\"administrador\"\/>\n\t<link rel=\"canonical\" href=\"https:\/\/newsinfoco.com.br\/inicio\/com-base-governista-muda-oposicao-deita-e-rola-na-camara-municipal-de-alagoinhas-por-caio-pimenta\/\" \/>\n\t<meta name=\"generator\" content=\"All in One SEO (AIOSEO) 4.9.10\" \/>\n\t\t<meta property=\"og:locale\" content=\"pt_BR\" \/>\n\t\t<meta property=\"og:site_name\" content=\"News In Foco - Editado por Caio Pimenta - O principal site de noticias de Alagoinhas e regi\u00e3o\" \/>\n\t\t<meta property=\"og:type\" content=\"article\" \/>\n\t\t<meta property=\"og:title\" content=\"Com base governista \u201cmuda\u201d, oposi\u00e7\u00e3o deita e rola na C\u00e2mara Municipal de Alagoinhas \u2013 Por Caio Pimenta - News In Foco - Editado por Caio Pimenta\" \/>\n\t\t<meta property=\"og:description\" content=\"[sg_popup id=&quot;11418&quot; event=&quot;inherit&quot;][\/sg_popup]Amigo leitor, voc\u00eas com certeza j\u00e1 conhecem uma velha frase que diz &quot;quantidade n\u00e3o quer dizer qualidade&quot;. Pois bem, \u00e9 exatamente o que ocorre com a presen\u00e7a da base do governo Joaquim Neto na C\u00e2mara de Vereadores de Alagoinhas. Se por um lado o governo municipal possui maioria na Casa Legislativa, 10 vereadores,\" \/>\n\t\t<meta property=\"og:url\" content=\"https:\/\/newsinfoco.com.br\/inicio\/com-base-governista-muda-oposicao-deita-e-rola-na-camara-municipal-de-alagoinhas-por-caio-pimenta\/\" \/>\n\t\t<meta property=\"article:published_time\" content=\"2019-02-10T15:21:52+00:00\" \/>\n\t\t<meta property=\"article:modified_time\" content=\"2019-02-10T15:50:31+00:00\" \/>\n\t\t<meta name=\"twitter:card\" content=\"summary_large_image\" \/>\n\t\t<meta name=\"twitter:title\" content=\"Com base governista \u201cmuda\u201d, oposi\u00e7\u00e3o deita e rola na C\u00e2mara Municipal de Alagoinhas \u2013 Por Caio Pimenta - News In Foco - Editado por Caio Pimenta\" \/>\n\t\t<meta name=\"twitter:description\" content=\"[sg_popup id=&quot;11418&quot; event=&quot;inherit&quot;][\/sg_popup]Amigo leitor, voc\u00eas com certeza j\u00e1 conhecem uma velha frase que diz &quot;quantidade n\u00e3o quer dizer qualidade&quot;. Pois bem, \u00e9 exatamente o que ocorre com a presen\u00e7a da base do governo Joaquim Neto na C\u00e2mara de Vereadores de Alagoinhas. Se por um lado o governo municipal possui maioria na Casa Legislativa, 10 vereadores,\" \/>\n\t\t<script type=\"application\/ld+json\" class=\"aioseo-schema\">\n\t\t\t{\"@context\":\"https:\\\/\\\/schema.org\",\"@graph\":[{\"@type\":\"BlogPosting\",\"@id\":\"https:\\\/\\\/newsinfoco.com.br\\\/inicio\\\/com-base-governista-muda-oposicao-deita-e-rola-na-camara-municipal-de-alagoinhas-por-caio-pimenta\\\/#blogposting\",\"name\":\"Com base governista \\u201cmuda\\u201d, oposi\\u00e7\\u00e3o deita e rola na C\\u00e2mara Municipal de Alagoinhas \\u2013 Por Caio Pimenta - News In Foco - Editado por Caio Pimenta\",\"headline\":\"Com base governista &#8220;muda&#8221;, oposi\\u00e7\\u00e3o deita e rola na C\\u00e2mara Municipal de Alagoinhas &#8211; Por Caio Pimenta\",\"author\":{\"@id\":\"https:\\\/\\\/newsinfoco.com.br\\\/inicio\\\/author\\\/administrador\\\/#author\"},\"publisher\":{\"@id\":\"https:\\\/\\\/newsinfoco.com.br\\\/inicio\\\/#organization\"},\"image\":{\"@type\":\"ImageObject\",\"url\":\"https:\\\/\\\/newsinfoco.com.br\\\/inicio\\\/wp-content\\\/uploads\\\/2019\\\/01\\\/IMG_20190129_160055-1.jpg\",\"width\":800,\"height\":450,\"caption\":\"Caio Pimenta\"},\"datePublished\":\"2019-02-10T13:21:52-02:00\",\"dateModified\":\"2019-02-10T13:50:31-02:00\",\"inLanguage\":\"pt-BR\",\"mainEntityOfPage\":{\"@id\":\"https:\\\/\\\/newsinfoco.com.br\\\/inicio\\\/com-base-governista-muda-oposicao-deita-e-rola-na-camara-municipal-de-alagoinhas-por-caio-pimenta\\\/#webpage\"},\"isPartOf\":{\"@id\":\"https:\\\/\\\/newsinfoco.com.br\\\/inicio\\\/com-base-governista-muda-oposicao-deita-e-rola-na-camara-municipal-de-alagoinhas-por-caio-pimenta\\\/#webpage\"},\"articleSection\":\"Caio Pimenta\"},{\"@type\":\"BreadcrumbList\",\"@id\":\"https:\\\/\\\/newsinfoco.com.br\\\/inicio\\\/com-base-governista-muda-oposicao-deita-e-rola-na-camara-municipal-de-alagoinhas-por-caio-pimenta\\\/#breadcrumblist\",\"itemListElement\":[{\"@type\":\"ListItem\",\"@id\":\"https:\\\/\\\/newsinfoco.com.br\\\/inicio#listItem\",\"position\":1,\"name\":\"In\\u00edcio\",\"item\":\"https:\\\/\\\/newsinfoco.com.br\\\/inicio\",\"nextItem\":{\"@type\":\"ListItem\",\"@id\":\"https:\\\/\\\/newsinfoco.com.br\\\/inicio\\\/category\\\/caio-pimenta\\\/#listItem\",\"name\":\"Caio Pimenta\"}},{\"@type\":\"ListItem\",\"@id\":\"https:\\\/\\\/newsinfoco.com.br\\\/inicio\\\/category\\\/caio-pimenta\\\/#listItem\",\"position\":2,\"name\":\"Caio Pimenta\",\"item\":\"https:\\\/\\\/newsinfoco.com.br\\\/inicio\\\/category\\\/caio-pimenta\\\/\",\"nextItem\":{\"@type\":\"ListItem\",\"@id\":\"https:\\\/\\\/newsinfoco.com.br\\\/inicio\\\/com-base-governista-muda-oposicao-deita-e-rola-na-camara-municipal-de-alagoinhas-por-caio-pimenta\\\/#listItem\",\"name\":\"Com base governista &#8220;muda&#8221;, oposi\\u00e7\\u00e3o deita e rola na C\\u00e2mara Municipal de Alagoinhas &#8211; Por Caio Pimenta\"},\"previousItem\":{\"@type\":\"ListItem\",\"@id\":\"https:\\\/\\\/newsinfoco.com.br\\\/inicio#listItem\",\"name\":\"In\\u00edcio\"}},{\"@type\":\"ListItem\",\"@id\":\"https:\\\/\\\/newsinfoco.com.br\\\/inicio\\\/com-base-governista-muda-oposicao-deita-e-rola-na-camara-municipal-de-alagoinhas-por-caio-pimenta\\\/#listItem\",\"position\":3,\"name\":\"Com base governista &#8220;muda&#8221;, oposi\\u00e7\\u00e3o deita e rola na C\\u00e2mara Municipal de Alagoinhas &#8211; Por Caio Pimenta\",\"previousItem\":{\"@type\":\"ListItem\",\"@id\":\"https:\\\/\\\/newsinfoco.com.br\\\/inicio\\\/category\\\/caio-pimenta\\\/#listItem\",\"name\":\"Caio Pimenta\"}}]},{\"@type\":\"Organization\",\"@id\":\"https:\\\/\\\/newsinfoco.com.br\\\/inicio\\\/#organization\",\"name\":\"News In Foco - Editado por Caio Pimenta\",\"description\":\"O principal site de noticias de Alagoinhas e regi\\u00e3o\",\"url\":\"https:\\\/\\\/newsinfoco.com.br\\\/inicio\\\/\"},{\"@type\":\"Person\",\"@id\":\"https:\\\/\\\/newsinfoco.com.br\\\/inicio\\\/author\\\/administrador\\\/#author\",\"url\":\"https:\\\/\\\/newsinfoco.com.br\\\/inicio\\\/author\\\/administrador\\\/\",\"name\":\"administrador\",\"image\":{\"@type\":\"ImageObject\",\"@id\":\"https:\\\/\\\/newsinfoco.com.br\\\/inicio\\\/com-base-governista-muda-oposicao-deita-e-rola-na-camara-municipal-de-alagoinhas-por-caio-pimenta\\\/#authorImage\",\"url\":\"https:\\\/\\\/secure.gravatar.com\\\/avatar\\\/c17a617433de8c1dc9584bb79aab7563b46f5bb7e1728c9b17d9cc3ce6a08e49?s=96&d=mm&r=g\",\"width\":96,\"height\":96,\"caption\":\"administrador\"}},{\"@type\":\"WebPage\",\"@id\":\"https:\\\/\\\/newsinfoco.com.br\\\/inicio\\\/com-base-governista-muda-oposicao-deita-e-rola-na-camara-municipal-de-alagoinhas-por-caio-pimenta\\\/#webpage\",\"url\":\"https:\\\/\\\/newsinfoco.com.br\\\/inicio\\\/com-base-governista-muda-oposicao-deita-e-rola-na-camara-municipal-de-alagoinhas-por-caio-pimenta\\\/\",\"name\":\"Com base governista \\u201cmuda\\u201d, oposi\\u00e7\\u00e3o deita e rola na C\\u00e2mara Municipal de Alagoinhas \\u2013 Por Caio Pimenta - News In Foco - Editado por Caio Pimenta\",\"description\":\"[sg_popup id=\\\"11418\\\" event=\\\"inherit\\\"][\\\/sg_popup]Amigo leitor, voc\\u00eas com certeza j\\u00e1 conhecem uma velha frase que diz \\\"quantidade n\\u00e3o quer dizer qualidade\\\". Pois bem, \\u00e9 exatamente o que ocorre com a presen\\u00e7a da base do governo Joaquim Neto na C\\u00e2mara de Vereadores de Alagoinhas. Se por um lado o governo municipal possui maioria na Casa Legislativa, 10 vereadores,\",\"inLanguage\":\"pt-BR\",\"isPartOf\":{\"@id\":\"https:\\\/\\\/newsinfoco.com.br\\\/inicio\\\/#website\"},\"breadcrumb\":{\"@id\":\"https:\\\/\\\/newsinfoco.com.br\\\/inicio\\\/com-base-governista-muda-oposicao-deita-e-rola-na-camara-municipal-de-alagoinhas-por-caio-pimenta\\\/#breadcrumblist\"},\"author\":{\"@id\":\"https:\\\/\\\/newsinfoco.com.br\\\/inicio\\\/author\\\/administrador\\\/#author\"},\"creator\":{\"@id\":\"https:\\\/\\\/newsinfoco.com.br\\\/inicio\\\/author\\\/administrador\\\/#author\"},\"image\":{\"@type\":\"ImageObject\",\"url\":\"https:\\\/\\\/newsinfoco.com.br\\\/inicio\\\/wp-content\\\/uploads\\\/2019\\\/01\\\/IMG_20190129_160055-1.jpg\",\"@id\":\"https:\\\/\\\/newsinfoco.com.br\\\/inicio\\\/com-base-governista-muda-oposicao-deita-e-rola-na-camara-municipal-de-alagoinhas-por-caio-pimenta\\\/#mainImage\",\"width\":800,\"height\":450,\"caption\":\"Caio Pimenta\"},\"primaryImageOfPage\":{\"@id\":\"https:\\\/\\\/newsinfoco.com.br\\\/inicio\\\/com-base-governista-muda-oposicao-deita-e-rola-na-camara-municipal-de-alagoinhas-por-caio-pimenta\\\/#mainImage\"},\"datePublished\":\"2019-02-10T13:21:52-02:00\",\"dateModified\":\"2019-02-10T13:50:31-02:00\"},{\"@type\":\"WebSite\",\"@id\":\"https:\\\/\\\/newsinfoco.com.br\\\/inicio\\\/#website\",\"url\":\"https:\\\/\\\/newsinfoco.com.br\\\/inicio\\\/\",\"name\":\"News In Foco - Editado por Caio Pimenta\",\"description\":\"O principal site de noticias de Alagoinhas e regi\\u00e3o\",\"inLanguage\":\"pt-BR\",\"publisher\":{\"@id\":\"https:\\\/\\\/newsinfoco.com.br\\\/inicio\\\/#organization\"}}]}\n\t\t<\/script>\n\t\t<!-- All in One SEO -->\n\n","aioseo_head_json":{"title":"Com base governista \u201cmuda\u201d, oposi\u00e7\u00e3o deita e rola na C\u00e2mara Municipal de Alagoinhas \u2013 Por Caio Pimenta - News In Foco - Editado por Caio Pimenta","description":"[sg_popup id=\"11418\" event=\"inherit\"][\/sg_popup]Amigo leitor, voc\u00eas com certeza j\u00e1 conhecem uma velha frase que diz \"quantidade n\u00e3o quer dizer qualidade\". Pois bem, \u00e9 exatamente o que ocorre com a presen\u00e7a da base do governo Joaquim Neto na C\u00e2mara de Vereadores de Alagoinhas. Se por um lado o governo municipal possui maioria na Casa Legislativa, 10 vereadores,","canonical_url":"https:\/\/newsinfoco.com.br\/inicio\/com-base-governista-muda-oposicao-deita-e-rola-na-camara-municipal-de-alagoinhas-por-caio-pimenta\/","robots":"max-image-preview:large","keywords":"","webmasterTools":{"miscellaneous":""},"schema":{"@context":"https:\/\/schema.org","@graph":[{"@type":"BlogPosting","@id":"https:\/\/newsinfoco.com.br\/inicio\/com-base-governista-muda-oposicao-deita-e-rola-na-camara-municipal-de-alagoinhas-por-caio-pimenta\/#blogposting","name":"Com base governista \u201cmuda\u201d, oposi\u00e7\u00e3o deita e rola na C\u00e2mara Municipal de Alagoinhas \u2013 Por Caio Pimenta - News In Foco - Editado por Caio Pimenta","headline":"Com base governista &#8220;muda&#8221;, oposi\u00e7\u00e3o deita e rola na C\u00e2mara Municipal de Alagoinhas &#8211; Por Caio Pimenta","author":{"@id":"https:\/\/newsinfoco.com.br\/inicio\/author\/administrador\/#author"},"publisher":{"@id":"https:\/\/newsinfoco.com.br\/inicio\/#organization"},"image":{"@type":"ImageObject","url":"https:\/\/newsinfoco.com.br\/inicio\/wp-content\/uploads\/2019\/01\/IMG_20190129_160055-1.jpg","width":800,"height":450,"caption":"Caio Pimenta"},"datePublished":"2019-02-10T13:21:52-02:00","dateModified":"2019-02-10T13:50:31-02:00","inLanguage":"pt-BR","mainEntityOfPage":{"@id":"https:\/\/newsinfoco.com.br\/inicio\/com-base-governista-muda-oposicao-deita-e-rola-na-camara-municipal-de-alagoinhas-por-caio-pimenta\/#webpage"},"isPartOf":{"@id":"https:\/\/newsinfoco.com.br\/inicio\/com-base-governista-muda-oposicao-deita-e-rola-na-camara-municipal-de-alagoinhas-por-caio-pimenta\/#webpage"},"articleSection":"Caio Pimenta"},{"@type":"BreadcrumbList","@id":"https:\/\/newsinfoco.com.br\/inicio\/com-base-governista-muda-oposicao-deita-e-rola-na-camara-municipal-de-alagoinhas-por-caio-pimenta\/#breadcrumblist","itemListElement":[{"@type":"ListItem","@id":"https:\/\/newsinfoco.com.br\/inicio#listItem","position":1,"name":"In\u00edcio","item":"https:\/\/newsinfoco.com.br\/inicio","nextItem":{"@type":"ListItem","@id":"https:\/\/newsinfoco.com.br\/inicio\/category\/caio-pimenta\/#listItem","name":"Caio Pimenta"}},{"@type":"ListItem","@id":"https:\/\/newsinfoco.com.br\/inicio\/category\/caio-pimenta\/#listItem","position":2,"name":"Caio Pimenta","item":"https:\/\/newsinfoco.com.br\/inicio\/category\/caio-pimenta\/","nextItem":{"@type":"ListItem","@id":"https:\/\/newsinfoco.com.br\/inicio\/com-base-governista-muda-oposicao-deita-e-rola-na-camara-municipal-de-alagoinhas-por-caio-pimenta\/#listItem","name":"Com base governista &#8220;muda&#8221;, oposi\u00e7\u00e3o deita e rola na C\u00e2mara Municipal de Alagoinhas &#8211; Por Caio Pimenta"},"previousItem":{"@type":"ListItem","@id":"https:\/\/newsinfoco.com.br\/inicio#listItem","name":"In\u00edcio"}},{"@type":"ListItem","@id":"https:\/\/newsinfoco.com.br\/inicio\/com-base-governista-muda-oposicao-deita-e-rola-na-camara-municipal-de-alagoinhas-por-caio-pimenta\/#listItem","position":3,"name":"Com base governista &#8220;muda&#8221;, oposi\u00e7\u00e3o deita e rola na C\u00e2mara Municipal de Alagoinhas &#8211; Por Caio Pimenta","previousItem":{"@type":"ListItem","@id":"https:\/\/newsinfoco.com.br\/inicio\/category\/caio-pimenta\/#listItem","name":"Caio Pimenta"}}]},{"@type":"Organization","@id":"https:\/\/newsinfoco.com.br\/inicio\/#organization","name":"News In Foco - Editado por Caio Pimenta","description":"O principal site de noticias de Alagoinhas e regi\u00e3o","url":"https:\/\/newsinfoco.com.br\/inicio\/"},{"@type":"Person","@id":"https:\/\/newsinfoco.com.br\/inicio\/author\/administrador\/#author","url":"https:\/\/newsinfoco.com.br\/inicio\/author\/administrador\/","name":"administrador","image":{"@type":"ImageObject","@id":"https:\/\/newsinfoco.com.br\/inicio\/com-base-governista-muda-oposicao-deita-e-rola-na-camara-municipal-de-alagoinhas-por-caio-pimenta\/#authorImage","url":"https:\/\/secure.gravatar.com\/avatar\/c17a617433de8c1dc9584bb79aab7563b46f5bb7e1728c9b17d9cc3ce6a08e49?s=96&d=mm&r=g","width":96,"height":96,"caption":"administrador"}},{"@type":"WebPage","@id":"https:\/\/newsinfoco.com.br\/inicio\/com-base-governista-muda-oposicao-deita-e-rola-na-camara-municipal-de-alagoinhas-por-caio-pimenta\/#webpage","url":"https:\/\/newsinfoco.com.br\/inicio\/com-base-governista-muda-oposicao-deita-e-rola-na-camara-municipal-de-alagoinhas-por-caio-pimenta\/","name":"Com base governista \u201cmuda\u201d, oposi\u00e7\u00e3o deita e rola na C\u00e2mara Municipal de Alagoinhas \u2013 Por Caio Pimenta - News In Foco - Editado por Caio Pimenta","description":"[sg_popup id=\"11418\" event=\"inherit\"][\/sg_popup]Amigo leitor, voc\u00eas com certeza j\u00e1 conhecem uma velha frase que diz \"quantidade n\u00e3o quer dizer qualidade\". Pois bem, \u00e9 exatamente o que ocorre com a presen\u00e7a da base do governo Joaquim Neto na C\u00e2mara de Vereadores de Alagoinhas. Se por um lado o governo municipal possui maioria na Casa Legislativa, 10 vereadores,","inLanguage":"pt-BR","isPartOf":{"@id":"https:\/\/newsinfoco.com.br\/inicio\/#website"},"breadcrumb":{"@id":"https:\/\/newsinfoco.com.br\/inicio\/com-base-governista-muda-oposicao-deita-e-rola-na-camara-municipal-de-alagoinhas-por-caio-pimenta\/#breadcrumblist"},"author":{"@id":"https:\/\/newsinfoco.com.br\/inicio\/author\/administrador\/#author"},"creator":{"@id":"https:\/\/newsinfoco.com.br\/inicio\/author\/administrador\/#author"},"image":{"@type":"ImageObject","url":"https:\/\/newsinfoco.com.br\/inicio\/wp-content\/uploads\/2019\/01\/IMG_20190129_160055-1.jpg","@id":"https:\/\/newsinfoco.com.br\/inicio\/com-base-governista-muda-oposicao-deita-e-rola-na-camara-municipal-de-alagoinhas-por-caio-pimenta\/#mainImage","width":800,"height":450,"caption":"Caio Pimenta"},"primaryImageOfPage":{"@id":"https:\/\/newsinfoco.com.br\/inicio\/com-base-governista-muda-oposicao-deita-e-rola-na-camara-municipal-de-alagoinhas-por-caio-pimenta\/#mainImage"},"datePublished":"2019-02-10T13:21:52-02:00","dateModified":"2019-02-10T13:50:31-02:00"},{"@type":"WebSite","@id":"https:\/\/newsinfoco.com.br\/inicio\/#website","url":"https:\/\/newsinfoco.com.br\/inicio\/","name":"News In Foco - Editado por Caio Pimenta","description":"O principal site de noticias de Alagoinhas e regi\u00e3o","inLanguage":"pt-BR","publisher":{"@id":"https:\/\/newsinfoco.com.br\/inicio\/#organization"}}]},"og:locale":"pt_BR","og:site_name":"News In Foco - Editado por Caio Pimenta - O principal site de noticias de Alagoinhas e regi\u00e3o","og:type":"article","og:title":"Com base governista \u201cmuda\u201d, oposi\u00e7\u00e3o deita e rola na C\u00e2mara Municipal de Alagoinhas \u2013 Por Caio Pimenta - News In Foco - Editado por Caio Pimenta","og:description":"[sg_popup id=&quot;11418&quot; event=&quot;inherit&quot;][\/sg_popup]Amigo leitor, voc\u00eas com certeza j\u00e1 conhecem uma velha frase que diz &quot;quantidade n\u00e3o quer dizer qualidade&quot;. Pois bem, \u00e9 exatamente o que ocorre com a presen\u00e7a da base do governo Joaquim Neto na C\u00e2mara de Vereadores de Alagoinhas. Se por um lado o governo municipal possui maioria na Casa Legislativa, 10 vereadores,","og:url":"https:\/\/newsinfoco.com.br\/inicio\/com-base-governista-muda-oposicao-deita-e-rola-na-camara-municipal-de-alagoinhas-por-caio-pimenta\/","article:published_time":"2019-02-10T15:21:52+00:00","article:modified_time":"2019-02-10T15:50:31+00:00","twitter:card":"summary_large_image","twitter:title":"Com base governista \u201cmuda\u201d, oposi\u00e7\u00e3o deita e rola na C\u00e2mara Municipal de Alagoinhas \u2013 Por Caio Pimenta - News In Foco - Editado por Caio Pimenta","twitter:description":"[sg_popup id=&quot;11418&quot; event=&quot;inherit&quot;][\/sg_popup]Amigo leitor, voc\u00eas com certeza j\u00e1 conhecem uma velha frase que diz &quot;quantidade n\u00e3o quer dizer qualidade&quot;. Pois bem, \u00e9 exatamente o que ocorre com a presen\u00e7a da base do governo Joaquim Neto na C\u00e2mara de Vereadores de Alagoinhas. Se por um lado o governo municipal possui maioria na Casa Legislativa, 10 vereadores,"},"aioseo_meta_data":{"post_id":"13415","title":null,"description":null,"keywords":null,"keyphrases":null,"primary_term":null,"canonical_url":null,"og_title":null,"og_description":null,"og_object_type":"default","og_image_type":"default","og_image_url":null,"og_image_width":null,"og_image_height":null,"og_image_custom_url":null,"og_image_custom_fields":null,"og_video":null,"og_custom_url":null,"og_article_section":null,"og_article_tags":null,"twitter_use_og":false,"twitter_card":"default","twitter_image_type":"default","twitter_image_url":null,"twitter_image_custom_url":null,"twitter_image_custom_fields":null,"twitter_title":null,"twitter_description":null,"schema":{"blockGraphs":[],"customGraphs":[],"default":{"data":{"Article":[],"Course":[],"Dataset":[],"FAQPage":[],"Movie":[],"Person":[],"Product":[],"ProductReview":[],"Car":[],"Recipe":[],"Service":[],"SoftwareApplication":[],"WebPage":[]},"graphName":"","isEnabled":true},"graphs":[]},"schema_type":"default","schema_type_options":null,"pillar_content":false,"robots_default":true,"robots_noindex":false,"robots_noarchive":false,"robots_nosnippet":false,"robots_nofollow":false,"robots_noimageindex":false,"robots_noodp":false,"robots_notranslate":false,"robots_max_snippet":null,"robots_max_videopreview":null,"robots_max_imagepreview":"large","priority":null,"frequency":null,"local_seo":null,"breadcrumb_settings":null,"limit_modified_date":false,"ai":null,"created":"2023-06-12 12:22:46","updated":"2025-07-10 23:17:51","seo_analyzer_scan_date":null},"aioseo_breadcrumb":"<div class=\"aioseo-breadcrumbs\"><span class=\"aioseo-breadcrumb\">\n\t\t\t<a href=\"https:\/\/newsinfoco.com.br\/inicio\" title=\"In\u00edcio\">In\u00edcio<\/a>\n\t\t<\/span><span class=\"aioseo-breadcrumb-separator\">&raquo;<\/span><span class=\"aioseo-breadcrumb\">\n\t\t\t<a href=\"https:\/\/newsinfoco.com.br\/inicio\/category\/caio-pimenta\/\" title=\"Caio Pimenta\">Caio Pimenta<\/a>\n\t\t<\/span><span class=\"aioseo-breadcrumb-separator\">&raquo;<\/span><span class=\"aioseo-breadcrumb\">\n\t\t\tCom base governista \u201cmuda\u201d, oposi\u00e7\u00e3o deita e rola na C\u00e2mara Municipal de Alagoinhas \u2013 Por Caio Pimenta\n\t\t<\/span><\/div>","aioseo_breadcrumb_json":[{"label":"In\u00edcio","link":"https:\/\/newsinfoco.com.br\/inicio"},{"label":"Caio Pimenta","link":"https:\/\/newsinfoco.com.br\/inicio\/category\/caio-pimenta\/"},{"label":"Com base governista &#8220;muda&#8221;, oposi\u00e7\u00e3o deita e rola na C\u00e2mara Municipal de Alagoinhas &#8211; Por Caio Pimenta","link":"https:\/\/newsinfoco.com.br\/inicio\/com-base-governista-muda-oposicao-deita-e-rola-na-camara-municipal-de-alagoinhas-por-caio-pimenta\/"}],"_links":{"self":[{"href":"https:\/\/newsinfoco.com.br\/inicio\/wp-json\/wp\/v2\/posts\/13415","targetHints":{"allow":["GET"]}}],"collection":[{"href":"https:\/\/newsinfoco.com.br\/inicio\/wp-json\/wp\/v2\/posts"}],"about":[{"href":"https:\/\/newsinfoco.com.br\/inicio\/wp-json\/wp\/v2\/types\/post"}],"author":[{"embeddable":true,"href":"https:\/\/newsinfoco.com.br\/inicio\/wp-json\/wp\/v2\/users\/1"}],"replies":[{"embeddable":true,"href":"https:\/\/newsinfoco.com.br\/inicio\/wp-json\/wp\/v2\/comments?post=13415"}],"version-history":[{"count":0,"href":"https:\/\/newsinfoco.com.br\/inicio\/wp-json\/wp\/v2\/posts\/13415\/revisions"}],"wp:featuredmedia":[{"embeddable":true,"href":"https:\/\/newsinfoco.com.br\/inicio\/wp-json\/wp\/v2\/media\/13050"}],"wp:attachment":[{"href":"https:\/\/newsinfoco.com.br\/inicio\/wp-json\/wp\/v2\/media?parent=13415"}],"wp:term":[{"taxonomy":"category","embeddable":true,"href":"https:\/\/newsinfoco.com.br\/inicio\/wp-json\/wp\/v2\/categories?post=13415"},{"taxonomy":"post_tag","embeddable":true,"href":"https:\/\/newsinfoco.com.br\/inicio\/wp-json\/wp\/v2\/tags?post=13415"}],"curies":[{"name":"wp","href":"https:\/\/api.w.org\/{rel}","templated":true}]}}