{"id":13423,"date":"2019-02-10T13:30:36","date_gmt":"2019-02-10T15:30:36","guid":{"rendered":"http:\/\/newsinfoco.com.br\/?p=13423"},"modified":"2019-02-10T13:30:36","modified_gmt":"2019-02-10T15:30:36","slug":"desenvoltura-de-mourao-desperta-a-ira-de-evangelicos","status":"publish","type":"post","link":"https:\/\/newsinfoco.com.br\/inicio\/desenvoltura-de-mourao-desperta-a-ira-de-evangelicos\/","title":{"rendered":"Desenvoltura de Mour\u00e3o desperta a ira de evang\u00e9licos"},"content":{"rendered":"<p style=\"text-align: justify;\">[sg_popup id=&#8221;11418&#8243; event=&#8221;inherit&#8221;][\/sg_popup]O discurso independente e a desenvoltura do vice-presidente Hamilton Mour\u00e3o (PRTB) desgastaram a rela\u00e7\u00e3o do Pal\u00e1cio do Planalto com o setor evang\u00e9lico, considerado fundamental na elei\u00e7\u00e3o do presidente Jair Bolsonaro (PSL).<\/p>\n<p style=\"text-align: justify;\">Nos \u00faltimos dias, l\u00edderes de igrejas que durante a campanha apoiaram explicitamente o candidato do PSL e representantes do segmento no Congresso expuseram a insatisfa\u00e7\u00e3o com o vice, principalmente ap\u00f3s ele se manifestar contra a transfer\u00eancia da embaixada brasileira em Israel para Jerusal\u00e9m. As lideran\u00e7as religiosas e parlamentares da bancada evang\u00e9lica pretendem pressionar o presidente para que ele desautorize publicamente o vice \u2013 Bolsonaro permanece internado em S\u00e3o Paulo se recuperando da cirurgia para a reconstru\u00e7\u00e3o do tr\u00e2nsito intestinal.<\/p>\n<p style=\"text-align: justify;\">Na condi\u00e7\u00e3o de presidente em exerc\u00edcio, Mour\u00e3o recebeu no \u00faltimo dia 28 o embaixador da Palestina no Brasil, Ibrahim Alzeben, e defendeu a posi\u00e7\u00e3o que contraria manifesta\u00e7\u00f5es anteriores do pr\u00f3prio Bolsonaro. Com 108 deputados e 10 senadores na atual Legislatura, a Frente Parlamentar Evang\u00e9lica, que tem uma atua\u00e7\u00e3o historicamente coesa em defesa de suas bandeiras, ter\u00e1 um peso decisivo para a agenda do governo no Congresso Nacional. \u201cVamos cobrar (do Bolsonaro) o cumprimento daquilo que foi tratado. Se o Mour\u00e3o est\u00e1 a servi\u00e7o de algum grupo de interesse contr\u00e1rio a que isso aconte\u00e7a, tenho convic\u00e7\u00e3o que ele perdeu essa queda de bra\u00e7o. Mour\u00e3o \u00e9 um poeta calado. Sempre que abre a boca cria um problema para o governo\u201d, disse ao Estado o deputado S\u00f3stenes Cavalcante (DEM-RJ), principal porta-voz da Frente.<\/p>\n<p style=\"text-align: justify;\">O deputado deve assumir a presid\u00eancia do grupo nos pr\u00f3ximos dias. O atual presidente, deputado Hidekazu Takayama (PSC-PR), n\u00e3o se reelegeu. Os evang\u00e9licos ficaram tamb\u00e9m incomodados com o vice por causa de uma entrevista na qual ele defendeu que o aborto \u00e9 uma escolha da mulher. O ponto central das queixas, contudo, \u00e9 a quest\u00e3o da mudan\u00e7a da embaixada brasileira de Tel-Aviv para Jerusal\u00e9m. \u201cEsse foi um compromisso de campanha do presidente da Rep\u00fablica com nosso seguimento. N\u00f3s n\u00e3o pedimos muitas coisas a ele, mas essa foi uma delas\u201d, disse S\u00f3stenes. \u201cPor que o Mour\u00e3o, sabendo das bandeiras do Bolsonaro, n\u00e3o se manifestou antes da elei\u00e7\u00e3o? \u00c9 uma coisa feia esconder suas convic\u00e7\u00f5es. Faltou protocolo e \u00e9tica no exerc\u00edcio da fun\u00e7\u00e3o dele. Mour\u00e3o est\u00e1 fazendo campanha para 2022, mas a ala conservadora n\u00e3o vota nele nunca\u201d, disse ao Estado o pastor Silas Malafaia, l\u00edder da igreja evang\u00e9lica Vit\u00f3ria em Cristo e presidente do Conselho dos Pastores do Brasil.<\/p>\n<h6 style=\"text-align: right;\">Estadao<\/h6>\n<div class='share-to-whatsapp-wrapper'><div class='share-on-whsp'>Share on: <\/div><a data-text='Desenvoltura de Mour\u00e3o desperta a ira de evang\u00e9licos' data-link='https:\/\/newsinfoco.com.br\/inicio\/desenvoltura-de-mourao-desperta-a-ira-de-evangelicos\/' class='whatsapp-button whatsapp-share'>WhatsApp<\/a><div class='clear '><\/div><\/div>","protected":false},"excerpt":{"rendered":"<p>[sg_popup id=&#8221;11418&#8243; event=&#8221;inherit&#8221;][\/sg_popup]O discurso independente e a desenvoltura do vice-presidente Hamilton Mour\u00e3o (PRTB) desgastaram a rela\u00e7\u00e3o do Pal\u00e1cio do Planalto com o setor evang\u00e9lico, considerado fundamental na elei\u00e7\u00e3o do presidente Jair Bolsonaro (PSL). Nos \u00faltimos dias, l\u00edderes de igrejas que durante a campanha apoiaram explicitamente o candidato do PSL e representantes do segmento no Congresso [&hellip;]<\/p>\n","protected":false},"author":1,"featured_media":12904,"comment_status":"open","ping_status":"open","sticky":false,"template":"","format":"standard","meta":{"om_disable_all_campaigns":false,"rop_custom_images_group":[],"rop_custom_messages_group":[],"rop_publish_now":"initial","rop_publish_now_accounts":[],"rop_publish_now_history":[],"rop_publish_now_status":"pending","_exactmetrics_skip_tracking":false,"footnotes":""},"categories":[21],"tags":[],"class_list":["post-13423","post","type-post","status-publish","format-standard","has-post-thumbnail","hentry","category-brasil"],"aioseo_notices":[],"aioseo_head":"\n\t\t<!-- All in One SEO 4.9.10 - aioseo.com -->\n\t<meta name=\"description\" content=\"[sg_popup id=&quot;11418&quot; event=&quot;inherit&quot;][\/sg_popup]O discurso independente e a desenvoltura do vice-presidente Hamilton Mour\u00e3o (PRTB) desgastaram a rela\u00e7\u00e3o do Pal\u00e1cio do Planalto com o setor evang\u00e9lico, considerado fundamental na elei\u00e7\u00e3o do presidente Jair Bolsonaro (PSL). Nos \u00faltimos dias, l\u00edderes de igrejas que durante a campanha apoiaram explicitamente o candidato do PSL e representantes do segmento no Congresso\" \/>\n\t<meta name=\"robots\" content=\"max-image-preview:large\" \/>\n\t<meta name=\"author\" content=\"administrador\"\/>\n\t<link rel=\"canonical\" href=\"https:\/\/newsinfoco.com.br\/inicio\/desenvoltura-de-mourao-desperta-a-ira-de-evangelicos\/\" \/>\n\t<meta name=\"generator\" content=\"All in One SEO (AIOSEO) 4.9.10\" \/>\n\t\t<meta property=\"og:locale\" content=\"pt_BR\" \/>\n\t\t<meta property=\"og:site_name\" content=\"News In Foco - Editado por Caio Pimenta - O principal site de noticias de Alagoinhas e regi\u00e3o\" \/>\n\t\t<meta property=\"og:type\" content=\"article\" \/>\n\t\t<meta property=\"og:title\" content=\"Desenvoltura de Mour\u00e3o desperta a ira de evang\u00e9licos - News In Foco - Editado por Caio Pimenta\" \/>\n\t\t<meta property=\"og:description\" content=\"[sg_popup id=&quot;11418&quot; event=&quot;inherit&quot;][\/sg_popup]O discurso independente e a desenvoltura do vice-presidente Hamilton Mour\u00e3o (PRTB) desgastaram a rela\u00e7\u00e3o do Pal\u00e1cio do Planalto com o setor evang\u00e9lico, considerado fundamental na elei\u00e7\u00e3o do presidente Jair Bolsonaro (PSL). Nos \u00faltimos dias, l\u00edderes de igrejas que durante a campanha apoiaram explicitamente o candidato do PSL e representantes do segmento no Congresso\" \/>\n\t\t<meta property=\"og:url\" content=\"https:\/\/newsinfoco.com.br\/inicio\/desenvoltura-de-mourao-desperta-a-ira-de-evangelicos\/\" \/>\n\t\t<meta property=\"article:published_time\" content=\"2019-02-10T15:30:36+00:00\" \/>\n\t\t<meta property=\"article:modified_time\" content=\"2019-02-10T15:30:36+00:00\" \/>\n\t\t<meta name=\"twitter:card\" content=\"summary_large_image\" \/>\n\t\t<meta name=\"twitter:title\" content=\"Desenvoltura de Mour\u00e3o desperta a ira de evang\u00e9licos - News In Foco - Editado por Caio Pimenta\" \/>\n\t\t<meta name=\"twitter:description\" content=\"[sg_popup id=&quot;11418&quot; event=&quot;inherit&quot;][\/sg_popup]O discurso independente e a desenvoltura do vice-presidente Hamilton Mour\u00e3o (PRTB) desgastaram a rela\u00e7\u00e3o do Pal\u00e1cio do Planalto com o setor evang\u00e9lico, considerado fundamental na elei\u00e7\u00e3o do presidente Jair Bolsonaro (PSL). Nos \u00faltimos dias, l\u00edderes de igrejas que durante a campanha apoiaram explicitamente o candidato do PSL e representantes do segmento no Congresso\" \/>\n\t\t<script type=\"application\/ld+json\" class=\"aioseo-schema\">\n\t\t\t{\"@context\":\"https:\\\/\\\/schema.org\",\"@graph\":[{\"@type\":\"BlogPosting\",\"@id\":\"https:\\\/\\\/newsinfoco.com.br\\\/inicio\\\/desenvoltura-de-mourao-desperta-a-ira-de-evangelicos\\\/#blogposting\",\"name\":\"Desenvoltura de Mour\\u00e3o desperta a ira de evang\\u00e9licos - News In Foco - Editado por Caio Pimenta\",\"headline\":\"Desenvoltura de Mour\\u00e3o desperta a ira de evang\\u00e9licos\",\"author\":{\"@id\":\"https:\\\/\\\/newsinfoco.com.br\\\/inicio\\\/author\\\/administrador\\\/#author\"},\"publisher\":{\"@id\":\"https:\\\/\\\/newsinfoco.com.br\\\/inicio\\\/#organization\"},\"image\":{\"@type\":\"ImageObject\",\"url\":\"https:\\\/\\\/newsinfoco.com.br\\\/inicio\\\/wp-content\\\/uploads\\\/2019\\\/01\\\/c312e07a5516e6ba895e79cea99896ef.jpg\",\"width\":590,\"height\":320,\"caption\":\"Hamilt\\u00e3o Mour\\u00e3o\"},\"datePublished\":\"2019-02-10T13:30:36-02:00\",\"dateModified\":\"2019-02-10T13:30:36-02:00\",\"inLanguage\":\"pt-BR\",\"mainEntityOfPage\":{\"@id\":\"https:\\\/\\\/newsinfoco.com.br\\\/inicio\\\/desenvoltura-de-mourao-desperta-a-ira-de-evangelicos\\\/#webpage\"},\"isPartOf\":{\"@id\":\"https:\\\/\\\/newsinfoco.com.br\\\/inicio\\\/desenvoltura-de-mourao-desperta-a-ira-de-evangelicos\\\/#webpage\"},\"articleSection\":\"Brasil\"},{\"@type\":\"BreadcrumbList\",\"@id\":\"https:\\\/\\\/newsinfoco.com.br\\\/inicio\\\/desenvoltura-de-mourao-desperta-a-ira-de-evangelicos\\\/#breadcrumblist\",\"itemListElement\":[{\"@type\":\"ListItem\",\"@id\":\"https:\\\/\\\/newsinfoco.com.br\\\/inicio#listItem\",\"position\":1,\"name\":\"In\\u00edcio\",\"item\":\"https:\\\/\\\/newsinfoco.com.br\\\/inicio\",\"nextItem\":{\"@type\":\"ListItem\",\"@id\":\"https:\\\/\\\/newsinfoco.com.br\\\/inicio\\\/category\\\/brasil\\\/#listItem\",\"name\":\"Brasil\"}},{\"@type\":\"ListItem\",\"@id\":\"https:\\\/\\\/newsinfoco.com.br\\\/inicio\\\/category\\\/brasil\\\/#listItem\",\"position\":2,\"name\":\"Brasil\",\"item\":\"https:\\\/\\\/newsinfoco.com.br\\\/inicio\\\/category\\\/brasil\\\/\",\"nextItem\":{\"@type\":\"ListItem\",\"@id\":\"https:\\\/\\\/newsinfoco.com.br\\\/inicio\\\/desenvoltura-de-mourao-desperta-a-ira-de-evangelicos\\\/#listItem\",\"name\":\"Desenvoltura de Mour\\u00e3o desperta a ira de evang\\u00e9licos\"},\"previousItem\":{\"@type\":\"ListItem\",\"@id\":\"https:\\\/\\\/newsinfoco.com.br\\\/inicio#listItem\",\"name\":\"In\\u00edcio\"}},{\"@type\":\"ListItem\",\"@id\":\"https:\\\/\\\/newsinfoco.com.br\\\/inicio\\\/desenvoltura-de-mourao-desperta-a-ira-de-evangelicos\\\/#listItem\",\"position\":3,\"name\":\"Desenvoltura de Mour\\u00e3o desperta a ira de evang\\u00e9licos\",\"previousItem\":{\"@type\":\"ListItem\",\"@id\":\"https:\\\/\\\/newsinfoco.com.br\\\/inicio\\\/category\\\/brasil\\\/#listItem\",\"name\":\"Brasil\"}}]},{\"@type\":\"Organization\",\"@id\":\"https:\\\/\\\/newsinfoco.com.br\\\/inicio\\\/#organization\",\"name\":\"News In Foco - Editado por Caio Pimenta\",\"description\":\"O principal site de noticias de Alagoinhas e regi\\u00e3o\",\"url\":\"https:\\\/\\\/newsinfoco.com.br\\\/inicio\\\/\"},{\"@type\":\"Person\",\"@id\":\"https:\\\/\\\/newsinfoco.com.br\\\/inicio\\\/author\\\/administrador\\\/#author\",\"url\":\"https:\\\/\\\/newsinfoco.com.br\\\/inicio\\\/author\\\/administrador\\\/\",\"name\":\"administrador\",\"image\":{\"@type\":\"ImageObject\",\"@id\":\"https:\\\/\\\/newsinfoco.com.br\\\/inicio\\\/desenvoltura-de-mourao-desperta-a-ira-de-evangelicos\\\/#authorImage\",\"url\":\"https:\\\/\\\/secure.gravatar.com\\\/avatar\\\/c17a617433de8c1dc9584bb79aab7563b46f5bb7e1728c9b17d9cc3ce6a08e49?s=96&d=mm&r=g\",\"width\":96,\"height\":96,\"caption\":\"administrador\"}},{\"@type\":\"WebPage\",\"@id\":\"https:\\\/\\\/newsinfoco.com.br\\\/inicio\\\/desenvoltura-de-mourao-desperta-a-ira-de-evangelicos\\\/#webpage\",\"url\":\"https:\\\/\\\/newsinfoco.com.br\\\/inicio\\\/desenvoltura-de-mourao-desperta-a-ira-de-evangelicos\\\/\",\"name\":\"Desenvoltura de Mour\\u00e3o desperta a ira de evang\\u00e9licos - News In Foco - Editado por Caio Pimenta\",\"description\":\"[sg_popup id=\\\"11418\\\" event=\\\"inherit\\\"][\\\/sg_popup]O discurso independente e a desenvoltura do vice-presidente Hamilton Mour\\u00e3o (PRTB) desgastaram a rela\\u00e7\\u00e3o do Pal\\u00e1cio do Planalto com o setor evang\\u00e9lico, considerado fundamental na elei\\u00e7\\u00e3o do presidente Jair Bolsonaro (PSL). Nos \\u00faltimos dias, l\\u00edderes de igrejas que durante a campanha apoiaram explicitamente o candidato do PSL e representantes do segmento no Congresso\",\"inLanguage\":\"pt-BR\",\"isPartOf\":{\"@id\":\"https:\\\/\\\/newsinfoco.com.br\\\/inicio\\\/#website\"},\"breadcrumb\":{\"@id\":\"https:\\\/\\\/newsinfoco.com.br\\\/inicio\\\/desenvoltura-de-mourao-desperta-a-ira-de-evangelicos\\\/#breadcrumblist\"},\"author\":{\"@id\":\"https:\\\/\\\/newsinfoco.com.br\\\/inicio\\\/author\\\/administrador\\\/#author\"},\"creator\":{\"@id\":\"https:\\\/\\\/newsinfoco.com.br\\\/inicio\\\/author\\\/administrador\\\/#author\"},\"image\":{\"@type\":\"ImageObject\",\"url\":\"https:\\\/\\\/newsinfoco.com.br\\\/inicio\\\/wp-content\\\/uploads\\\/2019\\\/01\\\/c312e07a5516e6ba895e79cea99896ef.jpg\",\"@id\":\"https:\\\/\\\/newsinfoco.com.br\\\/inicio\\\/desenvoltura-de-mourao-desperta-a-ira-de-evangelicos\\\/#mainImage\",\"width\":590,\"height\":320,\"caption\":\"Hamilt\\u00e3o Mour\\u00e3o\"},\"primaryImageOfPage\":{\"@id\":\"https:\\\/\\\/newsinfoco.com.br\\\/inicio\\\/desenvoltura-de-mourao-desperta-a-ira-de-evangelicos\\\/#mainImage\"},\"datePublished\":\"2019-02-10T13:30:36-02:00\",\"dateModified\":\"2019-02-10T13:30:36-02:00\"},{\"@type\":\"WebSite\",\"@id\":\"https:\\\/\\\/newsinfoco.com.br\\\/inicio\\\/#website\",\"url\":\"https:\\\/\\\/newsinfoco.com.br\\\/inicio\\\/\",\"name\":\"News In Foco - Editado por Caio Pimenta\",\"description\":\"O principal site de noticias de Alagoinhas e regi\\u00e3o\",\"inLanguage\":\"pt-BR\",\"publisher\":{\"@id\":\"https:\\\/\\\/newsinfoco.com.br\\\/inicio\\\/#organization\"}}]}\n\t\t<\/script>\n\t\t<!-- All in One SEO -->\n\n","aioseo_head_json":{"title":"Desenvoltura de Mour\u00e3o desperta a ira de evang\u00e9licos - News In Foco - Editado por Caio Pimenta","description":"[sg_popup id=\"11418\" event=\"inherit\"][\/sg_popup]O discurso independente e a desenvoltura do vice-presidente Hamilton Mour\u00e3o (PRTB) desgastaram a rela\u00e7\u00e3o do Pal\u00e1cio do Planalto com o setor evang\u00e9lico, considerado fundamental na elei\u00e7\u00e3o do presidente Jair Bolsonaro (PSL). Nos \u00faltimos dias, l\u00edderes de igrejas que durante a campanha apoiaram explicitamente o candidato do PSL e representantes do segmento no Congresso","canonical_url":"https:\/\/newsinfoco.com.br\/inicio\/desenvoltura-de-mourao-desperta-a-ira-de-evangelicos\/","robots":"max-image-preview:large","keywords":"","webmasterTools":{"miscellaneous":""},"schema":{"@context":"https:\/\/schema.org","@graph":[{"@type":"BlogPosting","@id":"https:\/\/newsinfoco.com.br\/inicio\/desenvoltura-de-mourao-desperta-a-ira-de-evangelicos\/#blogposting","name":"Desenvoltura de Mour\u00e3o desperta a ira de evang\u00e9licos - News In Foco - Editado por Caio Pimenta","headline":"Desenvoltura de Mour\u00e3o desperta a ira de evang\u00e9licos","author":{"@id":"https:\/\/newsinfoco.com.br\/inicio\/author\/administrador\/#author"},"publisher":{"@id":"https:\/\/newsinfoco.com.br\/inicio\/#organization"},"image":{"@type":"ImageObject","url":"https:\/\/newsinfoco.com.br\/inicio\/wp-content\/uploads\/2019\/01\/c312e07a5516e6ba895e79cea99896ef.jpg","width":590,"height":320,"caption":"Hamilt\u00e3o Mour\u00e3o"},"datePublished":"2019-02-10T13:30:36-02:00","dateModified":"2019-02-10T13:30:36-02:00","inLanguage":"pt-BR","mainEntityOfPage":{"@id":"https:\/\/newsinfoco.com.br\/inicio\/desenvoltura-de-mourao-desperta-a-ira-de-evangelicos\/#webpage"},"isPartOf":{"@id":"https:\/\/newsinfoco.com.br\/inicio\/desenvoltura-de-mourao-desperta-a-ira-de-evangelicos\/#webpage"},"articleSection":"Brasil"},{"@type":"BreadcrumbList","@id":"https:\/\/newsinfoco.com.br\/inicio\/desenvoltura-de-mourao-desperta-a-ira-de-evangelicos\/#breadcrumblist","itemListElement":[{"@type":"ListItem","@id":"https:\/\/newsinfoco.com.br\/inicio#listItem","position":1,"name":"In\u00edcio","item":"https:\/\/newsinfoco.com.br\/inicio","nextItem":{"@type":"ListItem","@id":"https:\/\/newsinfoco.com.br\/inicio\/category\/brasil\/#listItem","name":"Brasil"}},{"@type":"ListItem","@id":"https:\/\/newsinfoco.com.br\/inicio\/category\/brasil\/#listItem","position":2,"name":"Brasil","item":"https:\/\/newsinfoco.com.br\/inicio\/category\/brasil\/","nextItem":{"@type":"ListItem","@id":"https:\/\/newsinfoco.com.br\/inicio\/desenvoltura-de-mourao-desperta-a-ira-de-evangelicos\/#listItem","name":"Desenvoltura de Mour\u00e3o desperta a ira de evang\u00e9licos"},"previousItem":{"@type":"ListItem","@id":"https:\/\/newsinfoco.com.br\/inicio#listItem","name":"In\u00edcio"}},{"@type":"ListItem","@id":"https:\/\/newsinfoco.com.br\/inicio\/desenvoltura-de-mourao-desperta-a-ira-de-evangelicos\/#listItem","position":3,"name":"Desenvoltura de Mour\u00e3o desperta a ira de evang\u00e9licos","previousItem":{"@type":"ListItem","@id":"https:\/\/newsinfoco.com.br\/inicio\/category\/brasil\/#listItem","name":"Brasil"}}]},{"@type":"Organization","@id":"https:\/\/newsinfoco.com.br\/inicio\/#organization","name":"News In Foco - Editado por Caio Pimenta","description":"O principal site de noticias de Alagoinhas e regi\u00e3o","url":"https:\/\/newsinfoco.com.br\/inicio\/"},{"@type":"Person","@id":"https:\/\/newsinfoco.com.br\/inicio\/author\/administrador\/#author","url":"https:\/\/newsinfoco.com.br\/inicio\/author\/administrador\/","name":"administrador","image":{"@type":"ImageObject","@id":"https:\/\/newsinfoco.com.br\/inicio\/desenvoltura-de-mourao-desperta-a-ira-de-evangelicos\/#authorImage","url":"https:\/\/secure.gravatar.com\/avatar\/c17a617433de8c1dc9584bb79aab7563b46f5bb7e1728c9b17d9cc3ce6a08e49?s=96&d=mm&r=g","width":96,"height":96,"caption":"administrador"}},{"@type":"WebPage","@id":"https:\/\/newsinfoco.com.br\/inicio\/desenvoltura-de-mourao-desperta-a-ira-de-evangelicos\/#webpage","url":"https:\/\/newsinfoco.com.br\/inicio\/desenvoltura-de-mourao-desperta-a-ira-de-evangelicos\/","name":"Desenvoltura de Mour\u00e3o desperta a ira de evang\u00e9licos - News In Foco - Editado por Caio Pimenta","description":"[sg_popup id=\"11418\" event=\"inherit\"][\/sg_popup]O discurso independente e a desenvoltura do vice-presidente Hamilton Mour\u00e3o (PRTB) desgastaram a rela\u00e7\u00e3o do Pal\u00e1cio do Planalto com o setor evang\u00e9lico, considerado fundamental na elei\u00e7\u00e3o do presidente Jair Bolsonaro (PSL). Nos \u00faltimos dias, l\u00edderes de igrejas que durante a campanha apoiaram explicitamente o candidato do PSL e representantes do segmento no Congresso","inLanguage":"pt-BR","isPartOf":{"@id":"https:\/\/newsinfoco.com.br\/inicio\/#website"},"breadcrumb":{"@id":"https:\/\/newsinfoco.com.br\/inicio\/desenvoltura-de-mourao-desperta-a-ira-de-evangelicos\/#breadcrumblist"},"author":{"@id":"https:\/\/newsinfoco.com.br\/inicio\/author\/administrador\/#author"},"creator":{"@id":"https:\/\/newsinfoco.com.br\/inicio\/author\/administrador\/#author"},"image":{"@type":"ImageObject","url":"https:\/\/newsinfoco.com.br\/inicio\/wp-content\/uploads\/2019\/01\/c312e07a5516e6ba895e79cea99896ef.jpg","@id":"https:\/\/newsinfoco.com.br\/inicio\/desenvoltura-de-mourao-desperta-a-ira-de-evangelicos\/#mainImage","width":590,"height":320,"caption":"Hamilt\u00e3o Mour\u00e3o"},"primaryImageOfPage":{"@id":"https:\/\/newsinfoco.com.br\/inicio\/desenvoltura-de-mourao-desperta-a-ira-de-evangelicos\/#mainImage"},"datePublished":"2019-02-10T13:30:36-02:00","dateModified":"2019-02-10T13:30:36-02:00"},{"@type":"WebSite","@id":"https:\/\/newsinfoco.com.br\/inicio\/#website","url":"https:\/\/newsinfoco.com.br\/inicio\/","name":"News In Foco - Editado por Caio Pimenta","description":"O principal site de noticias de Alagoinhas e regi\u00e3o","inLanguage":"pt-BR","publisher":{"@id":"https:\/\/newsinfoco.com.br\/inicio\/#organization"}}]},"og:locale":"pt_BR","og:site_name":"News In Foco - Editado por Caio Pimenta - O principal site de noticias de Alagoinhas e regi\u00e3o","og:type":"article","og:title":"Desenvoltura de Mour\u00e3o desperta a ira de evang\u00e9licos - News In Foco - Editado por Caio Pimenta","og:description":"[sg_popup id=&quot;11418&quot; event=&quot;inherit&quot;][\/sg_popup]O discurso independente e a desenvoltura do vice-presidente Hamilton Mour\u00e3o (PRTB) desgastaram a rela\u00e7\u00e3o do Pal\u00e1cio do Planalto com o setor evang\u00e9lico, considerado fundamental na elei\u00e7\u00e3o do presidente Jair Bolsonaro (PSL). Nos \u00faltimos dias, l\u00edderes de igrejas que durante a campanha apoiaram explicitamente o candidato do PSL e representantes do segmento no Congresso","og:url":"https:\/\/newsinfoco.com.br\/inicio\/desenvoltura-de-mourao-desperta-a-ira-de-evangelicos\/","article:published_time":"2019-02-10T15:30:36+00:00","article:modified_time":"2019-02-10T15:30:36+00:00","twitter:card":"summary_large_image","twitter:title":"Desenvoltura de Mour\u00e3o desperta a ira de evang\u00e9licos - News In Foco - Editado por Caio Pimenta","twitter:description":"[sg_popup id=&quot;11418&quot; event=&quot;inherit&quot;][\/sg_popup]O discurso independente e a desenvoltura do vice-presidente Hamilton Mour\u00e3o (PRTB) desgastaram a rela\u00e7\u00e3o do Pal\u00e1cio do Planalto com o setor evang\u00e9lico, considerado fundamental na elei\u00e7\u00e3o do presidente Jair Bolsonaro (PSL). Nos \u00faltimos dias, l\u00edderes de igrejas que durante a campanha apoiaram explicitamente o candidato do PSL e representantes do segmento no Congresso"},"aioseo_meta_data":{"post_id":"13423","title":null,"description":null,"keywords":null,"keyphrases":null,"primary_term":null,"canonical_url":null,"og_title":null,"og_description":null,"og_object_type":"default","og_image_type":"default","og_image_url":null,"og_image_width":null,"og_image_height":null,"og_image_custom_url":null,"og_image_custom_fields":null,"og_video":null,"og_custom_url":null,"og_article_section":null,"og_article_tags":null,"twitter_use_og":false,"twitter_card":"default","twitter_image_type":"default","twitter_image_url":null,"twitter_image_custom_url":null,"twitter_image_custom_fields":null,"twitter_title":null,"twitter_description":null,"schema":{"blockGraphs":[],"customGraphs":[],"default":{"data":{"Article":[],"Course":[],"Dataset":[],"FAQPage":[],"Movie":[],"Person":[],"Product":[],"ProductReview":[],"Car":[],"Recipe":[],"Service":[],"SoftwareApplication":[],"WebPage":[]},"graphName":"","isEnabled":true},"graphs":[]},"schema_type":"default","schema_type_options":null,"pillar_content":false,"robots_default":true,"robots_noindex":false,"robots_noarchive":false,"robots_nosnippet":false,"robots_nofollow":false,"robots_noimageindex":false,"robots_noodp":false,"robots_notranslate":false,"robots_max_snippet":null,"robots_max_videopreview":null,"robots_max_imagepreview":"large","priority":null,"frequency":null,"local_seo":null,"breadcrumb_settings":null,"limit_modified_date":false,"ai":null,"created":"2023-06-12 12:22:46","updated":"2025-07-10 23:17:51","seo_analyzer_scan_date":null},"aioseo_breadcrumb":"<div class=\"aioseo-breadcrumbs\"><span class=\"aioseo-breadcrumb\">\n\t\t\t<a href=\"https:\/\/newsinfoco.com.br\/inicio\" title=\"In\u00edcio\">In\u00edcio<\/a>\n\t\t<\/span><span class=\"aioseo-breadcrumb-separator\">&raquo;<\/span><span class=\"aioseo-breadcrumb\">\n\t\t\t<a href=\"https:\/\/newsinfoco.com.br\/inicio\/category\/brasil\/\" title=\"Brasil\">Brasil<\/a>\n\t\t<\/span><span class=\"aioseo-breadcrumb-separator\">&raquo;<\/span><span class=\"aioseo-breadcrumb\">\n\t\t\tDesenvoltura de Mour\u00e3o desperta a ira de evang\u00e9licos\n\t\t<\/span><\/div>","aioseo_breadcrumb_json":[{"label":"In\u00edcio","link":"https:\/\/newsinfoco.com.br\/inicio"},{"label":"Brasil","link":"https:\/\/newsinfoco.com.br\/inicio\/category\/brasil\/"},{"label":"Desenvoltura de Mour\u00e3o desperta a ira de evang\u00e9licos","link":"https:\/\/newsinfoco.com.br\/inicio\/desenvoltura-de-mourao-desperta-a-ira-de-evangelicos\/"}],"_links":{"self":[{"href":"https:\/\/newsinfoco.com.br\/inicio\/wp-json\/wp\/v2\/posts\/13423","targetHints":{"allow":["GET"]}}],"collection":[{"href":"https:\/\/newsinfoco.com.br\/inicio\/wp-json\/wp\/v2\/posts"}],"about":[{"href":"https:\/\/newsinfoco.com.br\/inicio\/wp-json\/wp\/v2\/types\/post"}],"author":[{"embeddable":true,"href":"https:\/\/newsinfoco.com.br\/inicio\/wp-json\/wp\/v2\/users\/1"}],"replies":[{"embeddable":true,"href":"https:\/\/newsinfoco.com.br\/inicio\/wp-json\/wp\/v2\/comments?post=13423"}],"version-history":[{"count":0,"href":"https:\/\/newsinfoco.com.br\/inicio\/wp-json\/wp\/v2\/posts\/13423\/revisions"}],"wp:featuredmedia":[{"embeddable":true,"href":"https:\/\/newsinfoco.com.br\/inicio\/wp-json\/wp\/v2\/media\/12904"}],"wp:attachment":[{"href":"https:\/\/newsinfoco.com.br\/inicio\/wp-json\/wp\/v2\/media?parent=13423"}],"wp:term":[{"taxonomy":"category","embeddable":true,"href":"https:\/\/newsinfoco.com.br\/inicio\/wp-json\/wp\/v2\/categories?post=13423"},{"taxonomy":"post_tag","embeddable":true,"href":"https:\/\/newsinfoco.com.br\/inicio\/wp-json\/wp\/v2\/tags?post=13423"}],"curies":[{"name":"wp","href":"https:\/\/api.w.org\/{rel}","templated":true}]}}