{"id":13439,"date":"2019-02-10T21:38:45","date_gmt":"2019-02-10T23:38:45","guid":{"rendered":"http:\/\/newsinfoco.com.br\/?p=13439"},"modified":"2019-02-10T21:38:45","modified_gmt":"2019-02-10T23:38:45","slug":"prefeita-de-aracas-tem-contas-rejeitadas","status":"publish","type":"post","link":"https:\/\/newsinfoco.com.br\/inicio\/prefeita-de-aracas-tem-contas-rejeitadas\/","title":{"rendered":"Prefeita de Ara\u00e7\u00e1s tem contas rejeitadas"},"content":{"rendered":"<p style=\"text-align: justify;\">[sg_popup id=&#8221;11418&#8243; event=&#8221;inherit&#8221;][\/sg_popup]Na sess\u00e3o da \u00faltima quinta-feira (07\/02), o Tribunal de Contas dos Munic\u00edpios rejeitou as contas da Prefeitura de Ara\u00e7\u00e1s, da responsabilidade de Maria das Gra\u00e7as Trindade Leal, referentes ao exerc\u00edcio de 2017. O acompanhamento t\u00e9cnico apontou a contabiliza\u00e7\u00e3o de cr\u00e9ditos adicionais suplementares, no valor de R$803.502,86, sem autoriza\u00e7\u00e3o legislativa, o que comprometeu o m\u00e9rito das contas. Al\u00e9m disso, a prefeita n\u00e3o atendeu as obriga\u00e7\u00f5es constitucionais no que diz respeito a educa\u00e7\u00e3o e ao pagamento dos profissionais do magist\u00e9rio, com recursos do FUNDEB.<\/p>\n<p style=\"text-align: justify;\">A gestora aplicou 22,07% da receita na manuten\u00e7\u00e3o e desenvolvimento do ensino, quando o m\u00ednimo exigido \u00e9 25%. No pagamento da remunera\u00e7\u00e3o dos profissionais do magist\u00e9rio foi investido um total de 27,08% dos recursos advindos do FUNDEB, sendo o m\u00ednimo 60%. As a\u00e7\u00f5es e servi\u00e7os de sa\u00fade foram as \u00fanicas que atenderam os crit\u00e9rios, tendo sido aplicados 21,38% dos recursos espec\u00edficos, superando o percentual m\u00ednimo de 15%.<\/p>\n<p style=\"text-align: justify;\">A decis\u00e3o foi proferida ap\u00f3s apresenta\u00e7\u00e3o de voto divergente pelo conselheiro Pl\u00ednio Carneiro Filho, que havia pedido vistas do processo. O relator original do parecer, conselheiro substituto Ant\u00f4nio Emanuel de Souza, tamb\u00e9m opinou pela rejei\u00e7\u00e3o das contas, considerando que al\u00e9m da abertura irregular de cr\u00e9dito suplementar, ainda houve o descumprimento do \u00edndice de despesa com pessoal. Contudo, ap\u00f3s nova an\u00e1lise ficou provado que a gestora ainda tinha prazo para recondu\u00e7\u00e3o dos gastos ao percentual de 54%.<\/p>\n<p style=\"text-align: justify;\">A gestora foi multada em R$8 mil pelas demais irregularidades identificadas nos relat\u00f3rios. Tamb\u00e9m foram determinados ressarcimentos, nos montantes de R$18.945,07 e R$648,79, que correspondem, respectivamente, a sa\u00edda de dinheiro da conta espec\u00edfica do Fundeb sem documento correspondente e pagamento irregular de subs\u00eddios a secret\u00e1rios municipais.<\/p>\n<p style=\"text-align: justify;\">A receita arrecadada pelo munic\u00edpio alcan\u00e7ou o montante de R$39.395.049,55 e as despesas realizadas foram de R$39.520.184,35, o que indica um d\u00e9ficit or\u00e7ament\u00e1rio de R$125.134,80. A Administra\u00e7\u00e3o deve adotar medidas no sentido de promover o correto planejamento quanto \u00e0s estimativas de receita e despesa, no intuito de atender \u00e0s normas da Lei de Responsabilidade Fiscal.<\/p>\n<p style=\"text-align: justify;\">Entre as ressalvas, tamb\u00e9m foi destacada a intempestividade na apresenta\u00e7\u00e3o de processos licitat\u00f3rios e de pagamento; impropriedades encontradas nas licita\u00e7\u00f5es, dispensas e inexigibilidades de licita\u00e7\u00f5es; falhas em processos de pagamento; falhas na inser\u00e7\u00e3o de dados no sistema SIGA, do TCM; omiss\u00e3o da cobran\u00e7a da d\u00edvida ativa; despesas realizadas indevidamente com recursos do FUNDEB, em desvio de finalidade; aus\u00eancia de recolhimento de dois ressarcimentos imputados \u00e0 gestora das contas, no total de R$294.349,35; e omiss\u00e3o na cobran\u00e7a de multas e ressarcimentos imputados a agentes pol\u00edticos do munic\u00edpio.<\/p>\n<p style=\"text-align: justify;\">Cabe recurso da decis\u00e3o.<\/p>\n<div class='share-to-whatsapp-wrapper'><div class='share-on-whsp'>Share on: <\/div><a data-text='Prefeita de Ara\u00e7\u00e1s tem contas rejeitadas' data-link='https:\/\/newsinfoco.com.br\/inicio\/prefeita-de-aracas-tem-contas-rejeitadas\/' class='whatsapp-button whatsapp-share'>WhatsApp<\/a><div class='clear '><\/div><\/div>","protected":false},"excerpt":{"rendered":"<p>[sg_popup id=&#8221;11418&#8243; event=&#8221;inherit&#8221;][\/sg_popup]Na sess\u00e3o da \u00faltima quinta-feira (07\/02), o Tribunal de Contas dos Munic\u00edpios rejeitou as contas da Prefeitura de Ara\u00e7\u00e1s, da responsabilidade de Maria das Gra\u00e7as Trindade Leal, referentes ao exerc\u00edcio de 2017. O acompanhamento t\u00e9cnico apontou a contabiliza\u00e7\u00e3o de cr\u00e9ditos adicionais suplementares, no valor de R$803.502,86, sem autoriza\u00e7\u00e3o legislativa, o que comprometeu o [&hellip;]<\/p>\n","protected":false},"author":1,"featured_media":12014,"comment_status":"open","ping_status":"open","sticky":false,"template":"","format":"standard","meta":{"om_disable_all_campaigns":false,"rop_custom_images_group":[],"rop_custom_messages_group":[],"rop_publish_now":"initial","rop_publish_now_accounts":[],"rop_publish_now_history":[],"rop_publish_now_status":"pending","_exactmetrics_skip_tracking":false,"footnotes":""},"categories":[38,30],"tags":[],"class_list":["post-13439","post","type-post","status-publish","format-standard","has-post-thumbnail","hentry","category-alagoinhas-e-regiao","category-destaque"],"aioseo_notices":[],"aioseo_head":"\n\t\t<!-- All in One SEO 4.9.10 - aioseo.com -->\n\t<meta name=\"description\" content=\"[sg_popup id=&quot;11418&quot; event=&quot;inherit&quot;][\/sg_popup]Na sess\u00e3o da \u00faltima quinta-feira (07\/02), o Tribunal de Contas dos Munic\u00edpios rejeitou as contas da Prefeitura de Ara\u00e7\u00e1s, da responsabilidade de Maria das Gra\u00e7as Trindade Leal, referentes ao exerc\u00edcio de 2017. O acompanhamento t\u00e9cnico apontou a contabiliza\u00e7\u00e3o de cr\u00e9ditos adicionais suplementares, no valor de R$803.502,86, sem autoriza\u00e7\u00e3o legislativa, o que comprometeu o\" \/>\n\t<meta name=\"robots\" content=\"max-image-preview:large\" \/>\n\t<meta name=\"author\" content=\"administrador\"\/>\n\t<link rel=\"canonical\" href=\"https:\/\/newsinfoco.com.br\/inicio\/prefeita-de-aracas-tem-contas-rejeitadas\/\" \/>\n\t<meta name=\"generator\" content=\"All in One SEO (AIOSEO) 4.9.10\" \/>\n\t\t<meta property=\"og:locale\" content=\"pt_BR\" \/>\n\t\t<meta property=\"og:site_name\" content=\"News In Foco - Editado por Caio Pimenta - O principal site de noticias de Alagoinhas e regi\u00e3o\" \/>\n\t\t<meta property=\"og:type\" content=\"article\" \/>\n\t\t<meta property=\"og:title\" content=\"Prefeita de Ara\u00e7\u00e1s tem contas rejeitadas - News In Foco - Editado por Caio Pimenta\" \/>\n\t\t<meta property=\"og:description\" content=\"[sg_popup id=&quot;11418&quot; event=&quot;inherit&quot;][\/sg_popup]Na sess\u00e3o da \u00faltima quinta-feira (07\/02), o Tribunal de Contas dos Munic\u00edpios rejeitou as contas da Prefeitura de Ara\u00e7\u00e1s, da responsabilidade de Maria das Gra\u00e7as Trindade Leal, referentes ao exerc\u00edcio de 2017. O acompanhamento t\u00e9cnico apontou a contabiliza\u00e7\u00e3o de cr\u00e9ditos adicionais suplementares, no valor de R$803.502,86, sem autoriza\u00e7\u00e3o legislativa, o que comprometeu o\" \/>\n\t\t<meta property=\"og:url\" content=\"https:\/\/newsinfoco.com.br\/inicio\/prefeita-de-aracas-tem-contas-rejeitadas\/\" \/>\n\t\t<meta property=\"article:published_time\" content=\"2019-02-10T23:38:45+00:00\" \/>\n\t\t<meta property=\"article:modified_time\" content=\"2019-02-10T23:38:45+00:00\" \/>\n\t\t<meta name=\"twitter:card\" content=\"summary_large_image\" \/>\n\t\t<meta name=\"twitter:title\" content=\"Prefeita de Ara\u00e7\u00e1s tem contas rejeitadas - News In Foco - Editado por Caio Pimenta\" \/>\n\t\t<meta name=\"twitter:description\" content=\"[sg_popup id=&quot;11418&quot; event=&quot;inherit&quot;][\/sg_popup]Na sess\u00e3o da \u00faltima quinta-feira (07\/02), o Tribunal de Contas dos Munic\u00edpios rejeitou as contas da Prefeitura de Ara\u00e7\u00e1s, da responsabilidade de Maria das Gra\u00e7as Trindade Leal, referentes ao exerc\u00edcio de 2017. O acompanhamento t\u00e9cnico apontou a contabiliza\u00e7\u00e3o de cr\u00e9ditos adicionais suplementares, no valor de R$803.502,86, sem autoriza\u00e7\u00e3o legislativa, o que comprometeu o\" \/>\n\t\t<script type=\"application\/ld+json\" class=\"aioseo-schema\">\n\t\t\t{\"@context\":\"https:\\\/\\\/schema.org\",\"@graph\":[{\"@type\":\"BlogPosting\",\"@id\":\"https:\\\/\\\/newsinfoco.com.br\\\/inicio\\\/prefeita-de-aracas-tem-contas-rejeitadas\\\/#blogposting\",\"name\":\"Prefeita de Ara\\u00e7\\u00e1s tem contas rejeitadas - News In Foco - Editado por Caio Pimenta\",\"headline\":\"Prefeita de Ara\\u00e7\\u00e1s tem contas rejeitadas\",\"author\":{\"@id\":\"https:\\\/\\\/newsinfoco.com.br\\\/inicio\\\/author\\\/administrador\\\/#author\"},\"publisher\":{\"@id\":\"https:\\\/\\\/newsinfoco.com.br\\\/inicio\\\/#organization\"},\"image\":{\"@type\":\"ImageObject\",\"url\":\"https:\\\/\\\/newsinfoco.com.br\\\/inicio\\\/wp-content\\\/uploads\\\/2018\\\/12\\\/maria-das-gra\\u00e7as.jpg\",\"width\":640,\"height\":428,\"caption\":\"Prefeita de Ara\\u00e7\\u00e1s Maria das Gra\\u00e7as(PT)\"},\"datePublished\":\"2019-02-10T21:38:45-02:00\",\"dateModified\":\"2019-02-10T21:38:45-02:00\",\"inLanguage\":\"pt-BR\",\"mainEntityOfPage\":{\"@id\":\"https:\\\/\\\/newsinfoco.com.br\\\/inicio\\\/prefeita-de-aracas-tem-contas-rejeitadas\\\/#webpage\"},\"isPartOf\":{\"@id\":\"https:\\\/\\\/newsinfoco.com.br\\\/inicio\\\/prefeita-de-aracas-tem-contas-rejeitadas\\\/#webpage\"},\"articleSection\":\"Alagoinhas e Regi\\u00e3o, Destaque\"},{\"@type\":\"BreadcrumbList\",\"@id\":\"https:\\\/\\\/newsinfoco.com.br\\\/inicio\\\/prefeita-de-aracas-tem-contas-rejeitadas\\\/#breadcrumblist\",\"itemListElement\":[{\"@type\":\"ListItem\",\"@id\":\"https:\\\/\\\/newsinfoco.com.br\\\/inicio#listItem\",\"position\":1,\"name\":\"In\\u00edcio\",\"item\":\"https:\\\/\\\/newsinfoco.com.br\\\/inicio\",\"nextItem\":{\"@type\":\"ListItem\",\"@id\":\"https:\\\/\\\/newsinfoco.com.br\\\/inicio\\\/category\\\/destaque\\\/#listItem\",\"name\":\"Destaque\"}},{\"@type\":\"ListItem\",\"@id\":\"https:\\\/\\\/newsinfoco.com.br\\\/inicio\\\/category\\\/destaque\\\/#listItem\",\"position\":2,\"name\":\"Destaque\",\"item\":\"https:\\\/\\\/newsinfoco.com.br\\\/inicio\\\/category\\\/destaque\\\/\",\"nextItem\":{\"@type\":\"ListItem\",\"@id\":\"https:\\\/\\\/newsinfoco.com.br\\\/inicio\\\/prefeita-de-aracas-tem-contas-rejeitadas\\\/#listItem\",\"name\":\"Prefeita de Ara\\u00e7\\u00e1s tem contas rejeitadas\"},\"previousItem\":{\"@type\":\"ListItem\",\"@id\":\"https:\\\/\\\/newsinfoco.com.br\\\/inicio#listItem\",\"name\":\"In\\u00edcio\"}},{\"@type\":\"ListItem\",\"@id\":\"https:\\\/\\\/newsinfoco.com.br\\\/inicio\\\/prefeita-de-aracas-tem-contas-rejeitadas\\\/#listItem\",\"position\":3,\"name\":\"Prefeita de Ara\\u00e7\\u00e1s tem contas rejeitadas\",\"previousItem\":{\"@type\":\"ListItem\",\"@id\":\"https:\\\/\\\/newsinfoco.com.br\\\/inicio\\\/category\\\/destaque\\\/#listItem\",\"name\":\"Destaque\"}}]},{\"@type\":\"Organization\",\"@id\":\"https:\\\/\\\/newsinfoco.com.br\\\/inicio\\\/#organization\",\"name\":\"News In Foco - Editado por Caio Pimenta\",\"description\":\"O principal site de noticias de Alagoinhas e regi\\u00e3o\",\"url\":\"https:\\\/\\\/newsinfoco.com.br\\\/inicio\\\/\"},{\"@type\":\"Person\",\"@id\":\"https:\\\/\\\/newsinfoco.com.br\\\/inicio\\\/author\\\/administrador\\\/#author\",\"url\":\"https:\\\/\\\/newsinfoco.com.br\\\/inicio\\\/author\\\/administrador\\\/\",\"name\":\"administrador\",\"image\":{\"@type\":\"ImageObject\",\"@id\":\"https:\\\/\\\/newsinfoco.com.br\\\/inicio\\\/prefeita-de-aracas-tem-contas-rejeitadas\\\/#authorImage\",\"url\":\"https:\\\/\\\/secure.gravatar.com\\\/avatar\\\/c17a617433de8c1dc9584bb79aab7563b46f5bb7e1728c9b17d9cc3ce6a08e49?s=96&d=mm&r=g\",\"width\":96,\"height\":96,\"caption\":\"administrador\"}},{\"@type\":\"WebPage\",\"@id\":\"https:\\\/\\\/newsinfoco.com.br\\\/inicio\\\/prefeita-de-aracas-tem-contas-rejeitadas\\\/#webpage\",\"url\":\"https:\\\/\\\/newsinfoco.com.br\\\/inicio\\\/prefeita-de-aracas-tem-contas-rejeitadas\\\/\",\"name\":\"Prefeita de Ara\\u00e7\\u00e1s tem contas rejeitadas - News In Foco - Editado por Caio Pimenta\",\"description\":\"[sg_popup id=\\\"11418\\\" event=\\\"inherit\\\"][\\\/sg_popup]Na sess\\u00e3o da \\u00faltima quinta-feira (07\\\/02), o Tribunal de Contas dos Munic\\u00edpios rejeitou as contas da Prefeitura de Ara\\u00e7\\u00e1s, da responsabilidade de Maria das Gra\\u00e7as Trindade Leal, referentes ao exerc\\u00edcio de 2017. O acompanhamento t\\u00e9cnico apontou a contabiliza\\u00e7\\u00e3o de cr\\u00e9ditos adicionais suplementares, no valor de R$803.502,86, sem autoriza\\u00e7\\u00e3o legislativa, o que comprometeu o\",\"inLanguage\":\"pt-BR\",\"isPartOf\":{\"@id\":\"https:\\\/\\\/newsinfoco.com.br\\\/inicio\\\/#website\"},\"breadcrumb\":{\"@id\":\"https:\\\/\\\/newsinfoco.com.br\\\/inicio\\\/prefeita-de-aracas-tem-contas-rejeitadas\\\/#breadcrumblist\"},\"author\":{\"@id\":\"https:\\\/\\\/newsinfoco.com.br\\\/inicio\\\/author\\\/administrador\\\/#author\"},\"creator\":{\"@id\":\"https:\\\/\\\/newsinfoco.com.br\\\/inicio\\\/author\\\/administrador\\\/#author\"},\"image\":{\"@type\":\"ImageObject\",\"url\":\"https:\\\/\\\/newsinfoco.com.br\\\/inicio\\\/wp-content\\\/uploads\\\/2018\\\/12\\\/maria-das-gra\\u00e7as.jpg\",\"@id\":\"https:\\\/\\\/newsinfoco.com.br\\\/inicio\\\/prefeita-de-aracas-tem-contas-rejeitadas\\\/#mainImage\",\"width\":640,\"height\":428,\"caption\":\"Prefeita de Ara\\u00e7\\u00e1s Maria das Gra\\u00e7as(PT)\"},\"primaryImageOfPage\":{\"@id\":\"https:\\\/\\\/newsinfoco.com.br\\\/inicio\\\/prefeita-de-aracas-tem-contas-rejeitadas\\\/#mainImage\"},\"datePublished\":\"2019-02-10T21:38:45-02:00\",\"dateModified\":\"2019-02-10T21:38:45-02:00\"},{\"@type\":\"WebSite\",\"@id\":\"https:\\\/\\\/newsinfoco.com.br\\\/inicio\\\/#website\",\"url\":\"https:\\\/\\\/newsinfoco.com.br\\\/inicio\\\/\",\"name\":\"News In Foco - Editado por Caio Pimenta\",\"description\":\"O principal site de noticias de Alagoinhas e regi\\u00e3o\",\"inLanguage\":\"pt-BR\",\"publisher\":{\"@id\":\"https:\\\/\\\/newsinfoco.com.br\\\/inicio\\\/#organization\"}}]}\n\t\t<\/script>\n\t\t<!-- All in One SEO -->\n\n","aioseo_head_json":{"title":"Prefeita de Ara\u00e7\u00e1s tem contas rejeitadas - News In Foco - Editado por Caio Pimenta","description":"[sg_popup id=\"11418\" event=\"inherit\"][\/sg_popup]Na sess\u00e3o da \u00faltima quinta-feira (07\/02), o Tribunal de Contas dos Munic\u00edpios rejeitou as contas da Prefeitura de Ara\u00e7\u00e1s, da responsabilidade de Maria das Gra\u00e7as Trindade Leal, referentes ao exerc\u00edcio de 2017. O acompanhamento t\u00e9cnico apontou a contabiliza\u00e7\u00e3o de cr\u00e9ditos adicionais suplementares, no valor de R$803.502,86, sem autoriza\u00e7\u00e3o legislativa, o que comprometeu o","canonical_url":"https:\/\/newsinfoco.com.br\/inicio\/prefeita-de-aracas-tem-contas-rejeitadas\/","robots":"max-image-preview:large","keywords":"","webmasterTools":{"miscellaneous":""},"schema":{"@context":"https:\/\/schema.org","@graph":[{"@type":"BlogPosting","@id":"https:\/\/newsinfoco.com.br\/inicio\/prefeita-de-aracas-tem-contas-rejeitadas\/#blogposting","name":"Prefeita de Ara\u00e7\u00e1s tem contas rejeitadas - News In Foco - Editado por Caio Pimenta","headline":"Prefeita de Ara\u00e7\u00e1s tem contas rejeitadas","author":{"@id":"https:\/\/newsinfoco.com.br\/inicio\/author\/administrador\/#author"},"publisher":{"@id":"https:\/\/newsinfoco.com.br\/inicio\/#organization"},"image":{"@type":"ImageObject","url":"https:\/\/newsinfoco.com.br\/inicio\/wp-content\/uploads\/2018\/12\/maria-das-gra\u00e7as.jpg","width":640,"height":428,"caption":"Prefeita de Ara\u00e7\u00e1s Maria das Gra\u00e7as(PT)"},"datePublished":"2019-02-10T21:38:45-02:00","dateModified":"2019-02-10T21:38:45-02:00","inLanguage":"pt-BR","mainEntityOfPage":{"@id":"https:\/\/newsinfoco.com.br\/inicio\/prefeita-de-aracas-tem-contas-rejeitadas\/#webpage"},"isPartOf":{"@id":"https:\/\/newsinfoco.com.br\/inicio\/prefeita-de-aracas-tem-contas-rejeitadas\/#webpage"},"articleSection":"Alagoinhas e Regi\u00e3o, Destaque"},{"@type":"BreadcrumbList","@id":"https:\/\/newsinfoco.com.br\/inicio\/prefeita-de-aracas-tem-contas-rejeitadas\/#breadcrumblist","itemListElement":[{"@type":"ListItem","@id":"https:\/\/newsinfoco.com.br\/inicio#listItem","position":1,"name":"In\u00edcio","item":"https:\/\/newsinfoco.com.br\/inicio","nextItem":{"@type":"ListItem","@id":"https:\/\/newsinfoco.com.br\/inicio\/category\/destaque\/#listItem","name":"Destaque"}},{"@type":"ListItem","@id":"https:\/\/newsinfoco.com.br\/inicio\/category\/destaque\/#listItem","position":2,"name":"Destaque","item":"https:\/\/newsinfoco.com.br\/inicio\/category\/destaque\/","nextItem":{"@type":"ListItem","@id":"https:\/\/newsinfoco.com.br\/inicio\/prefeita-de-aracas-tem-contas-rejeitadas\/#listItem","name":"Prefeita de Ara\u00e7\u00e1s tem contas rejeitadas"},"previousItem":{"@type":"ListItem","@id":"https:\/\/newsinfoco.com.br\/inicio#listItem","name":"In\u00edcio"}},{"@type":"ListItem","@id":"https:\/\/newsinfoco.com.br\/inicio\/prefeita-de-aracas-tem-contas-rejeitadas\/#listItem","position":3,"name":"Prefeita de Ara\u00e7\u00e1s tem contas rejeitadas","previousItem":{"@type":"ListItem","@id":"https:\/\/newsinfoco.com.br\/inicio\/category\/destaque\/#listItem","name":"Destaque"}}]},{"@type":"Organization","@id":"https:\/\/newsinfoco.com.br\/inicio\/#organization","name":"News In Foco - Editado por Caio Pimenta","description":"O principal site de noticias de Alagoinhas e regi\u00e3o","url":"https:\/\/newsinfoco.com.br\/inicio\/"},{"@type":"Person","@id":"https:\/\/newsinfoco.com.br\/inicio\/author\/administrador\/#author","url":"https:\/\/newsinfoco.com.br\/inicio\/author\/administrador\/","name":"administrador","image":{"@type":"ImageObject","@id":"https:\/\/newsinfoco.com.br\/inicio\/prefeita-de-aracas-tem-contas-rejeitadas\/#authorImage","url":"https:\/\/secure.gravatar.com\/avatar\/c17a617433de8c1dc9584bb79aab7563b46f5bb7e1728c9b17d9cc3ce6a08e49?s=96&d=mm&r=g","width":96,"height":96,"caption":"administrador"}},{"@type":"WebPage","@id":"https:\/\/newsinfoco.com.br\/inicio\/prefeita-de-aracas-tem-contas-rejeitadas\/#webpage","url":"https:\/\/newsinfoco.com.br\/inicio\/prefeita-de-aracas-tem-contas-rejeitadas\/","name":"Prefeita de Ara\u00e7\u00e1s tem contas rejeitadas - News In Foco - Editado por Caio Pimenta","description":"[sg_popup id=\"11418\" event=\"inherit\"][\/sg_popup]Na sess\u00e3o da \u00faltima quinta-feira (07\/02), o Tribunal de Contas dos Munic\u00edpios rejeitou as contas da Prefeitura de Ara\u00e7\u00e1s, da responsabilidade de Maria das Gra\u00e7as Trindade Leal, referentes ao exerc\u00edcio de 2017. O acompanhamento t\u00e9cnico apontou a contabiliza\u00e7\u00e3o de cr\u00e9ditos adicionais suplementares, no valor de R$803.502,86, sem autoriza\u00e7\u00e3o legislativa, o que comprometeu o","inLanguage":"pt-BR","isPartOf":{"@id":"https:\/\/newsinfoco.com.br\/inicio\/#website"},"breadcrumb":{"@id":"https:\/\/newsinfoco.com.br\/inicio\/prefeita-de-aracas-tem-contas-rejeitadas\/#breadcrumblist"},"author":{"@id":"https:\/\/newsinfoco.com.br\/inicio\/author\/administrador\/#author"},"creator":{"@id":"https:\/\/newsinfoco.com.br\/inicio\/author\/administrador\/#author"},"image":{"@type":"ImageObject","url":"https:\/\/newsinfoco.com.br\/inicio\/wp-content\/uploads\/2018\/12\/maria-das-gra\u00e7as.jpg","@id":"https:\/\/newsinfoco.com.br\/inicio\/prefeita-de-aracas-tem-contas-rejeitadas\/#mainImage","width":640,"height":428,"caption":"Prefeita de Ara\u00e7\u00e1s Maria das Gra\u00e7as(PT)"},"primaryImageOfPage":{"@id":"https:\/\/newsinfoco.com.br\/inicio\/prefeita-de-aracas-tem-contas-rejeitadas\/#mainImage"},"datePublished":"2019-02-10T21:38:45-02:00","dateModified":"2019-02-10T21:38:45-02:00"},{"@type":"WebSite","@id":"https:\/\/newsinfoco.com.br\/inicio\/#website","url":"https:\/\/newsinfoco.com.br\/inicio\/","name":"News In Foco - Editado por Caio Pimenta","description":"O principal site de noticias de Alagoinhas e regi\u00e3o","inLanguage":"pt-BR","publisher":{"@id":"https:\/\/newsinfoco.com.br\/inicio\/#organization"}}]},"og:locale":"pt_BR","og:site_name":"News In Foco - Editado por Caio Pimenta - O principal site de noticias de Alagoinhas e regi\u00e3o","og:type":"article","og:title":"Prefeita de Ara\u00e7\u00e1s tem contas rejeitadas - News In Foco - Editado por Caio Pimenta","og:description":"[sg_popup id=&quot;11418&quot; event=&quot;inherit&quot;][\/sg_popup]Na sess\u00e3o da \u00faltima quinta-feira (07\/02), o Tribunal de Contas dos Munic\u00edpios rejeitou as contas da Prefeitura de Ara\u00e7\u00e1s, da responsabilidade de Maria das Gra\u00e7as Trindade Leal, referentes ao exerc\u00edcio de 2017. O acompanhamento t\u00e9cnico apontou a contabiliza\u00e7\u00e3o de cr\u00e9ditos adicionais suplementares, no valor de R$803.502,86, sem autoriza\u00e7\u00e3o legislativa, o que comprometeu o","og:url":"https:\/\/newsinfoco.com.br\/inicio\/prefeita-de-aracas-tem-contas-rejeitadas\/","article:published_time":"2019-02-10T23:38:45+00:00","article:modified_time":"2019-02-10T23:38:45+00:00","twitter:card":"summary_large_image","twitter:title":"Prefeita de Ara\u00e7\u00e1s tem contas rejeitadas - News In Foco - Editado por Caio Pimenta","twitter:description":"[sg_popup id=&quot;11418&quot; event=&quot;inherit&quot;][\/sg_popup]Na sess\u00e3o da \u00faltima quinta-feira (07\/02), o Tribunal de Contas dos Munic\u00edpios rejeitou as contas da Prefeitura de Ara\u00e7\u00e1s, da responsabilidade de Maria das Gra\u00e7as Trindade Leal, referentes ao exerc\u00edcio de 2017. O acompanhamento t\u00e9cnico apontou a contabiliza\u00e7\u00e3o de cr\u00e9ditos adicionais suplementares, no valor de R$803.502,86, sem autoriza\u00e7\u00e3o legislativa, o que comprometeu o"},"aioseo_meta_data":{"post_id":"13439","title":null,"description":null,"keywords":null,"keyphrases":null,"primary_term":null,"canonical_url":null,"og_title":null,"og_description":null,"og_object_type":"default","og_image_type":"default","og_image_url":null,"og_image_width":null,"og_image_height":null,"og_image_custom_url":null,"og_image_custom_fields":null,"og_video":null,"og_custom_url":null,"og_article_section":null,"og_article_tags":null,"twitter_use_og":false,"twitter_card":"default","twitter_image_type":"default","twitter_image_url":null,"twitter_image_custom_url":null,"twitter_image_custom_fields":null,"twitter_title":null,"twitter_description":null,"schema":{"blockGraphs":[],"customGraphs":[],"default":{"data":{"Article":[],"Course":[],"Dataset":[],"FAQPage":[],"Movie":[],"Person":[],"Product":[],"ProductReview":[],"Car":[],"Recipe":[],"Service":[],"SoftwareApplication":[],"WebPage":[]},"graphName":"","isEnabled":true},"graphs":[]},"schema_type":"default","schema_type_options":null,"pillar_content":false,"robots_default":true,"robots_noindex":false,"robots_noarchive":false,"robots_nosnippet":false,"robots_nofollow":false,"robots_noimageindex":false,"robots_noodp":false,"robots_notranslate":false,"robots_max_snippet":null,"robots_max_videopreview":null,"robots_max_imagepreview":"large","priority":null,"frequency":null,"local_seo":null,"breadcrumb_settings":null,"limit_modified_date":false,"ai":null,"created":"2023-06-12 12:22:46","updated":"2025-07-10 23:19:06","seo_analyzer_scan_date":null},"aioseo_breadcrumb":"<div class=\"aioseo-breadcrumbs\"><span class=\"aioseo-breadcrumb\">\n\t\t\t<a href=\"https:\/\/newsinfoco.com.br\/inicio\" title=\"In\u00edcio\">In\u00edcio<\/a>\n\t\t<\/span><span class=\"aioseo-breadcrumb-separator\">&raquo;<\/span><span class=\"aioseo-breadcrumb\">\n\t\t\t<a href=\"https:\/\/newsinfoco.com.br\/inicio\/category\/destaque\/\" title=\"Destaque\">Destaque<\/a>\n\t\t<\/span><span class=\"aioseo-breadcrumb-separator\">&raquo;<\/span><span class=\"aioseo-breadcrumb\">\n\t\t\tPrefeita de Ara\u00e7\u00e1s tem contas rejeitadas\n\t\t<\/span><\/div>","aioseo_breadcrumb_json":[{"label":"In\u00edcio","link":"https:\/\/newsinfoco.com.br\/inicio"},{"label":"Destaque","link":"https:\/\/newsinfoco.com.br\/inicio\/category\/destaque\/"},{"label":"Prefeita de Ara\u00e7\u00e1s tem contas rejeitadas","link":"https:\/\/newsinfoco.com.br\/inicio\/prefeita-de-aracas-tem-contas-rejeitadas\/"}],"_links":{"self":[{"href":"https:\/\/newsinfoco.com.br\/inicio\/wp-json\/wp\/v2\/posts\/13439","targetHints":{"allow":["GET"]}}],"collection":[{"href":"https:\/\/newsinfoco.com.br\/inicio\/wp-json\/wp\/v2\/posts"}],"about":[{"href":"https:\/\/newsinfoco.com.br\/inicio\/wp-json\/wp\/v2\/types\/post"}],"author":[{"embeddable":true,"href":"https:\/\/newsinfoco.com.br\/inicio\/wp-json\/wp\/v2\/users\/1"}],"replies":[{"embeddable":true,"href":"https:\/\/newsinfoco.com.br\/inicio\/wp-json\/wp\/v2\/comments?post=13439"}],"version-history":[{"count":0,"href":"https:\/\/newsinfoco.com.br\/inicio\/wp-json\/wp\/v2\/posts\/13439\/revisions"}],"wp:featuredmedia":[{"embeddable":true,"href":"https:\/\/newsinfoco.com.br\/inicio\/wp-json\/wp\/v2\/media\/12014"}],"wp:attachment":[{"href":"https:\/\/newsinfoco.com.br\/inicio\/wp-json\/wp\/v2\/media?parent=13439"}],"wp:term":[{"taxonomy":"category","embeddable":true,"href":"https:\/\/newsinfoco.com.br\/inicio\/wp-json\/wp\/v2\/categories?post=13439"},{"taxonomy":"post_tag","embeddable":true,"href":"https:\/\/newsinfoco.com.br\/inicio\/wp-json\/wp\/v2\/tags?post=13439"}],"curies":[{"name":"wp","href":"https:\/\/api.w.org\/{rel}","templated":true}]}}