{"id":13444,"date":"2019-02-11T19:27:34","date_gmt":"2019-02-11T21:27:34","guid":{"rendered":"http:\/\/newsinfoco.com.br\/?p=13444"},"modified":"2019-02-11T19:27:34","modified_gmt":"2019-02-11T21:27:34","slug":"pt-nega-que-traiu-maia-durante-eleicoes-para-presidencia-da-camara","status":"publish","type":"post","link":"https:\/\/newsinfoco.com.br\/inicio\/pt-nega-que-traiu-maia-durante-eleicoes-para-presidencia-da-camara\/","title":{"rendered":"PT nega que traiu Maia durante elei\u00e7\u00f5es para presid\u00eancia da C\u00e2mara"},"content":{"rendered":"<p style=\"text-align: justify;\">[sg_popup id=&#8221;11418&#8243; event=&#8221;inherit&#8221;][\/sg_popup]O l\u00edder do PT na C\u00e2mara, Paulo Pimenta, nega que o partido traiu Rodrigo Maia (DEM-RJ) ao n\u00e3o integrar o amplo bloco que apoiou sua reelei\u00e7\u00e3o \u00e0 presid\u00eancia da C\u00e2mara dos Deputados, no dia 1 de fevereiro.<\/p>\n<p style=\"text-align: justify;\">Em entrevista ao Estad\u00e3o\/Broadcast neste fim de semana, Maia afirmou que o PT tinha feito um acordo com ele. \u201cNa verdade, se algu\u00e9m ali foi tra\u00eddo, fui eu. Eles vieram aqui em casa. Mas eu disse que eu ia trazer o PSL antes porque n\u00e3o podia ser candidato de oposi\u00e7\u00e3o. Eles falaram que n\u00e3o tinha problema nenhum. \u2018Voc\u00ea traz o PSL e depois a gente vem.\u2019 Ent\u00e3o, se algu\u00e9m traiu ali, foi o PT\u201d, disse Maia na entrevista.<\/p>\n<p style=\"text-align: justify;\">Pimenta diz que esse acordo nunca foi de fato fechado e que o partido decidiu n\u00e3o endossar a reelei\u00e7\u00e3o de Maia justamente depois que alian\u00e7a entre o demista e partido de Jair Bolsonaro come\u00e7ou a se desenhar. \u201cSe cogitou a possibilidade de uma discuss\u00e3o de natureza institucional do partido ter dentro da Casa, um espa\u00e7o proporcional ao seu tamanho\u201d, disse Pimenta. Segundo ele, esse acordo n\u00e3o envolvia incluir pautas e conte\u00fados. \u201cQuando Maia chamou o PSL, ele n\u00e3o chamou como uma quest\u00e3o institucional. \u00c9 uma pauta. Envolvia Comiss\u00e3o de Constitui\u00e7\u00e3o, Justi\u00e7a e Cidadania, de Fiscaliza\u00e7\u00e3o e Controle, acordo sobre pautas de vota\u00e7\u00e3o. Evidentemente que quando ele faz isso, ele impede qualquer discuss\u00e3o de natureza institucional\u201d, afirmou Pimenta. O l\u00edder do PT acredita ainda que Maia se envolveu na disputa sobre o desenho da oposi\u00e7\u00e3o.<\/p>\n<p style=\"text-align: justify;\">O presidente da Casa conseguiu consolidar alian\u00e7as inclusive com PDT e PCdoB para sua reelei\u00e7\u00e3o. Ao fechar os blocos partid\u00e1rios na C\u00e2mara, no entanto, houve uma subdivis\u00e3o entre todas as legendas que davam base a Maia, que criaram dois grupos e abocaram as principais posi\u00e7\u00f5es na Casa, na Mesa Diretora e Comiss\u00f5es. \u201cAcho que o Maia errou de novo quando ele se envolveu na disputa sobre o desenho da oposi\u00e7\u00e3o no Brasil\u201d, disse Pimenta. \u201cEle perdeu mais uma vez a possibilidade de ter uma postura institucional como presidente. Ele tentou criar um bloco fake e qual objetivo? De tirar da oposi\u00e7\u00e3o o direito de ter o segundo maior bloco da Casa? De novo ele errou\u201d, disse.<\/p>\n<p style=\"text-align: justify;\">Divididos em dois blocos, os partidos da esquerda come\u00e7aram uma disputa pelas lideran\u00e7as da oposi\u00e7\u00e3o e minoria na C\u00e2mara. O bloco formado por PT\/PSB\/PSOL\/Rede quer ficar com ambas as estruturas, mas se v\u00ea amea\u00e7ado pelo PDT e PCdoB, que formaram um grupo com outras sete legendas para garantir espa\u00e7os na Mesa Diretora e a lideran\u00e7a de comiss\u00f5es. As lideran\u00e7as da minoria e da oposi\u00e7\u00e3o s\u00e3o disputadas, porque al\u00e9m de proporcionarem estrutura com gabinete e funcion\u00e1rios, d\u00e1 aos seus titulares prerrogativas como participar das reuni\u00f5es do Col\u00e9gio de L\u00edderes, encaminhar vota\u00e7\u00f5es, prioridade em discursos e visibilidade. Segundo Pimenta, a defini\u00e7\u00e3o sobre essas lideran\u00e7as ainda est\u00e1 sendo discutida e deve ser resolvida entre os partidos de esquerda dos dois blocos nesta semana.<\/p>\n<p style=\"text-align: right;\">Estadao<\/p>\n<div class='share-to-whatsapp-wrapper'><div class='share-on-whsp'>Share on: <\/div><a data-text='PT nega que traiu Maia durante elei\u00e7\u00f5es para presid\u00eancia da C\u00e2mara' data-link='https:\/\/newsinfoco.com.br\/inicio\/pt-nega-que-traiu-maia-durante-eleicoes-para-presidencia-da-camara\/' class='whatsapp-button whatsapp-share'>WhatsApp<\/a><div class='clear '><\/div><\/div>","protected":false},"excerpt":{"rendered":"<p>[sg_popup id=&#8221;11418&#8243; event=&#8221;inherit&#8221;][\/sg_popup]O l\u00edder do PT na C\u00e2mara, Paulo Pimenta, nega que o partido traiu Rodrigo Maia (DEM-RJ) ao n\u00e3o integrar o amplo bloco que apoiou sua reelei\u00e7\u00e3o \u00e0 presid\u00eancia da C\u00e2mara dos Deputados, no dia 1 de fevereiro. Em entrevista ao Estad\u00e3o\/Broadcast neste fim de semana, Maia afirmou que o PT tinha feito um [&hellip;]<\/p>\n","protected":false},"author":1,"featured_media":13445,"comment_status":"open","ping_status":"open","sticky":false,"template":"","format":"standard","meta":{"om_disable_all_campaigns":false,"rop_custom_images_group":[],"rop_custom_messages_group":[],"rop_publish_now":"initial","rop_publish_now_accounts":[],"rop_publish_now_history":[],"rop_publish_now_status":"pending","_exactmetrics_skip_tracking":false,"footnotes":""},"categories":[21],"tags":[],"class_list":["post-13444","post","type-post","status-publish","format-standard","has-post-thumbnail","hentry","category-brasil"],"aioseo_notices":[],"aioseo_head":"\n\t\t<!-- All in One SEO 4.9.10 - aioseo.com -->\n\t<meta name=\"description\" content=\"[sg_popup id=&quot;11418&quot; event=&quot;inherit&quot;][\/sg_popup]O l\u00edder do PT na C\u00e2mara, Paulo Pimenta, nega que o partido traiu Rodrigo Maia (DEM-RJ) ao n\u00e3o integrar o amplo bloco que apoiou sua reelei\u00e7\u00e3o \u00e0 presid\u00eancia da C\u00e2mara dos Deputados, no dia 1 de fevereiro. Em entrevista ao Estad\u00e3o\/Broadcast neste fim de semana, Maia afirmou que o PT tinha feito um\" \/>\n\t<meta name=\"robots\" content=\"max-image-preview:large\" \/>\n\t<meta name=\"author\" content=\"administrador\"\/>\n\t<link rel=\"canonical\" href=\"https:\/\/newsinfoco.com.br\/inicio\/pt-nega-que-traiu-maia-durante-eleicoes-para-presidencia-da-camara\/\" \/>\n\t<meta name=\"generator\" content=\"All in One SEO (AIOSEO) 4.9.10\" \/>\n\t\t<meta property=\"og:locale\" content=\"pt_BR\" \/>\n\t\t<meta property=\"og:site_name\" content=\"News In Foco - Editado por Caio Pimenta - O principal site de noticias de Alagoinhas e regi\u00e3o\" \/>\n\t\t<meta property=\"og:type\" content=\"article\" \/>\n\t\t<meta property=\"og:title\" content=\"PT nega que traiu Maia durante elei\u00e7\u00f5es para presid\u00eancia da C\u00e2mara - News In Foco - Editado por Caio Pimenta\" \/>\n\t\t<meta property=\"og:description\" content=\"[sg_popup id=&quot;11418&quot; event=&quot;inherit&quot;][\/sg_popup]O l\u00edder do PT na C\u00e2mara, Paulo Pimenta, nega que o partido traiu Rodrigo Maia (DEM-RJ) ao n\u00e3o integrar o amplo bloco que apoiou sua reelei\u00e7\u00e3o \u00e0 presid\u00eancia da C\u00e2mara dos Deputados, no dia 1 de fevereiro. Em entrevista ao Estad\u00e3o\/Broadcast neste fim de semana, Maia afirmou que o PT tinha feito um\" \/>\n\t\t<meta property=\"og:url\" content=\"https:\/\/newsinfoco.com.br\/inicio\/pt-nega-que-traiu-maia-durante-eleicoes-para-presidencia-da-camara\/\" \/>\n\t\t<meta property=\"article:published_time\" content=\"2019-02-11T21:27:34+00:00\" \/>\n\t\t<meta property=\"article:modified_time\" content=\"2019-02-11T21:27:34+00:00\" \/>\n\t\t<meta name=\"twitter:card\" content=\"summary_large_image\" \/>\n\t\t<meta name=\"twitter:title\" content=\"PT nega que traiu Maia durante elei\u00e7\u00f5es para presid\u00eancia da C\u00e2mara - News In Foco - Editado por Caio Pimenta\" \/>\n\t\t<meta name=\"twitter:description\" content=\"[sg_popup id=&quot;11418&quot; event=&quot;inherit&quot;][\/sg_popup]O l\u00edder do PT na C\u00e2mara, Paulo Pimenta, nega que o partido traiu Rodrigo Maia (DEM-RJ) ao n\u00e3o integrar o amplo bloco que apoiou sua reelei\u00e7\u00e3o \u00e0 presid\u00eancia da C\u00e2mara dos Deputados, no dia 1 de fevereiro. Em entrevista ao Estad\u00e3o\/Broadcast neste fim de semana, Maia afirmou que o PT tinha feito um\" \/>\n\t\t<script type=\"application\/ld+json\" class=\"aioseo-schema\">\n\t\t\t{\"@context\":\"https:\\\/\\\/schema.org\",\"@graph\":[{\"@type\":\"BlogPosting\",\"@id\":\"https:\\\/\\\/newsinfoco.com.br\\\/inicio\\\/pt-nega-que-traiu-maia-durante-eleicoes-para-presidencia-da-camara\\\/#blogposting\",\"name\":\"PT nega que traiu Maia durante elei\\u00e7\\u00f5es para presid\\u00eancia da C\\u00e2mara - News In Foco - Editado por Caio Pimenta\",\"headline\":\"PT nega que traiu Maia durante elei\\u00e7\\u00f5es para presid\\u00eancia da C\\u00e2mara\",\"author\":{\"@id\":\"https:\\\/\\\/newsinfoco.com.br\\\/inicio\\\/author\\\/administrador\\\/#author\"},\"publisher\":{\"@id\":\"https:\\\/\\\/newsinfoco.com.br\\\/inicio\\\/#organization\"},\"image\":{\"@type\":\"ImageObject\",\"url\":\"https:\\\/\\\/newsinfoco.com.br\\\/inicio\\\/wp-content\\\/uploads\\\/2019\\\/02\\\/88305466fc288912f2bea8e3ed83c041.jpg\",\"width\":590,\"height\":320,\"caption\":\"Maia \\u00e9 parabenizado por colegas da C\\u00e2mara ap\\u00f3s ser reeleito para ocupar a presid\\u00eancia da Casa\"},\"datePublished\":\"2019-02-11T19:27:34-02:00\",\"dateModified\":\"2019-02-11T19:27:34-02:00\",\"inLanguage\":\"pt-BR\",\"mainEntityOfPage\":{\"@id\":\"https:\\\/\\\/newsinfoco.com.br\\\/inicio\\\/pt-nega-que-traiu-maia-durante-eleicoes-para-presidencia-da-camara\\\/#webpage\"},\"isPartOf\":{\"@id\":\"https:\\\/\\\/newsinfoco.com.br\\\/inicio\\\/pt-nega-que-traiu-maia-durante-eleicoes-para-presidencia-da-camara\\\/#webpage\"},\"articleSection\":\"Brasil\"},{\"@type\":\"BreadcrumbList\",\"@id\":\"https:\\\/\\\/newsinfoco.com.br\\\/inicio\\\/pt-nega-que-traiu-maia-durante-eleicoes-para-presidencia-da-camara\\\/#breadcrumblist\",\"itemListElement\":[{\"@type\":\"ListItem\",\"@id\":\"https:\\\/\\\/newsinfoco.com.br\\\/inicio#listItem\",\"position\":1,\"name\":\"In\\u00edcio\",\"item\":\"https:\\\/\\\/newsinfoco.com.br\\\/inicio\",\"nextItem\":{\"@type\":\"ListItem\",\"@id\":\"https:\\\/\\\/newsinfoco.com.br\\\/inicio\\\/category\\\/brasil\\\/#listItem\",\"name\":\"Brasil\"}},{\"@type\":\"ListItem\",\"@id\":\"https:\\\/\\\/newsinfoco.com.br\\\/inicio\\\/category\\\/brasil\\\/#listItem\",\"position\":2,\"name\":\"Brasil\",\"item\":\"https:\\\/\\\/newsinfoco.com.br\\\/inicio\\\/category\\\/brasil\\\/\",\"nextItem\":{\"@type\":\"ListItem\",\"@id\":\"https:\\\/\\\/newsinfoco.com.br\\\/inicio\\\/pt-nega-que-traiu-maia-durante-eleicoes-para-presidencia-da-camara\\\/#listItem\",\"name\":\"PT nega que traiu Maia durante elei\\u00e7\\u00f5es para presid\\u00eancia da C\\u00e2mara\"},\"previousItem\":{\"@type\":\"ListItem\",\"@id\":\"https:\\\/\\\/newsinfoco.com.br\\\/inicio#listItem\",\"name\":\"In\\u00edcio\"}},{\"@type\":\"ListItem\",\"@id\":\"https:\\\/\\\/newsinfoco.com.br\\\/inicio\\\/pt-nega-que-traiu-maia-durante-eleicoes-para-presidencia-da-camara\\\/#listItem\",\"position\":3,\"name\":\"PT nega que traiu Maia durante elei\\u00e7\\u00f5es para presid\\u00eancia da C\\u00e2mara\",\"previousItem\":{\"@type\":\"ListItem\",\"@id\":\"https:\\\/\\\/newsinfoco.com.br\\\/inicio\\\/category\\\/brasil\\\/#listItem\",\"name\":\"Brasil\"}}]},{\"@type\":\"Organization\",\"@id\":\"https:\\\/\\\/newsinfoco.com.br\\\/inicio\\\/#organization\",\"name\":\"News In Foco - Editado por Caio Pimenta\",\"description\":\"O principal site de noticias de Alagoinhas e regi\\u00e3o\",\"url\":\"https:\\\/\\\/newsinfoco.com.br\\\/inicio\\\/\"},{\"@type\":\"Person\",\"@id\":\"https:\\\/\\\/newsinfoco.com.br\\\/inicio\\\/author\\\/administrador\\\/#author\",\"url\":\"https:\\\/\\\/newsinfoco.com.br\\\/inicio\\\/author\\\/administrador\\\/\",\"name\":\"administrador\",\"image\":{\"@type\":\"ImageObject\",\"@id\":\"https:\\\/\\\/newsinfoco.com.br\\\/inicio\\\/pt-nega-que-traiu-maia-durante-eleicoes-para-presidencia-da-camara\\\/#authorImage\",\"url\":\"https:\\\/\\\/secure.gravatar.com\\\/avatar\\\/c17a617433de8c1dc9584bb79aab7563b46f5bb7e1728c9b17d9cc3ce6a08e49?s=96&d=mm&r=g\",\"width\":96,\"height\":96,\"caption\":\"administrador\"}},{\"@type\":\"WebPage\",\"@id\":\"https:\\\/\\\/newsinfoco.com.br\\\/inicio\\\/pt-nega-que-traiu-maia-durante-eleicoes-para-presidencia-da-camara\\\/#webpage\",\"url\":\"https:\\\/\\\/newsinfoco.com.br\\\/inicio\\\/pt-nega-que-traiu-maia-durante-eleicoes-para-presidencia-da-camara\\\/\",\"name\":\"PT nega que traiu Maia durante elei\\u00e7\\u00f5es para presid\\u00eancia da C\\u00e2mara - News In Foco - Editado por Caio Pimenta\",\"description\":\"[sg_popup id=\\\"11418\\\" event=\\\"inherit\\\"][\\\/sg_popup]O l\\u00edder do PT na C\\u00e2mara, Paulo Pimenta, nega que o partido traiu Rodrigo Maia (DEM-RJ) ao n\\u00e3o integrar o amplo bloco que apoiou sua reelei\\u00e7\\u00e3o \\u00e0 presid\\u00eancia da C\\u00e2mara dos Deputados, no dia 1 de fevereiro. Em entrevista ao Estad\\u00e3o\\\/Broadcast neste fim de semana, Maia afirmou que o PT tinha feito um\",\"inLanguage\":\"pt-BR\",\"isPartOf\":{\"@id\":\"https:\\\/\\\/newsinfoco.com.br\\\/inicio\\\/#website\"},\"breadcrumb\":{\"@id\":\"https:\\\/\\\/newsinfoco.com.br\\\/inicio\\\/pt-nega-que-traiu-maia-durante-eleicoes-para-presidencia-da-camara\\\/#breadcrumblist\"},\"author\":{\"@id\":\"https:\\\/\\\/newsinfoco.com.br\\\/inicio\\\/author\\\/administrador\\\/#author\"},\"creator\":{\"@id\":\"https:\\\/\\\/newsinfoco.com.br\\\/inicio\\\/author\\\/administrador\\\/#author\"},\"image\":{\"@type\":\"ImageObject\",\"url\":\"https:\\\/\\\/newsinfoco.com.br\\\/inicio\\\/wp-content\\\/uploads\\\/2019\\\/02\\\/88305466fc288912f2bea8e3ed83c041.jpg\",\"@id\":\"https:\\\/\\\/newsinfoco.com.br\\\/inicio\\\/pt-nega-que-traiu-maia-durante-eleicoes-para-presidencia-da-camara\\\/#mainImage\",\"width\":590,\"height\":320,\"caption\":\"Maia \\u00e9 parabenizado por colegas da C\\u00e2mara ap\\u00f3s ser reeleito para ocupar a presid\\u00eancia da Casa\"},\"primaryImageOfPage\":{\"@id\":\"https:\\\/\\\/newsinfoco.com.br\\\/inicio\\\/pt-nega-que-traiu-maia-durante-eleicoes-para-presidencia-da-camara\\\/#mainImage\"},\"datePublished\":\"2019-02-11T19:27:34-02:00\",\"dateModified\":\"2019-02-11T19:27:34-02:00\"},{\"@type\":\"WebSite\",\"@id\":\"https:\\\/\\\/newsinfoco.com.br\\\/inicio\\\/#website\",\"url\":\"https:\\\/\\\/newsinfoco.com.br\\\/inicio\\\/\",\"name\":\"News In Foco - Editado por Caio Pimenta\",\"description\":\"O principal site de noticias de Alagoinhas e regi\\u00e3o\",\"inLanguage\":\"pt-BR\",\"publisher\":{\"@id\":\"https:\\\/\\\/newsinfoco.com.br\\\/inicio\\\/#organization\"}}]}\n\t\t<\/script>\n\t\t<!-- All in One SEO -->\n\n","aioseo_head_json":{"title":"PT nega que traiu Maia durante elei\u00e7\u00f5es para presid\u00eancia da C\u00e2mara - News In Foco - Editado por Caio Pimenta","description":"[sg_popup id=\"11418\" event=\"inherit\"][\/sg_popup]O l\u00edder do PT na C\u00e2mara, Paulo Pimenta, nega que o partido traiu Rodrigo Maia (DEM-RJ) ao n\u00e3o integrar o amplo bloco que apoiou sua reelei\u00e7\u00e3o \u00e0 presid\u00eancia da C\u00e2mara dos Deputados, no dia 1 de fevereiro. Em entrevista ao Estad\u00e3o\/Broadcast neste fim de semana, Maia afirmou que o PT tinha feito um","canonical_url":"https:\/\/newsinfoco.com.br\/inicio\/pt-nega-que-traiu-maia-durante-eleicoes-para-presidencia-da-camara\/","robots":"max-image-preview:large","keywords":"","webmasterTools":{"miscellaneous":""},"schema":{"@context":"https:\/\/schema.org","@graph":[{"@type":"BlogPosting","@id":"https:\/\/newsinfoco.com.br\/inicio\/pt-nega-que-traiu-maia-durante-eleicoes-para-presidencia-da-camara\/#blogposting","name":"PT nega que traiu Maia durante elei\u00e7\u00f5es para presid\u00eancia da C\u00e2mara - News In Foco - Editado por Caio Pimenta","headline":"PT nega que traiu Maia durante elei\u00e7\u00f5es para presid\u00eancia da C\u00e2mara","author":{"@id":"https:\/\/newsinfoco.com.br\/inicio\/author\/administrador\/#author"},"publisher":{"@id":"https:\/\/newsinfoco.com.br\/inicio\/#organization"},"image":{"@type":"ImageObject","url":"https:\/\/newsinfoco.com.br\/inicio\/wp-content\/uploads\/2019\/02\/88305466fc288912f2bea8e3ed83c041.jpg","width":590,"height":320,"caption":"Maia \u00e9 parabenizado por colegas da C\u00e2mara ap\u00f3s ser reeleito para ocupar a presid\u00eancia da Casa"},"datePublished":"2019-02-11T19:27:34-02:00","dateModified":"2019-02-11T19:27:34-02:00","inLanguage":"pt-BR","mainEntityOfPage":{"@id":"https:\/\/newsinfoco.com.br\/inicio\/pt-nega-que-traiu-maia-durante-eleicoes-para-presidencia-da-camara\/#webpage"},"isPartOf":{"@id":"https:\/\/newsinfoco.com.br\/inicio\/pt-nega-que-traiu-maia-durante-eleicoes-para-presidencia-da-camara\/#webpage"},"articleSection":"Brasil"},{"@type":"BreadcrumbList","@id":"https:\/\/newsinfoco.com.br\/inicio\/pt-nega-que-traiu-maia-durante-eleicoes-para-presidencia-da-camara\/#breadcrumblist","itemListElement":[{"@type":"ListItem","@id":"https:\/\/newsinfoco.com.br\/inicio#listItem","position":1,"name":"In\u00edcio","item":"https:\/\/newsinfoco.com.br\/inicio","nextItem":{"@type":"ListItem","@id":"https:\/\/newsinfoco.com.br\/inicio\/category\/brasil\/#listItem","name":"Brasil"}},{"@type":"ListItem","@id":"https:\/\/newsinfoco.com.br\/inicio\/category\/brasil\/#listItem","position":2,"name":"Brasil","item":"https:\/\/newsinfoco.com.br\/inicio\/category\/brasil\/","nextItem":{"@type":"ListItem","@id":"https:\/\/newsinfoco.com.br\/inicio\/pt-nega-que-traiu-maia-durante-eleicoes-para-presidencia-da-camara\/#listItem","name":"PT nega que traiu Maia durante elei\u00e7\u00f5es para presid\u00eancia da C\u00e2mara"},"previousItem":{"@type":"ListItem","@id":"https:\/\/newsinfoco.com.br\/inicio#listItem","name":"In\u00edcio"}},{"@type":"ListItem","@id":"https:\/\/newsinfoco.com.br\/inicio\/pt-nega-que-traiu-maia-durante-eleicoes-para-presidencia-da-camara\/#listItem","position":3,"name":"PT nega que traiu Maia durante elei\u00e7\u00f5es para presid\u00eancia da C\u00e2mara","previousItem":{"@type":"ListItem","@id":"https:\/\/newsinfoco.com.br\/inicio\/category\/brasil\/#listItem","name":"Brasil"}}]},{"@type":"Organization","@id":"https:\/\/newsinfoco.com.br\/inicio\/#organization","name":"News In Foco - Editado por Caio Pimenta","description":"O principal site de noticias de Alagoinhas e regi\u00e3o","url":"https:\/\/newsinfoco.com.br\/inicio\/"},{"@type":"Person","@id":"https:\/\/newsinfoco.com.br\/inicio\/author\/administrador\/#author","url":"https:\/\/newsinfoco.com.br\/inicio\/author\/administrador\/","name":"administrador","image":{"@type":"ImageObject","@id":"https:\/\/newsinfoco.com.br\/inicio\/pt-nega-que-traiu-maia-durante-eleicoes-para-presidencia-da-camara\/#authorImage","url":"https:\/\/secure.gravatar.com\/avatar\/c17a617433de8c1dc9584bb79aab7563b46f5bb7e1728c9b17d9cc3ce6a08e49?s=96&d=mm&r=g","width":96,"height":96,"caption":"administrador"}},{"@type":"WebPage","@id":"https:\/\/newsinfoco.com.br\/inicio\/pt-nega-que-traiu-maia-durante-eleicoes-para-presidencia-da-camara\/#webpage","url":"https:\/\/newsinfoco.com.br\/inicio\/pt-nega-que-traiu-maia-durante-eleicoes-para-presidencia-da-camara\/","name":"PT nega que traiu Maia durante elei\u00e7\u00f5es para presid\u00eancia da C\u00e2mara - News In Foco - Editado por Caio Pimenta","description":"[sg_popup id=\"11418\" event=\"inherit\"][\/sg_popup]O l\u00edder do PT na C\u00e2mara, Paulo Pimenta, nega que o partido traiu Rodrigo Maia (DEM-RJ) ao n\u00e3o integrar o amplo bloco que apoiou sua reelei\u00e7\u00e3o \u00e0 presid\u00eancia da C\u00e2mara dos Deputados, no dia 1 de fevereiro. Em entrevista ao Estad\u00e3o\/Broadcast neste fim de semana, Maia afirmou que o PT tinha feito um","inLanguage":"pt-BR","isPartOf":{"@id":"https:\/\/newsinfoco.com.br\/inicio\/#website"},"breadcrumb":{"@id":"https:\/\/newsinfoco.com.br\/inicio\/pt-nega-que-traiu-maia-durante-eleicoes-para-presidencia-da-camara\/#breadcrumblist"},"author":{"@id":"https:\/\/newsinfoco.com.br\/inicio\/author\/administrador\/#author"},"creator":{"@id":"https:\/\/newsinfoco.com.br\/inicio\/author\/administrador\/#author"},"image":{"@type":"ImageObject","url":"https:\/\/newsinfoco.com.br\/inicio\/wp-content\/uploads\/2019\/02\/88305466fc288912f2bea8e3ed83c041.jpg","@id":"https:\/\/newsinfoco.com.br\/inicio\/pt-nega-que-traiu-maia-durante-eleicoes-para-presidencia-da-camara\/#mainImage","width":590,"height":320,"caption":"Maia \u00e9 parabenizado por colegas da C\u00e2mara ap\u00f3s ser reeleito para ocupar a presid\u00eancia da Casa"},"primaryImageOfPage":{"@id":"https:\/\/newsinfoco.com.br\/inicio\/pt-nega-que-traiu-maia-durante-eleicoes-para-presidencia-da-camara\/#mainImage"},"datePublished":"2019-02-11T19:27:34-02:00","dateModified":"2019-02-11T19:27:34-02:00"},{"@type":"WebSite","@id":"https:\/\/newsinfoco.com.br\/inicio\/#website","url":"https:\/\/newsinfoco.com.br\/inicio\/","name":"News In Foco - Editado por Caio Pimenta","description":"O principal site de noticias de Alagoinhas e regi\u00e3o","inLanguage":"pt-BR","publisher":{"@id":"https:\/\/newsinfoco.com.br\/inicio\/#organization"}}]},"og:locale":"pt_BR","og:site_name":"News In Foco - Editado por Caio Pimenta - O principal site de noticias de Alagoinhas e regi\u00e3o","og:type":"article","og:title":"PT nega que traiu Maia durante elei\u00e7\u00f5es para presid\u00eancia da C\u00e2mara - News In Foco - Editado por Caio Pimenta","og:description":"[sg_popup id=&quot;11418&quot; event=&quot;inherit&quot;][\/sg_popup]O l\u00edder do PT na C\u00e2mara, Paulo Pimenta, nega que o partido traiu Rodrigo Maia (DEM-RJ) ao n\u00e3o integrar o amplo bloco que apoiou sua reelei\u00e7\u00e3o \u00e0 presid\u00eancia da C\u00e2mara dos Deputados, no dia 1 de fevereiro. Em entrevista ao Estad\u00e3o\/Broadcast neste fim de semana, Maia afirmou que o PT tinha feito um","og:url":"https:\/\/newsinfoco.com.br\/inicio\/pt-nega-que-traiu-maia-durante-eleicoes-para-presidencia-da-camara\/","article:published_time":"2019-02-11T21:27:34+00:00","article:modified_time":"2019-02-11T21:27:34+00:00","twitter:card":"summary_large_image","twitter:title":"PT nega que traiu Maia durante elei\u00e7\u00f5es para presid\u00eancia da C\u00e2mara - News In Foco - Editado por Caio Pimenta","twitter:description":"[sg_popup id=&quot;11418&quot; event=&quot;inherit&quot;][\/sg_popup]O l\u00edder do PT na C\u00e2mara, Paulo Pimenta, nega que o partido traiu Rodrigo Maia (DEM-RJ) ao n\u00e3o integrar o amplo bloco que apoiou sua reelei\u00e7\u00e3o \u00e0 presid\u00eancia da C\u00e2mara dos Deputados, no dia 1 de fevereiro. Em entrevista ao Estad\u00e3o\/Broadcast neste fim de semana, Maia afirmou que o PT tinha feito um"},"aioseo_meta_data":{"post_id":"13444","title":null,"description":null,"keywords":null,"keyphrases":null,"primary_term":null,"canonical_url":null,"og_title":null,"og_description":null,"og_object_type":"default","og_image_type":"default","og_image_url":null,"og_image_width":null,"og_image_height":null,"og_image_custom_url":null,"og_image_custom_fields":null,"og_video":null,"og_custom_url":null,"og_article_section":null,"og_article_tags":null,"twitter_use_og":false,"twitter_card":"default","twitter_image_type":"default","twitter_image_url":null,"twitter_image_custom_url":null,"twitter_image_custom_fields":null,"twitter_title":null,"twitter_description":null,"schema":{"blockGraphs":[],"customGraphs":[],"default":{"data":{"Article":[],"Course":[],"Dataset":[],"FAQPage":[],"Movie":[],"Person":[],"Product":[],"ProductReview":[],"Car":[],"Recipe":[],"Service":[],"SoftwareApplication":[],"WebPage":[]},"graphName":"","isEnabled":true},"graphs":[]},"schema_type":"default","schema_type_options":null,"pillar_content":false,"robots_default":true,"robots_noindex":false,"robots_noarchive":false,"robots_nosnippet":false,"robots_nofollow":false,"robots_noimageindex":false,"robots_noodp":false,"robots_notranslate":false,"robots_max_snippet":null,"robots_max_videopreview":null,"robots_max_imagepreview":"large","priority":null,"frequency":null,"local_seo":null,"breadcrumb_settings":null,"limit_modified_date":false,"ai":null,"created":"2023-06-12 12:23:56","updated":"2025-07-10 23:19:06","seo_analyzer_scan_date":null},"aioseo_breadcrumb":"<div class=\"aioseo-breadcrumbs\"><span class=\"aioseo-breadcrumb\">\n\t\t\t<a href=\"https:\/\/newsinfoco.com.br\/inicio\" title=\"In\u00edcio\">In\u00edcio<\/a>\n\t\t<\/span><span class=\"aioseo-breadcrumb-separator\">&raquo;<\/span><span class=\"aioseo-breadcrumb\">\n\t\t\t<a href=\"https:\/\/newsinfoco.com.br\/inicio\/category\/brasil\/\" title=\"Brasil\">Brasil<\/a>\n\t\t<\/span><span class=\"aioseo-breadcrumb-separator\">&raquo;<\/span><span class=\"aioseo-breadcrumb\">\n\t\t\tPT nega que traiu Maia durante elei\u00e7\u00f5es para presid\u00eancia da C\u00e2mara\n\t\t<\/span><\/div>","aioseo_breadcrumb_json":[{"label":"In\u00edcio","link":"https:\/\/newsinfoco.com.br\/inicio"},{"label":"Brasil","link":"https:\/\/newsinfoco.com.br\/inicio\/category\/brasil\/"},{"label":"PT nega que traiu Maia durante elei\u00e7\u00f5es para presid\u00eancia da C\u00e2mara","link":"https:\/\/newsinfoco.com.br\/inicio\/pt-nega-que-traiu-maia-durante-eleicoes-para-presidencia-da-camara\/"}],"_links":{"self":[{"href":"https:\/\/newsinfoco.com.br\/inicio\/wp-json\/wp\/v2\/posts\/13444","targetHints":{"allow":["GET"]}}],"collection":[{"href":"https:\/\/newsinfoco.com.br\/inicio\/wp-json\/wp\/v2\/posts"}],"about":[{"href":"https:\/\/newsinfoco.com.br\/inicio\/wp-json\/wp\/v2\/types\/post"}],"author":[{"embeddable":true,"href":"https:\/\/newsinfoco.com.br\/inicio\/wp-json\/wp\/v2\/users\/1"}],"replies":[{"embeddable":true,"href":"https:\/\/newsinfoco.com.br\/inicio\/wp-json\/wp\/v2\/comments?post=13444"}],"version-history":[{"count":0,"href":"https:\/\/newsinfoco.com.br\/inicio\/wp-json\/wp\/v2\/posts\/13444\/revisions"}],"wp:featuredmedia":[{"embeddable":true,"href":"https:\/\/newsinfoco.com.br\/inicio\/wp-json\/wp\/v2\/media\/13445"}],"wp:attachment":[{"href":"https:\/\/newsinfoco.com.br\/inicio\/wp-json\/wp\/v2\/media?parent=13444"}],"wp:term":[{"taxonomy":"category","embeddable":true,"href":"https:\/\/newsinfoco.com.br\/inicio\/wp-json\/wp\/v2\/categories?post=13444"},{"taxonomy":"post_tag","embeddable":true,"href":"https:\/\/newsinfoco.com.br\/inicio\/wp-json\/wp\/v2\/tags?post=13444"}],"curies":[{"name":"wp","href":"https:\/\/api.w.org\/{rel}","templated":true}]}}