{"id":13447,"date":"2019-02-11T19:30:19","date_gmt":"2019-02-11T21:30:19","guid":{"rendered":"http:\/\/newsinfoco.com.br\/?p=13447"},"modified":"2019-02-11T19:30:19","modified_gmt":"2019-02-11T21:30:19","slug":"brasil-vai-instalar-centro-de-ajuda-para-venezuelanos-em-roraima","status":"publish","type":"post","link":"https:\/\/newsinfoco.com.br\/inicio\/brasil-vai-instalar-centro-de-ajuda-para-venezuelanos-em-roraima\/","title":{"rendered":"Brasil vai instalar centro de ajuda para venezuelanos em Roraima"},"content":{"rendered":"<p style=\"text-align: justify;\">[sg_popup id=&#8221;11418&#8243; event=&#8221;inherit&#8221;][\/sg_popup]O governo do Brasil vai instalar um centro de distribui\u00e7\u00e3o de ajuda humanit\u00e1ria em Roraima, na fronteira com a Venezuela. A decis\u00e3o foi anunciada hoje (11) durante reuni\u00e3o entre o ministro das Rela\u00e7\u00f5es Exteriores, Ernesto Ara\u00fajo, e a nova embaixadora Mar\u00eda Teresa Belandria, designada para fun\u00e7\u00e3o h\u00e1 seis dias por Juan Guaid\u00f3, que se autoproclamou presidente interino da Rep\u00fablica.<\/p>\n<p style=\"text-align: justify;\">\u201cAgradecemos a todo o povo do Brasil, que entende as necessidades de todo o povo venezuelano e que n\u00e3o teve tipo algum de resist\u00eancia [ao povo venezuelano]\u201d, disse Mar\u00eda Teresa Belandria. \u201cEspero que logo acabe o pesadelo e que o governo leg\u00edtimo do presidente Juan Guaid\u00f3 possa avan\u00e7ar em uma rela\u00e7\u00e3o mais firme\u201d, acrescentou a embaixadora, informando que aguarda a alta m\u00e9dica do presidente Jair Bolsonaro para se reunir com ele. N\u00e3o est\u00e1 definido se o centro de distribui\u00e7\u00e3o ser\u00e1 instalado em Pacaraima e Boa Vista.<\/p>\n<p style=\"text-align: justify;\">A rec\u00e9m-nomeada embaixadora disse que ter\u00e1 encontros nos pr\u00f3ximos dias com o grupo de trabalho respons\u00e1vel pela ajuda humanit\u00e1ria coordenado pelos minist\u00e9rios da Defesa e Sa\u00fade. Segundo Mar\u00eda Teresa Belandr\u00eda, a popula\u00e7\u00e3o venezuelana precisa de alimentos, medicamentos, al\u00e9m de apoio log\u00edstico, transporte e seguran\u00e7a. De acordo com a comitiva venezuelana, formada pela embaixadora e o deputado Lester Toledo, da Assembleia Nacional, que estar\u00e1 na coordena\u00e7\u00e3o do apoio ao centro de distribui\u00e7\u00e3o a ser instalado em Roraima, doa\u00e7\u00f5es de outros pa\u00edses, como os que comp\u00f5em o Grupo de Lima, dos Estados Unidos, Canad\u00e1 e da Europa, devem passar tamb\u00e9m pelo Brasil.<\/p>\n<p style=\"text-align: justify;\">O Brasil deve participar da ajuda humanit\u00e1ria tamb\u00e9m com apoio pol\u00edtico e das ag\u00eancias, al\u00e9m de institui\u00e7\u00f5es internacionais.<\/p>\n<h6 style=\"text-align: right;\">Ag\u00eancia Brasil<\/h6>\n<div class='share-to-whatsapp-wrapper'><div class='share-on-whsp'>Share on: <\/div><a data-text='Brasil vai instalar centro de ajuda para venezuelanos em Roraima' data-link='https:\/\/newsinfoco.com.br\/inicio\/brasil-vai-instalar-centro-de-ajuda-para-venezuelanos-em-roraima\/' class='whatsapp-button whatsapp-share'>WhatsApp<\/a><div class='clear '><\/div><\/div>","protected":false},"excerpt":{"rendered":"<p>[sg_popup id=&#8221;11418&#8243; event=&#8221;inherit&#8221;][\/sg_popup]O governo do Brasil vai instalar um centro de distribui\u00e7\u00e3o de ajuda humanit\u00e1ria em Roraima, na fronteira com a Venezuela. A decis\u00e3o foi anunciada hoje (11) durante reuni\u00e3o entre o ministro das Rela\u00e7\u00f5es Exteriores, Ernesto Ara\u00fajo, e a nova embaixadora Mar\u00eda Teresa Belandria, designada para fun\u00e7\u00e3o h\u00e1 seis dias por Juan Guaid\u00f3, que [&hellip;]<\/p>\n","protected":false},"author":1,"featured_media":12165,"comment_status":"open","ping_status":"open","sticky":false,"template":"","format":"standard","meta":{"om_disable_all_campaigns":false,"rop_custom_images_group":[],"rop_custom_messages_group":[],"rop_publish_now":"initial","rop_publish_now_accounts":[],"rop_publish_now_history":[],"rop_publish_now_status":"pending","_exactmetrics_skip_tracking":false,"footnotes":""},"categories":[21],"tags":[],"class_list":["post-13447","post","type-post","status-publish","format-standard","has-post-thumbnail","hentry","category-brasil"],"aioseo_notices":[],"aioseo_head":"\n\t\t<!-- All in One SEO 4.9.10 - aioseo.com -->\n\t<meta name=\"description\" content=\"[sg_popup id=&quot;11418&quot; event=&quot;inherit&quot;][\/sg_popup]O governo do Brasil vai instalar um centro de distribui\u00e7\u00e3o de ajuda humanit\u00e1ria em Roraima, na fronteira com a Venezuela. A decis\u00e3o foi anunciada hoje (11) durante reuni\u00e3o entre o ministro das Rela\u00e7\u00f5es Exteriores, Ernesto Ara\u00fajo, e a nova embaixadora Mar\u00eda Teresa Belandria, designada para fun\u00e7\u00e3o h\u00e1 seis dias por Juan Guaid\u00f3, que\" \/>\n\t<meta name=\"robots\" content=\"max-image-preview:large\" \/>\n\t<meta name=\"author\" content=\"administrador\"\/>\n\t<link rel=\"canonical\" href=\"https:\/\/newsinfoco.com.br\/inicio\/brasil-vai-instalar-centro-de-ajuda-para-venezuelanos-em-roraima\/\" \/>\n\t<meta name=\"generator\" content=\"All in One SEO (AIOSEO) 4.9.10\" \/>\n\t\t<meta property=\"og:locale\" content=\"pt_BR\" \/>\n\t\t<meta property=\"og:site_name\" content=\"News In Foco - Editado por Caio Pimenta - O principal site de noticias de Alagoinhas e regi\u00e3o\" \/>\n\t\t<meta property=\"og:type\" content=\"article\" \/>\n\t\t<meta property=\"og:title\" content=\"Brasil vai instalar centro de ajuda para venezuelanos em Roraima - News In Foco - Editado por Caio Pimenta\" \/>\n\t\t<meta property=\"og:description\" content=\"[sg_popup id=&quot;11418&quot; event=&quot;inherit&quot;][\/sg_popup]O governo do Brasil vai instalar um centro de distribui\u00e7\u00e3o de ajuda humanit\u00e1ria em Roraima, na fronteira com a Venezuela. A decis\u00e3o foi anunciada hoje (11) durante reuni\u00e3o entre o ministro das Rela\u00e7\u00f5es Exteriores, Ernesto Ara\u00fajo, e a nova embaixadora Mar\u00eda Teresa Belandria, designada para fun\u00e7\u00e3o h\u00e1 seis dias por Juan Guaid\u00f3, que\" \/>\n\t\t<meta property=\"og:url\" content=\"https:\/\/newsinfoco.com.br\/inicio\/brasil-vai-instalar-centro-de-ajuda-para-venezuelanos-em-roraima\/\" \/>\n\t\t<meta property=\"article:published_time\" content=\"2019-02-11T21:30:19+00:00\" \/>\n\t\t<meta property=\"article:modified_time\" content=\"2019-02-11T21:30:19+00:00\" \/>\n\t\t<meta name=\"twitter:card\" content=\"summary_large_image\" \/>\n\t\t<meta name=\"twitter:title\" content=\"Brasil vai instalar centro de ajuda para venezuelanos em Roraima - News In Foco - Editado por Caio Pimenta\" \/>\n\t\t<meta name=\"twitter:description\" content=\"[sg_popup id=&quot;11418&quot; event=&quot;inherit&quot;][\/sg_popup]O governo do Brasil vai instalar um centro de distribui\u00e7\u00e3o de ajuda humanit\u00e1ria em Roraima, na fronteira com a Venezuela. A decis\u00e3o foi anunciada hoje (11) durante reuni\u00e3o entre o ministro das Rela\u00e7\u00f5es Exteriores, Ernesto Ara\u00fajo, e a nova embaixadora Mar\u00eda Teresa Belandria, designada para fun\u00e7\u00e3o h\u00e1 seis dias por Juan Guaid\u00f3, que\" \/>\n\t\t<script type=\"application\/ld+json\" class=\"aioseo-schema\">\n\t\t\t{\"@context\":\"https:\\\/\\\/schema.org\",\"@graph\":[{\"@type\":\"BlogPosting\",\"@id\":\"https:\\\/\\\/newsinfoco.com.br\\\/inicio\\\/brasil-vai-instalar-centro-de-ajuda-para-venezuelanos-em-roraima\\\/#blogposting\",\"name\":\"Brasil vai instalar centro de ajuda para venezuelanos em Roraima - News In Foco - Editado por Caio Pimenta\",\"headline\":\"Brasil vai instalar centro de ajuda para venezuelanos em Roraima\",\"author\":{\"@id\":\"https:\\\/\\\/newsinfoco.com.br\\\/inicio\\\/author\\\/administrador\\\/#author\"},\"publisher\":{\"@id\":\"https:\\\/\\\/newsinfoco.com.br\\\/inicio\\\/#organization\"},\"image\":{\"@type\":\"ImageObject\",\"url\":\"https:\\\/\\\/newsinfoco.com.br\\\/inicio\\\/wp-content\\\/uploads\\\/2018\\\/12\\\/show_venezuelanos.jpg\",\"width\":872,\"height\":573},\"datePublished\":\"2019-02-11T19:30:19-02:00\",\"dateModified\":\"2019-02-11T19:30:19-02:00\",\"inLanguage\":\"pt-BR\",\"mainEntityOfPage\":{\"@id\":\"https:\\\/\\\/newsinfoco.com.br\\\/inicio\\\/brasil-vai-instalar-centro-de-ajuda-para-venezuelanos-em-roraima\\\/#webpage\"},\"isPartOf\":{\"@id\":\"https:\\\/\\\/newsinfoco.com.br\\\/inicio\\\/brasil-vai-instalar-centro-de-ajuda-para-venezuelanos-em-roraima\\\/#webpage\"},\"articleSection\":\"Brasil\"},{\"@type\":\"BreadcrumbList\",\"@id\":\"https:\\\/\\\/newsinfoco.com.br\\\/inicio\\\/brasil-vai-instalar-centro-de-ajuda-para-venezuelanos-em-roraima\\\/#breadcrumblist\",\"itemListElement\":[{\"@type\":\"ListItem\",\"@id\":\"https:\\\/\\\/newsinfoco.com.br\\\/inicio#listItem\",\"position\":1,\"name\":\"In\\u00edcio\",\"item\":\"https:\\\/\\\/newsinfoco.com.br\\\/inicio\",\"nextItem\":{\"@type\":\"ListItem\",\"@id\":\"https:\\\/\\\/newsinfoco.com.br\\\/inicio\\\/category\\\/brasil\\\/#listItem\",\"name\":\"Brasil\"}},{\"@type\":\"ListItem\",\"@id\":\"https:\\\/\\\/newsinfoco.com.br\\\/inicio\\\/category\\\/brasil\\\/#listItem\",\"position\":2,\"name\":\"Brasil\",\"item\":\"https:\\\/\\\/newsinfoco.com.br\\\/inicio\\\/category\\\/brasil\\\/\",\"nextItem\":{\"@type\":\"ListItem\",\"@id\":\"https:\\\/\\\/newsinfoco.com.br\\\/inicio\\\/brasil-vai-instalar-centro-de-ajuda-para-venezuelanos-em-roraima\\\/#listItem\",\"name\":\"Brasil vai instalar centro de ajuda para venezuelanos em Roraima\"},\"previousItem\":{\"@type\":\"ListItem\",\"@id\":\"https:\\\/\\\/newsinfoco.com.br\\\/inicio#listItem\",\"name\":\"In\\u00edcio\"}},{\"@type\":\"ListItem\",\"@id\":\"https:\\\/\\\/newsinfoco.com.br\\\/inicio\\\/brasil-vai-instalar-centro-de-ajuda-para-venezuelanos-em-roraima\\\/#listItem\",\"position\":3,\"name\":\"Brasil vai instalar centro de ajuda para venezuelanos em Roraima\",\"previousItem\":{\"@type\":\"ListItem\",\"@id\":\"https:\\\/\\\/newsinfoco.com.br\\\/inicio\\\/category\\\/brasil\\\/#listItem\",\"name\":\"Brasil\"}}]},{\"@type\":\"Organization\",\"@id\":\"https:\\\/\\\/newsinfoco.com.br\\\/inicio\\\/#organization\",\"name\":\"News In Foco - Editado por Caio Pimenta\",\"description\":\"O principal site de noticias de Alagoinhas e regi\\u00e3o\",\"url\":\"https:\\\/\\\/newsinfoco.com.br\\\/inicio\\\/\"},{\"@type\":\"Person\",\"@id\":\"https:\\\/\\\/newsinfoco.com.br\\\/inicio\\\/author\\\/administrador\\\/#author\",\"url\":\"https:\\\/\\\/newsinfoco.com.br\\\/inicio\\\/author\\\/administrador\\\/\",\"name\":\"administrador\",\"image\":{\"@type\":\"ImageObject\",\"@id\":\"https:\\\/\\\/newsinfoco.com.br\\\/inicio\\\/brasil-vai-instalar-centro-de-ajuda-para-venezuelanos-em-roraima\\\/#authorImage\",\"url\":\"https:\\\/\\\/secure.gravatar.com\\\/avatar\\\/c17a617433de8c1dc9584bb79aab7563b46f5bb7e1728c9b17d9cc3ce6a08e49?s=96&d=mm&r=g\",\"width\":96,\"height\":96,\"caption\":\"administrador\"}},{\"@type\":\"WebPage\",\"@id\":\"https:\\\/\\\/newsinfoco.com.br\\\/inicio\\\/brasil-vai-instalar-centro-de-ajuda-para-venezuelanos-em-roraima\\\/#webpage\",\"url\":\"https:\\\/\\\/newsinfoco.com.br\\\/inicio\\\/brasil-vai-instalar-centro-de-ajuda-para-venezuelanos-em-roraima\\\/\",\"name\":\"Brasil vai instalar centro de ajuda para venezuelanos em Roraima - News In Foco - Editado por Caio Pimenta\",\"description\":\"[sg_popup id=\\\"11418\\\" event=\\\"inherit\\\"][\\\/sg_popup]O governo do Brasil vai instalar um centro de distribui\\u00e7\\u00e3o de ajuda humanit\\u00e1ria em Roraima, na fronteira com a Venezuela. A decis\\u00e3o foi anunciada hoje (11) durante reuni\\u00e3o entre o ministro das Rela\\u00e7\\u00f5es Exteriores, Ernesto Ara\\u00fajo, e a nova embaixadora Mar\\u00eda Teresa Belandria, designada para fun\\u00e7\\u00e3o h\\u00e1 seis dias por Juan Guaid\\u00f3, que\",\"inLanguage\":\"pt-BR\",\"isPartOf\":{\"@id\":\"https:\\\/\\\/newsinfoco.com.br\\\/inicio\\\/#website\"},\"breadcrumb\":{\"@id\":\"https:\\\/\\\/newsinfoco.com.br\\\/inicio\\\/brasil-vai-instalar-centro-de-ajuda-para-venezuelanos-em-roraima\\\/#breadcrumblist\"},\"author\":{\"@id\":\"https:\\\/\\\/newsinfoco.com.br\\\/inicio\\\/author\\\/administrador\\\/#author\"},\"creator\":{\"@id\":\"https:\\\/\\\/newsinfoco.com.br\\\/inicio\\\/author\\\/administrador\\\/#author\"},\"image\":{\"@type\":\"ImageObject\",\"url\":\"https:\\\/\\\/newsinfoco.com.br\\\/inicio\\\/wp-content\\\/uploads\\\/2018\\\/12\\\/show_venezuelanos.jpg\",\"@id\":\"https:\\\/\\\/newsinfoco.com.br\\\/inicio\\\/brasil-vai-instalar-centro-de-ajuda-para-venezuelanos-em-roraima\\\/#mainImage\",\"width\":872,\"height\":573},\"primaryImageOfPage\":{\"@id\":\"https:\\\/\\\/newsinfoco.com.br\\\/inicio\\\/brasil-vai-instalar-centro-de-ajuda-para-venezuelanos-em-roraima\\\/#mainImage\"},\"datePublished\":\"2019-02-11T19:30:19-02:00\",\"dateModified\":\"2019-02-11T19:30:19-02:00\"},{\"@type\":\"WebSite\",\"@id\":\"https:\\\/\\\/newsinfoco.com.br\\\/inicio\\\/#website\",\"url\":\"https:\\\/\\\/newsinfoco.com.br\\\/inicio\\\/\",\"name\":\"News In Foco - Editado por Caio Pimenta\",\"description\":\"O principal site de noticias de Alagoinhas e regi\\u00e3o\",\"inLanguage\":\"pt-BR\",\"publisher\":{\"@id\":\"https:\\\/\\\/newsinfoco.com.br\\\/inicio\\\/#organization\"}}]}\n\t\t<\/script>\n\t\t<!-- All in One SEO -->\n\n","aioseo_head_json":{"title":"Brasil vai instalar centro de ajuda para venezuelanos em Roraima - News In Foco - Editado por Caio Pimenta","description":"[sg_popup id=\"11418\" event=\"inherit\"][\/sg_popup]O governo do Brasil vai instalar um centro de distribui\u00e7\u00e3o de ajuda humanit\u00e1ria em Roraima, na fronteira com a Venezuela. A decis\u00e3o foi anunciada hoje (11) durante reuni\u00e3o entre o ministro das Rela\u00e7\u00f5es Exteriores, Ernesto Ara\u00fajo, e a nova embaixadora Mar\u00eda Teresa Belandria, designada para fun\u00e7\u00e3o h\u00e1 seis dias por Juan Guaid\u00f3, que","canonical_url":"https:\/\/newsinfoco.com.br\/inicio\/brasil-vai-instalar-centro-de-ajuda-para-venezuelanos-em-roraima\/","robots":"max-image-preview:large","keywords":"","webmasterTools":{"miscellaneous":""},"schema":{"@context":"https:\/\/schema.org","@graph":[{"@type":"BlogPosting","@id":"https:\/\/newsinfoco.com.br\/inicio\/brasil-vai-instalar-centro-de-ajuda-para-venezuelanos-em-roraima\/#blogposting","name":"Brasil vai instalar centro de ajuda para venezuelanos em Roraima - News In Foco - Editado por Caio Pimenta","headline":"Brasil vai instalar centro de ajuda para venezuelanos em Roraima","author":{"@id":"https:\/\/newsinfoco.com.br\/inicio\/author\/administrador\/#author"},"publisher":{"@id":"https:\/\/newsinfoco.com.br\/inicio\/#organization"},"image":{"@type":"ImageObject","url":"https:\/\/newsinfoco.com.br\/inicio\/wp-content\/uploads\/2018\/12\/show_venezuelanos.jpg","width":872,"height":573},"datePublished":"2019-02-11T19:30:19-02:00","dateModified":"2019-02-11T19:30:19-02:00","inLanguage":"pt-BR","mainEntityOfPage":{"@id":"https:\/\/newsinfoco.com.br\/inicio\/brasil-vai-instalar-centro-de-ajuda-para-venezuelanos-em-roraima\/#webpage"},"isPartOf":{"@id":"https:\/\/newsinfoco.com.br\/inicio\/brasil-vai-instalar-centro-de-ajuda-para-venezuelanos-em-roraima\/#webpage"},"articleSection":"Brasil"},{"@type":"BreadcrumbList","@id":"https:\/\/newsinfoco.com.br\/inicio\/brasil-vai-instalar-centro-de-ajuda-para-venezuelanos-em-roraima\/#breadcrumblist","itemListElement":[{"@type":"ListItem","@id":"https:\/\/newsinfoco.com.br\/inicio#listItem","position":1,"name":"In\u00edcio","item":"https:\/\/newsinfoco.com.br\/inicio","nextItem":{"@type":"ListItem","@id":"https:\/\/newsinfoco.com.br\/inicio\/category\/brasil\/#listItem","name":"Brasil"}},{"@type":"ListItem","@id":"https:\/\/newsinfoco.com.br\/inicio\/category\/brasil\/#listItem","position":2,"name":"Brasil","item":"https:\/\/newsinfoco.com.br\/inicio\/category\/brasil\/","nextItem":{"@type":"ListItem","@id":"https:\/\/newsinfoco.com.br\/inicio\/brasil-vai-instalar-centro-de-ajuda-para-venezuelanos-em-roraima\/#listItem","name":"Brasil vai instalar centro de ajuda para venezuelanos em Roraima"},"previousItem":{"@type":"ListItem","@id":"https:\/\/newsinfoco.com.br\/inicio#listItem","name":"In\u00edcio"}},{"@type":"ListItem","@id":"https:\/\/newsinfoco.com.br\/inicio\/brasil-vai-instalar-centro-de-ajuda-para-venezuelanos-em-roraima\/#listItem","position":3,"name":"Brasil vai instalar centro de ajuda para venezuelanos em Roraima","previousItem":{"@type":"ListItem","@id":"https:\/\/newsinfoco.com.br\/inicio\/category\/brasil\/#listItem","name":"Brasil"}}]},{"@type":"Organization","@id":"https:\/\/newsinfoco.com.br\/inicio\/#organization","name":"News In Foco - Editado por Caio Pimenta","description":"O principal site de noticias de Alagoinhas e regi\u00e3o","url":"https:\/\/newsinfoco.com.br\/inicio\/"},{"@type":"Person","@id":"https:\/\/newsinfoco.com.br\/inicio\/author\/administrador\/#author","url":"https:\/\/newsinfoco.com.br\/inicio\/author\/administrador\/","name":"administrador","image":{"@type":"ImageObject","@id":"https:\/\/newsinfoco.com.br\/inicio\/brasil-vai-instalar-centro-de-ajuda-para-venezuelanos-em-roraima\/#authorImage","url":"https:\/\/secure.gravatar.com\/avatar\/c17a617433de8c1dc9584bb79aab7563b46f5bb7e1728c9b17d9cc3ce6a08e49?s=96&d=mm&r=g","width":96,"height":96,"caption":"administrador"}},{"@type":"WebPage","@id":"https:\/\/newsinfoco.com.br\/inicio\/brasil-vai-instalar-centro-de-ajuda-para-venezuelanos-em-roraima\/#webpage","url":"https:\/\/newsinfoco.com.br\/inicio\/brasil-vai-instalar-centro-de-ajuda-para-venezuelanos-em-roraima\/","name":"Brasil vai instalar centro de ajuda para venezuelanos em Roraima - News In Foco - Editado por Caio Pimenta","description":"[sg_popup id=\"11418\" event=\"inherit\"][\/sg_popup]O governo do Brasil vai instalar um centro de distribui\u00e7\u00e3o de ajuda humanit\u00e1ria em Roraima, na fronteira com a Venezuela. A decis\u00e3o foi anunciada hoje (11) durante reuni\u00e3o entre o ministro das Rela\u00e7\u00f5es Exteriores, Ernesto Ara\u00fajo, e a nova embaixadora Mar\u00eda Teresa Belandria, designada para fun\u00e7\u00e3o h\u00e1 seis dias por Juan Guaid\u00f3, que","inLanguage":"pt-BR","isPartOf":{"@id":"https:\/\/newsinfoco.com.br\/inicio\/#website"},"breadcrumb":{"@id":"https:\/\/newsinfoco.com.br\/inicio\/brasil-vai-instalar-centro-de-ajuda-para-venezuelanos-em-roraima\/#breadcrumblist"},"author":{"@id":"https:\/\/newsinfoco.com.br\/inicio\/author\/administrador\/#author"},"creator":{"@id":"https:\/\/newsinfoco.com.br\/inicio\/author\/administrador\/#author"},"image":{"@type":"ImageObject","url":"https:\/\/newsinfoco.com.br\/inicio\/wp-content\/uploads\/2018\/12\/show_venezuelanos.jpg","@id":"https:\/\/newsinfoco.com.br\/inicio\/brasil-vai-instalar-centro-de-ajuda-para-venezuelanos-em-roraima\/#mainImage","width":872,"height":573},"primaryImageOfPage":{"@id":"https:\/\/newsinfoco.com.br\/inicio\/brasil-vai-instalar-centro-de-ajuda-para-venezuelanos-em-roraima\/#mainImage"},"datePublished":"2019-02-11T19:30:19-02:00","dateModified":"2019-02-11T19:30:19-02:00"},{"@type":"WebSite","@id":"https:\/\/newsinfoco.com.br\/inicio\/#website","url":"https:\/\/newsinfoco.com.br\/inicio\/","name":"News In Foco - Editado por Caio Pimenta","description":"O principal site de noticias de Alagoinhas e regi\u00e3o","inLanguage":"pt-BR","publisher":{"@id":"https:\/\/newsinfoco.com.br\/inicio\/#organization"}}]},"og:locale":"pt_BR","og:site_name":"News In Foco - Editado por Caio Pimenta - O principal site de noticias de Alagoinhas e regi\u00e3o","og:type":"article","og:title":"Brasil vai instalar centro de ajuda para venezuelanos em Roraima - News In Foco - Editado por Caio Pimenta","og:description":"[sg_popup id=&quot;11418&quot; event=&quot;inherit&quot;][\/sg_popup]O governo do Brasil vai instalar um centro de distribui\u00e7\u00e3o de ajuda humanit\u00e1ria em Roraima, na fronteira com a Venezuela. A decis\u00e3o foi anunciada hoje (11) durante reuni\u00e3o entre o ministro das Rela\u00e7\u00f5es Exteriores, Ernesto Ara\u00fajo, e a nova embaixadora Mar\u00eda Teresa Belandria, designada para fun\u00e7\u00e3o h\u00e1 seis dias por Juan Guaid\u00f3, que","og:url":"https:\/\/newsinfoco.com.br\/inicio\/brasil-vai-instalar-centro-de-ajuda-para-venezuelanos-em-roraima\/","article:published_time":"2019-02-11T21:30:19+00:00","article:modified_time":"2019-02-11T21:30:19+00:00","twitter:card":"summary_large_image","twitter:title":"Brasil vai instalar centro de ajuda para venezuelanos em Roraima - News In Foco - Editado por Caio Pimenta","twitter:description":"[sg_popup id=&quot;11418&quot; event=&quot;inherit&quot;][\/sg_popup]O governo do Brasil vai instalar um centro de distribui\u00e7\u00e3o de ajuda humanit\u00e1ria em Roraima, na fronteira com a Venezuela. A decis\u00e3o foi anunciada hoje (11) durante reuni\u00e3o entre o ministro das Rela\u00e7\u00f5es Exteriores, Ernesto Ara\u00fajo, e a nova embaixadora Mar\u00eda Teresa Belandria, designada para fun\u00e7\u00e3o h\u00e1 seis dias por Juan Guaid\u00f3, que"},"aioseo_meta_data":{"post_id":"13447","title":null,"description":null,"keywords":null,"keyphrases":null,"primary_term":null,"canonical_url":null,"og_title":null,"og_description":null,"og_object_type":"default","og_image_type":"default","og_image_url":null,"og_image_width":null,"og_image_height":null,"og_image_custom_url":null,"og_image_custom_fields":null,"og_video":null,"og_custom_url":null,"og_article_section":null,"og_article_tags":null,"twitter_use_og":false,"twitter_card":"default","twitter_image_type":"default","twitter_image_url":null,"twitter_image_custom_url":null,"twitter_image_custom_fields":null,"twitter_title":null,"twitter_description":null,"schema":{"blockGraphs":[],"customGraphs":[],"default":{"data":{"Article":[],"Course":[],"Dataset":[],"FAQPage":[],"Movie":[],"Person":[],"Product":[],"ProductReview":[],"Car":[],"Recipe":[],"Service":[],"SoftwareApplication":[],"WebPage":[]},"graphName":"","isEnabled":true},"graphs":[]},"schema_type":"default","schema_type_options":null,"pillar_content":false,"robots_default":true,"robots_noindex":false,"robots_noarchive":false,"robots_nosnippet":false,"robots_nofollow":false,"robots_noimageindex":false,"robots_noodp":false,"robots_notranslate":false,"robots_max_snippet":null,"robots_max_videopreview":null,"robots_max_imagepreview":"large","priority":null,"frequency":null,"local_seo":null,"breadcrumb_settings":null,"limit_modified_date":false,"ai":null,"created":"2023-06-12 12:23:56","updated":"2025-07-10 23:19:06","seo_analyzer_scan_date":null},"aioseo_breadcrumb":"<div class=\"aioseo-breadcrumbs\"><span class=\"aioseo-breadcrumb\">\n\t\t\t<a href=\"https:\/\/newsinfoco.com.br\/inicio\" title=\"In\u00edcio\">In\u00edcio<\/a>\n\t\t<\/span><span class=\"aioseo-breadcrumb-separator\">&raquo;<\/span><span class=\"aioseo-breadcrumb\">\n\t\t\t<a href=\"https:\/\/newsinfoco.com.br\/inicio\/category\/brasil\/\" title=\"Brasil\">Brasil<\/a>\n\t\t<\/span><span class=\"aioseo-breadcrumb-separator\">&raquo;<\/span><span class=\"aioseo-breadcrumb\">\n\t\t\tBrasil vai instalar centro de ajuda para venezuelanos em Roraima\n\t\t<\/span><\/div>","aioseo_breadcrumb_json":[{"label":"In\u00edcio","link":"https:\/\/newsinfoco.com.br\/inicio"},{"label":"Brasil","link":"https:\/\/newsinfoco.com.br\/inicio\/category\/brasil\/"},{"label":"Brasil vai instalar centro de ajuda para venezuelanos em Roraima","link":"https:\/\/newsinfoco.com.br\/inicio\/brasil-vai-instalar-centro-de-ajuda-para-venezuelanos-em-roraima\/"}],"_links":{"self":[{"href":"https:\/\/newsinfoco.com.br\/inicio\/wp-json\/wp\/v2\/posts\/13447","targetHints":{"allow":["GET"]}}],"collection":[{"href":"https:\/\/newsinfoco.com.br\/inicio\/wp-json\/wp\/v2\/posts"}],"about":[{"href":"https:\/\/newsinfoco.com.br\/inicio\/wp-json\/wp\/v2\/types\/post"}],"author":[{"embeddable":true,"href":"https:\/\/newsinfoco.com.br\/inicio\/wp-json\/wp\/v2\/users\/1"}],"replies":[{"embeddable":true,"href":"https:\/\/newsinfoco.com.br\/inicio\/wp-json\/wp\/v2\/comments?post=13447"}],"version-history":[{"count":0,"href":"https:\/\/newsinfoco.com.br\/inicio\/wp-json\/wp\/v2\/posts\/13447\/revisions"}],"wp:featuredmedia":[{"embeddable":true,"href":"https:\/\/newsinfoco.com.br\/inicio\/wp-json\/wp\/v2\/media\/12165"}],"wp:attachment":[{"href":"https:\/\/newsinfoco.com.br\/inicio\/wp-json\/wp\/v2\/media?parent=13447"}],"wp:term":[{"taxonomy":"category","embeddable":true,"href":"https:\/\/newsinfoco.com.br\/inicio\/wp-json\/wp\/v2\/categories?post=13447"},{"taxonomy":"post_tag","embeddable":true,"href":"https:\/\/newsinfoco.com.br\/inicio\/wp-json\/wp\/v2\/tags?post=13447"}],"curies":[{"name":"wp","href":"https:\/\/api.w.org\/{rel}","templated":true}]}}