{"id":13449,"date":"2019-02-11T19:32:54","date_gmt":"2019-02-11T21:32:54","guid":{"rendered":"http:\/\/newsinfoco.com.br\/?p=13449"},"modified":"2019-02-11T19:32:54","modified_gmt":"2019-02-11T21:32:54","slug":"oposicao-quer-convocar-general-heleno-para-explicar-espionagem-de-bispos","status":"publish","type":"post","link":"https:\/\/newsinfoco.com.br\/inicio\/oposicao-quer-convocar-general-heleno-para-explicar-espionagem-de-bispos\/","title":{"rendered":"Oposi\u00e7\u00e3o quer convocar general Heleno para explicar \u2018espionagem\u2019 de bispos"},"content":{"rendered":"<p style=\"text-align: justify;\">[sg_popup id=&#8221;11418&#8243; event=&#8221;inherit&#8221;][\/sg_popup]A oposi\u00e7\u00e3o ao governo Jair Bolsonaro quer convocar o ministro Augusto Heleno, chefe do Gabinete de Seguran\u00e7a Institucional (GSI), para prestar explica\u00e7\u00f5es das atividades de intelig\u00eancia sobre o \u201cclero progressista\u201d, reveladas pelo Estado.<\/p>\n<p style=\"text-align: justify;\">O Pal\u00e1cio do Planalto recebeu relat\u00f3rios de intelig\u00eancia com detalhes das reuni\u00f5es de prepara\u00e7\u00e3o do S\u00ednodo da Amaz\u00f4nia, encontro religioso convocado pelo Papa Francisco para outubro, em Roma, e tenta neutralizar o que considera uma brecha para cr\u00edticas internacionais ao governo por parte de bispos brasileiros da Igreja Cat\u00f3lica.<\/p><div class=\"newsi-conteudo_19\" id=\"newsi-1732555193\"><a href=\"https:\/\/www.instagram.com\/prefeituraalagoinhas?igsh=YzgzdDJ1bWR3aWI4\" aria-label=\"SAVE_20251006_221555\"><img loading=\"lazy\" decoding=\"async\" src=\"https:\/\/newsinfoco.com.br\/inicio\/wp-content\/uploads\/2025\/10\/SAVE_20251006_221555-rotated.jpg\" alt=\"\"  srcset=\"https:\/\/newsinfoco.com.br\/inicio\/wp-content\/uploads\/2025\/10\/SAVE_20251006_221555-rotated.jpg 1140w, https:\/\/newsinfoco.com.br\/inicio\/wp-content\/uploads\/2025\/10\/SAVE_20251006_221555-300x52.jpg 300w, https:\/\/newsinfoco.com.br\/inicio\/wp-content\/uploads\/2025\/10\/SAVE_20251006_221555-1024x177.jpg 1024w, https:\/\/newsinfoco.com.br\/inicio\/wp-content\/uploads\/2025\/10\/SAVE_20251006_221555-768x133.jpg 768w, https:\/\/newsinfoco.com.br\/inicio\/wp-content\/uploads\/2025\/10\/SAVE_20251006_221555-600x104.jpg 600w, https:\/\/newsinfoco.com.br\/inicio\/wp-content\/uploads\/2025\/10\/SAVE_20251006_221555-696x120.jpg 696w, https:\/\/newsinfoco.com.br\/inicio\/wp-content\/uploads\/2025\/10\/SAVE_20251006_221555-1068x185.jpg 1068w\" sizes=\"(max-width: 1140px) 100vw, 1140px\" width=\"1140\" height=\"197\"   \/><\/a><\/div>\n<p style=\"text-align: justify;\">O deputado Marcio Jerry (PCdoB-MA) promete protocolar nesta ter\u00e7a-feira, 12, na C\u00e2mara, um requerimento de convoca\u00e7\u00e3o do general Heleno. No entendimento do parlamentar, h\u00e1 \u201cespionagem pol\u00edtica das atividades da Confer\u00eancia Nacional dos Bispos do Brasil (CNBB), por parte da Ag\u00eancia Brasileira de Intelig\u00eancia (Abin)\u201d.<\/p>\n<p style=\"text-align: justify;\">O deputado pede que o plen\u00e1rio da C\u00e2mara aprove, por maioria simples, a convoca\u00e7\u00e3o do ministro, conforme c\u00f3pia do requerimento obtida pela reportagem. Se isso ocorrer, Heleno ser\u00e1 obrigado a ir \u00e0 tribuna da Casa para se pronunciar e depois responder aos questionamentos dos parlamentares. Cabe ao presidente da C\u00e2mara, Rodrigo Maia (DEM-RJ), convocar a comiss\u00e3o para ouvir o ministro. Uma falta configura crime de responsabilidade.<\/p>\n<p style=\"text-align: justify;\">O deputado Marcio Jerry comparou o monitoramento das reuni\u00f5es cat\u00f3licas pelo governo a uma retomada de pol\u00edticas do regime militar, ao justificar o pedido de convoca\u00e7\u00e3o. \u201cEsse tipo de procedimento \u00e9 muito grave e inadmiss\u00edvel num Estado Democr\u00e1tico de Direito, contraria as garantias constantes da Constitui\u00e7\u00e3o Federal e precisa ser urgentemente explicado pelo governo. Se de fato a Presid\u00eancia da Rep\u00fablica, por meio da Abin, estiver espionando e tratando a CNBB como \u2018inimiga interna\u2019, estar\u00e1 diante de um dos maiores esc\u00e2ndalos deste come\u00e7o de ano. \u00c9 inaceit\u00e1vel a volta da \u2018doutrina da seguran\u00e7a nacional\u2019 utilizada de maneira nefasta pela ditadura banida do nosso Pa\u00eds h\u00e1 tr\u00eas d\u00e9cadas\u201d, escreveu o deputado.<\/p>\n<h6 style=\"text-align: right;\">Estad\u00e3o Conte\u00fado<\/h6>\n<div class='share-to-whatsapp-wrapper'><div class='share-on-whsp'>Share on: <\/div><a data-text='Oposi\u00e7\u00e3o quer convocar general Heleno para explicar \u2018espionagem\u2019 de bispos' data-link='https:\/\/newsinfoco.com.br\/inicio\/oposicao-quer-convocar-general-heleno-para-explicar-espionagem-de-bispos\/' class='whatsapp-button whatsapp-share'>WhatsApp<\/a><div class='clear '><\/div><\/div>","protected":false},"excerpt":{"rendered":"<p>[sg_popup id=&#8221;11418&#8243; event=&#8221;inherit&#8221;][\/sg_popup]A oposi\u00e7\u00e3o ao governo Jair Bolsonaro quer convocar o ministro Augusto Heleno, chefe do Gabinete de Seguran\u00e7a Institucional (GSI), para prestar explica\u00e7\u00f5es das atividades de intelig\u00eancia sobre o \u201cclero progressista\u201d, reveladas pelo Estado. O Pal\u00e1cio do Planalto recebeu relat\u00f3rios de intelig\u00eancia com detalhes das reuni\u00f5es de prepara\u00e7\u00e3o do S\u00ednodo da Amaz\u00f4nia, encontro religioso [&hellip;]<\/p>\n","protected":false},"author":1,"featured_media":12842,"comment_status":"open","ping_status":"open","sticky":false,"template":"","format":"standard","meta":{"om_disable_all_campaigns":false,"_exactmetrics_skip_tracking":false,"_exactmetrics_sitenote_active":false,"_exactmetrics_sitenote_note":"","_exactmetrics_sitenote_category":0,"footnotes":""},"categories":[21],"tags":[],"class_list":["post-13449","post","type-post","status-publish","format-standard","has-post-thumbnail","hentry","category-brasil"],"aioseo_notices":[],"_links":{"self":[{"href":"https:\/\/newsinfoco.com.br\/inicio\/wp-json\/wp\/v2\/posts\/13449","targetHints":{"allow":["GET"]}}],"collection":[{"href":"https:\/\/newsinfoco.com.br\/inicio\/wp-json\/wp\/v2\/posts"}],"about":[{"href":"https:\/\/newsinfoco.com.br\/inicio\/wp-json\/wp\/v2\/types\/post"}],"author":[{"embeddable":true,"href":"https:\/\/newsinfoco.com.br\/inicio\/wp-json\/wp\/v2\/users\/1"}],"replies":[{"embeddable":true,"href":"https:\/\/newsinfoco.com.br\/inicio\/wp-json\/wp\/v2\/comments?post=13449"}],"version-history":[{"count":0,"href":"https:\/\/newsinfoco.com.br\/inicio\/wp-json\/wp\/v2\/posts\/13449\/revisions"}],"wp:featuredmedia":[{"embeddable":true,"href":"https:\/\/newsinfoco.com.br\/inicio\/wp-json\/wp\/v2\/media\/12842"}],"wp:attachment":[{"href":"https:\/\/newsinfoco.com.br\/inicio\/wp-json\/wp\/v2\/media?parent=13449"}],"wp:term":[{"taxonomy":"category","embeddable":true,"href":"https:\/\/newsinfoco.com.br\/inicio\/wp-json\/wp\/v2\/categories?post=13449"},{"taxonomy":"post_tag","embeddable":true,"href":"https:\/\/newsinfoco.com.br\/inicio\/wp-json\/wp\/v2\/tags?post=13449"}],"curies":[{"name":"wp","href":"https:\/\/api.w.org\/{rel}","templated":true}]}}