{"id":13451,"date":"2019-02-11T19:35:39","date_gmt":"2019-02-11T21:35:39","guid":{"rendered":"http:\/\/newsinfoco.com.br\/?p=13451"},"modified":"2019-02-11T19:35:39","modified_gmt":"2019-02-11T21:35:39","slug":"jornalista-ricardo-boechat-morre-em-queda-de-helicoptero","status":"publish","type":"post","link":"https:\/\/newsinfoco.com.br\/inicio\/jornalista-ricardo-boechat-morre-em-queda-de-helicoptero\/","title":{"rendered":"Jornalista Ricardo Boechat morre em queda de helic\u00f3ptero"},"content":{"rendered":"<p style=\"text-align: justify;\">[sg_popup id=&#8221;11418&#8243; event=&#8221;inherit&#8221;][\/sg_popup]O jornalista Ricardo Boechat, de 66 anos, morreu na queda de um helic\u00f3ptero no Rodoanel no in\u00edcio da tarde desta segunda-feira, 11. A aeronave caiu no quil\u00f4metro 7 do Rodoanel, pr\u00f3ximo ao acesso \u00e0 Rodovia Anhanguera, pr\u00f3ximo a chegada a S\u00e3o Paulo, em cima de um caminh\u00e3o.<\/p>\n<p style=\"text-align: justify;\">Boechat era apresentador do Jornal da Band e da R\u00e1dio BandNews FM, al\u00e9m de ser colunista da revista Isto\u00c9. Ele ganhou tr\u00eas pr\u00eamios Esso. O piloto e o copiloto da aeronave e o motorista do caminh\u00e3o tamb\u00e9m morreram. A confirma\u00e7\u00e3o da morte do jornalista veio da dire\u00e7\u00e3o de jornalismo da Band ao jornal O Estado de S. Paulo.<\/p><div class=\"newsi-conteudo_19\" id=\"newsi-1537040600\"><a href=\"https:\/\/www.instagram.com\/prefeituraalagoinhas?igsh=YzgzdDJ1bWR3aWI4\" aria-label=\"SAVE_20251006_221555\"><img loading=\"lazy\" decoding=\"async\" src=\"https:\/\/newsinfoco.com.br\/inicio\/wp-content\/uploads\/2025\/10\/SAVE_20251006_221555-rotated.jpg\" alt=\"\"  srcset=\"https:\/\/newsinfoco.com.br\/inicio\/wp-content\/uploads\/2025\/10\/SAVE_20251006_221555-rotated.jpg 1140w, https:\/\/newsinfoco.com.br\/inicio\/wp-content\/uploads\/2025\/10\/SAVE_20251006_221555-300x52.jpg 300w, https:\/\/newsinfoco.com.br\/inicio\/wp-content\/uploads\/2025\/10\/SAVE_20251006_221555-1024x177.jpg 1024w, https:\/\/newsinfoco.com.br\/inicio\/wp-content\/uploads\/2025\/10\/SAVE_20251006_221555-768x133.jpg 768w, https:\/\/newsinfoco.com.br\/inicio\/wp-content\/uploads\/2025\/10\/SAVE_20251006_221555-600x104.jpg 600w, https:\/\/newsinfoco.com.br\/inicio\/wp-content\/uploads\/2025\/10\/SAVE_20251006_221555-696x120.jpg 696w, https:\/\/newsinfoco.com.br\/inicio\/wp-content\/uploads\/2025\/10\/SAVE_20251006_221555-1068x185.jpg 1068w\" sizes=\"(max-width: 1140px) 100vw, 1140px\" width=\"1140\" height=\"197\"   \/><\/a><\/div>\n<p style=\"text-align: justify;\">Boechat estava voltando de Campinas, onde tinha ido dar uma palestra. Segundo o Corpo de Bombeiros, a aeronave caiu em cima de um caminh\u00e3o que trafegava pela via, no sentido interior, pr\u00f3ximo \u00e0 pra\u00e7a do ped\u00e1gio. O motorista do caminh\u00e3o foi socorrido pela concession\u00e1ria.<\/p>\n<p style=\"text-align: justify;\">Os bombeiros informaram que 11 viaturas foram deslocadas para o local para o resgate. Ainda de acordo com os bombeiros, a aeronave que caiu era do modelo BELL PT HPG.<\/p>\n<div class='share-to-whatsapp-wrapper'><div class='share-on-whsp'>Share on: <\/div><a data-text='Jornalista Ricardo Boechat morre em queda de helic\u00f3ptero' data-link='https:\/\/newsinfoco.com.br\/inicio\/jornalista-ricardo-boechat-morre-em-queda-de-helicoptero\/' class='whatsapp-button whatsapp-share'>WhatsApp<\/a><div class='clear '><\/div><\/div>","protected":false},"excerpt":{"rendered":"<p>[sg_popup id=&#8221;11418&#8243; event=&#8221;inherit&#8221;][\/sg_popup]O jornalista Ricardo Boechat, de 66 anos, morreu na queda de um helic\u00f3ptero no Rodoanel no in\u00edcio da tarde desta segunda-feira, 11. A aeronave caiu no quil\u00f4metro 7 do Rodoanel, pr\u00f3ximo ao acesso \u00e0 Rodovia Anhanguera, pr\u00f3ximo a chegada a S\u00e3o Paulo, em cima de um caminh\u00e3o. Boechat era apresentador do Jornal da [&hellip;]<\/p>\n","protected":false},"author":1,"featured_media":13452,"comment_status":"open","ping_status":"open","sticky":false,"template":"","format":"standard","meta":{"om_disable_all_campaigns":false,"_exactmetrics_skip_tracking":false,"_exactmetrics_sitenote_active":false,"_exactmetrics_sitenote_note":"","_exactmetrics_sitenote_category":0,"footnotes":""},"categories":[21],"tags":[],"class_list":["post-13451","post","type-post","status-publish","format-standard","has-post-thumbnail","hentry","category-brasil"],"aioseo_notices":[],"_links":{"self":[{"href":"https:\/\/newsinfoco.com.br\/inicio\/wp-json\/wp\/v2\/posts\/13451","targetHints":{"allow":["GET"]}}],"collection":[{"href":"https:\/\/newsinfoco.com.br\/inicio\/wp-json\/wp\/v2\/posts"}],"about":[{"href":"https:\/\/newsinfoco.com.br\/inicio\/wp-json\/wp\/v2\/types\/post"}],"author":[{"embeddable":true,"href":"https:\/\/newsinfoco.com.br\/inicio\/wp-json\/wp\/v2\/users\/1"}],"replies":[{"embeddable":true,"href":"https:\/\/newsinfoco.com.br\/inicio\/wp-json\/wp\/v2\/comments?post=13451"}],"version-history":[{"count":0,"href":"https:\/\/newsinfoco.com.br\/inicio\/wp-json\/wp\/v2\/posts\/13451\/revisions"}],"wp:featuredmedia":[{"embeddable":true,"href":"https:\/\/newsinfoco.com.br\/inicio\/wp-json\/wp\/v2\/media\/13452"}],"wp:attachment":[{"href":"https:\/\/newsinfoco.com.br\/inicio\/wp-json\/wp\/v2\/media?parent=13451"}],"wp:term":[{"taxonomy":"category","embeddable":true,"href":"https:\/\/newsinfoco.com.br\/inicio\/wp-json\/wp\/v2\/categories?post=13451"},{"taxonomy":"post_tag","embeddable":true,"href":"https:\/\/newsinfoco.com.br\/inicio\/wp-json\/wp\/v2\/tags?post=13451"}],"curies":[{"name":"wp","href":"https:\/\/api.w.org\/{rel}","templated":true}]}}