{"id":13493,"date":"2019-02-13T13:42:51","date_gmt":"2019-02-13T15:42:51","guid":{"rendered":"http:\/\/newsinfoco.com.br\/?p=13493"},"modified":"2019-02-13T13:42:51","modified_gmt":"2019-02-13T15:42:51","slug":"prefeito-de-inhambupe-vira-reu-em-processo-por-crime-ambiental","status":"publish","type":"post","link":"https:\/\/newsinfoco.com.br\/inicio\/prefeito-de-inhambupe-vira-reu-em-processo-por-crime-ambiental\/","title":{"rendered":"Prefeito de Inhambupe vira r\u00e9u em processo por crime ambiental"},"content":{"rendered":"<p style=\"text-align: justify;\">[sg_popup id=&#8221;11418&#8243; event=&#8221;inherit&#8221;][\/sg_popup]O prefeito de Inhambupe, Fortunato Costa, popularmente conhecido como Nena, se tornou oficialmente r\u00e9u em um processo por crime ambiental. Na segunda-feira(11) o desembargador\u00a0Jos\u00e9 Alfredo Cerqueira da Silva acatou denuncia protocolada pelo Minist\u00e9rio P\u00fablico da Bahia(MP-BA).<\/p>\n<p style=\"text-align: justify;\">De acordo com a denuncia do MP-BA datada de 2007, o frigor\u00edfico Costa Andrade LTDA, de propriedade de Nena, despejava dejetos no rio Inhambupe, provocando danos ambientais. J\u00e1 em 2010, o Instituto do Meio Ambiente (IMA) realizou inspe\u00e7\u00e3o t\u00e9cnica e verificou que o frigor\u00edfico descartava sangue e restos de animais no Rio Inhambupe, aplicando, inclusive multa \u00e0 empresa, al\u00e9m de exigir a corre\u00e7\u00e3o imediata do problema. Para o MP\u00a0a empresa e seu propriet\u00e1rio investigados causaram polui\u00e7\u00e3o em n\u00edveis tais que poderiam resultar em danos \u00e0 sa\u00fade humana ou a mortandade de animais, atrav\u00e9s do lan\u00e7amento de res\u00edduos l\u00edquidos em desacordo com as exig\u00eancias legais.<\/p><div class=\"newsi-conteudo_19\" id=\"newsi-269605346\"><a href=\"https:\/\/www.instagram.com\/prefeituraalagoinhas?igsh=YzgzdDJ1bWR3aWI4\" aria-label=\"SAVE_20251006_221555\"><img loading=\"lazy\" decoding=\"async\" src=\"https:\/\/newsinfoco.com.br\/inicio\/wp-content\/uploads\/2025\/10\/SAVE_20251006_221555-rotated.jpg\" alt=\"\"  srcset=\"https:\/\/newsinfoco.com.br\/inicio\/wp-content\/uploads\/2025\/10\/SAVE_20251006_221555-rotated.jpg 1140w, https:\/\/newsinfoco.com.br\/inicio\/wp-content\/uploads\/2025\/10\/SAVE_20251006_221555-300x52.jpg 300w, https:\/\/newsinfoco.com.br\/inicio\/wp-content\/uploads\/2025\/10\/SAVE_20251006_221555-1024x177.jpg 1024w, https:\/\/newsinfoco.com.br\/inicio\/wp-content\/uploads\/2025\/10\/SAVE_20251006_221555-768x133.jpg 768w, https:\/\/newsinfoco.com.br\/inicio\/wp-content\/uploads\/2025\/10\/SAVE_20251006_221555-600x104.jpg 600w, https:\/\/newsinfoco.com.br\/inicio\/wp-content\/uploads\/2025\/10\/SAVE_20251006_221555-696x120.jpg 696w, https:\/\/newsinfoco.com.br\/inicio\/wp-content\/uploads\/2025\/10\/SAVE_20251006_221555-1068x185.jpg 1068w\" sizes=\"(max-width: 1140px) 100vw, 1140px\" width=\"1140\" height=\"197\"   \/><\/a><\/div>\n<p style=\"text-align: justify;\">Como a denuncia \u00e9 datado de 2007, antes de Nena assumir seu mandato como prefeito, o desembargador negou o foro privilegiado, remetendo os autos do processo \u00e0 Vara Criminal da Comarca de Inhambupe.<\/p>\n<h6 style=\"text-align: right;\">Por Caio Pimenta para o News Infoco<\/h6>\n<div class='share-to-whatsapp-wrapper'><div class='share-on-whsp'>Share on: <\/div><a data-text='Prefeito de Inhambupe vira r\u00e9u em processo por crime ambiental' data-link='https:\/\/newsinfoco.com.br\/inicio\/prefeito-de-inhambupe-vira-reu-em-processo-por-crime-ambiental\/' class='whatsapp-button whatsapp-share'>WhatsApp<\/a><div class='clear '><\/div><\/div>","protected":false},"excerpt":{"rendered":"<p>[sg_popup id=&#8221;11418&#8243; event=&#8221;inherit&#8221;][\/sg_popup]O prefeito de Inhambupe, Fortunato Costa, popularmente conhecido como Nena, se tornou oficialmente r\u00e9u em um processo por crime ambiental. Na segunda-feira(11) o desembargador\u00a0Jos\u00e9 Alfredo Cerqueira da Silva acatou denuncia protocolada pelo Minist\u00e9rio P\u00fablico da Bahia(MP-BA). De acordo com a denuncia do MP-BA datada de 2007, o frigor\u00edfico Costa Andrade LTDA, de propriedade [&hellip;]<\/p>\n","protected":false},"author":1,"featured_media":12531,"comment_status":"open","ping_status":"open","sticky":false,"template":"","format":"standard","meta":{"om_disable_all_campaigns":false,"_exactmetrics_skip_tracking":false,"_exactmetrics_sitenote_active":false,"_exactmetrics_sitenote_note":"","_exactmetrics_sitenote_category":0,"footnotes":""},"categories":[38,30],"tags":[],"class_list":["post-13493","post","type-post","status-publish","format-standard","has-post-thumbnail","hentry","category-alagoinhas-e-regiao","category-destaque"],"aioseo_notices":[],"_links":{"self":[{"href":"https:\/\/newsinfoco.com.br\/inicio\/wp-json\/wp\/v2\/posts\/13493","targetHints":{"allow":["GET"]}}],"collection":[{"href":"https:\/\/newsinfoco.com.br\/inicio\/wp-json\/wp\/v2\/posts"}],"about":[{"href":"https:\/\/newsinfoco.com.br\/inicio\/wp-json\/wp\/v2\/types\/post"}],"author":[{"embeddable":true,"href":"https:\/\/newsinfoco.com.br\/inicio\/wp-json\/wp\/v2\/users\/1"}],"replies":[{"embeddable":true,"href":"https:\/\/newsinfoco.com.br\/inicio\/wp-json\/wp\/v2\/comments?post=13493"}],"version-history":[{"count":0,"href":"https:\/\/newsinfoco.com.br\/inicio\/wp-json\/wp\/v2\/posts\/13493\/revisions"}],"wp:featuredmedia":[{"embeddable":true,"href":"https:\/\/newsinfoco.com.br\/inicio\/wp-json\/wp\/v2\/media\/12531"}],"wp:attachment":[{"href":"https:\/\/newsinfoco.com.br\/inicio\/wp-json\/wp\/v2\/media?parent=13493"}],"wp:term":[{"taxonomy":"category","embeddable":true,"href":"https:\/\/newsinfoco.com.br\/inicio\/wp-json\/wp\/v2\/categories?post=13493"},{"taxonomy":"post_tag","embeddable":true,"href":"https:\/\/newsinfoco.com.br\/inicio\/wp-json\/wp\/v2\/tags?post=13493"}],"curies":[{"name":"wp","href":"https:\/\/api.w.org\/{rel}","templated":true}]}}