{"id":13496,"date":"2019-02-13T18:46:59","date_gmt":"2019-02-13T20:46:59","guid":{"rendered":"http:\/\/newsinfoco.com.br\/?p=13496"},"modified":"2019-02-13T18:46:59","modified_gmt":"2019-02-13T20:46:59","slug":"atletico-de-alagoinhas-do-sonho-a-realidade-por-andre-luiz","status":"publish","type":"post","link":"https:\/\/newsinfoco.com.br\/inicio\/atletico-de-alagoinhas-do-sonho-a-realidade-por-andre-luiz\/","title":{"rendered":"Atl\u00e9tico de Alagoinhas: Do sonho \u00e0 realidade &#8211; Por Andr\u00e9 Luiz"},"content":{"rendered":"<p style=\"text-align: justify;\">[sg_popup id=&#8221;11418&#8243; event=&#8221;inherit&#8221;][\/sg_popup]Amigo torcedor, o Atl\u00e9tico de Alagoinhas entrou agora em uma fase muito delicada do campeonato baiano. Faltando apenas 4 partidas(na ordem: Bahia de Feira, Vitoria, Jacobina e Jacuipense), duas em casa e duas fora, o time carcar\u00e1 vai ter que pontuar na competi\u00e7\u00e3o.<\/p>\n<p style=\"text-align: justify;\">Aquela lua de mel com a torcida ficou um pouco estremecida depois dos \u00faltimos resultados, empate com o time sub 23 do Bahia no Carneir\u00e3o e a derrota diante do Fluminense de Feira na cidade de Feira de Santana, inclusive, alguns torcedores fizeram protesto no treino de ontem(12) do time no Carneir\u00e3o por causa dos p\u00e9ssimos resultados.<\/p><div class=\"newsi-conteudo_19\" id=\"newsi-687978251\"><a href=\"https:\/\/www.instagram.com\/prefeituraalagoinhas?igsh=YzgzdDJ1bWR3aWI4\" aria-label=\"SAVE_20251006_221555\"><img loading=\"lazy\" decoding=\"async\" src=\"https:\/\/newsinfoco.com.br\/inicio\/wp-content\/uploads\/2025\/10\/SAVE_20251006_221555-rotated.jpg\" alt=\"\"  srcset=\"https:\/\/newsinfoco.com.br\/inicio\/wp-content\/uploads\/2025\/10\/SAVE_20251006_221555-rotated.jpg 1140w, https:\/\/newsinfoco.com.br\/inicio\/wp-content\/uploads\/2025\/10\/SAVE_20251006_221555-300x52.jpg 300w, https:\/\/newsinfoco.com.br\/inicio\/wp-content\/uploads\/2025\/10\/SAVE_20251006_221555-1024x177.jpg 1024w, https:\/\/newsinfoco.com.br\/inicio\/wp-content\/uploads\/2025\/10\/SAVE_20251006_221555-768x133.jpg 768w, https:\/\/newsinfoco.com.br\/inicio\/wp-content\/uploads\/2025\/10\/SAVE_20251006_221555-600x104.jpg 600w, https:\/\/newsinfoco.com.br\/inicio\/wp-content\/uploads\/2025\/10\/SAVE_20251006_221555-696x120.jpg 696w, https:\/\/newsinfoco.com.br\/inicio\/wp-content\/uploads\/2025\/10\/SAVE_20251006_221555-1068x185.jpg 1068w\" sizes=\"(max-width: 1140px) 100vw, 1140px\" width=\"1140\" height=\"197\"   \/><\/a><\/div>\n<p style=\"text-align: justify;\">Um grupo de torcedores conversaram com os jogadores e com a comiss\u00e3o t\u00e9cnica. Segundo Glauber Ara\u00fajo, presidente da torcida organizada Jovem coral, foram feitas algumas perguntas ao elenco. &#8220;Est\u00e1 faltando alguma coisa?&#8221;, &#8220;A diretoria est\u00e1 cumprindo o que havia prometido?&#8221;. A resposta dos jogadores foi que tudo estava em dias e que a diretoria vinha cumprindo at\u00e9 aqui o que tinha acertado com eles.<\/p>\n<p style=\"text-align: justify;\">Ao analisar o elenco do Atl\u00e9tico de Alagoinhas, n\u00e3o h\u00e1 d\u00favidas, o time realmente carece n\u00e3o s\u00f3 de pe\u00e7as de reposi\u00e7\u00e3o, mas falta o b\u00e1sico mesmo, \u00e9 s\u00f3 olharmos o time em campo, o sistema defensivo, por exemplo, e j\u00e1 come\u00e7amos muito mal.\u00a0 Os dois goleiros contratados, que por coincid\u00eancia se chamam Rodrigo( Rodrigo Ramos e Rodrigo Dias), deixaram bem claro que n\u00e3o est\u00e3o a altura do campeonato baiano, bem abaixo do n\u00edvel dos goleiros da competi\u00e7\u00e3o. Na lateral direita tem Edcarlos, um lateral que foi criticado em todas partidas que atuou com a camisa do Carcar\u00e1. O zagueiro Alysson, que j\u00e1 tinha brilhado em outras oportunidades, tamb\u00e9m quando foi escalado deixou a desejar. Ora, a falta de estabilidade do sistema defensivo traz uma inseguran\u00e7a muito grande para o restante do time, isso \u00e9 not\u00f3rio.<\/p>\n<p style=\"text-align: justify;\">Em busca da dar uma satisfa\u00e7\u00e3o \u00e0 sua torcida, os dirigentes anunciaram a contrata\u00e7\u00e3o de um goleiro, o Diego Martins Machado, que estava atuando no Guarani de Juazeiro do Norte. Diego j\u00e1 jogou tamb\u00e9m no Ypiranga- RS, Herc\u00edlio Luz , Sergipe, Treze e Ferrovi\u00e1rio CE. Os dirigentes do carcar\u00e1 tamb\u00e9m tentaram contratar um lateral que atua pelo lado direito, mas at\u00e9 o momento os dois nomes consultados n\u00e3o acertaram.<\/p>\n<p style=\"text-align: justify;\">O sinal vermelho est\u00e1 aceso. O Atl\u00e9tico est\u00e1 com m\u00edseros 4 pontos em 5 jogos disputados e est\u00e1 a 2 pontos da zona de rebaixamento. O momento \u00e9 de buscar melhorar na competi\u00e7\u00e3o.<\/p>\n<p style=\"text-align: justify;\">Ali\u00e1s algo estranho acontece com o time atleticano. Enquanto equipes que come\u00e7aram sem a m\u00ednima esperan\u00e7a de algo positivo no campeonato, seja por falta de recursos, seja por falta de qualidade no seus respectivos elencos, vem melhorando, a exemplo do Vit\u00f3ria da conquista e da Jacuipense, o nosso representante, a cada partida que se apresenta, vem caindo de qualidade, vem despencando a olhos vistos. Isso por sua vez traz uma inseguran\u00e7a muito grande para o seu torcedor. Olhando o que se produziu at\u00e9 aqui, e se analisarmos o que temos pela frente, o fantasma da segunda divis\u00e3o vem assombrando o torcedor carcar\u00e1.<\/p>\n<h6 style=\"text-align: justify;\"><strong>*Andr\u00e9 Luiz escreve para a p\u00e1gina de esportes do site News Infoco, assina a Coluna De Olho no Esporte no mesmo site, al\u00e9m de ser comentarista esportivo do Programa Primeira M\u00e3o, da r\u00e1dio 95,7 FM<\/strong><\/h6>\n<p>&nbsp;<\/p>\n<div class='share-to-whatsapp-wrapper'><div class='share-on-whsp'>Share on: <\/div><a data-text='Atl\u00e9tico de Alagoinhas: Do sonho \u00e0 realidade - Por Andr\u00e9 Luiz' data-link='https:\/\/newsinfoco.com.br\/inicio\/atletico-de-alagoinhas-do-sonho-a-realidade-por-andre-luiz\/' class='whatsapp-button whatsapp-share'>WhatsApp<\/a><div class='clear '><\/div><\/div>","protected":false},"excerpt":{"rendered":"<p>[sg_popup id=&#8221;11418&#8243; event=&#8221;inherit&#8221;][\/sg_popup]Amigo torcedor, o Atl\u00e9tico de Alagoinhas entrou agora em uma fase muito delicada do campeonato baiano. Faltando apenas 4 partidas(na ordem: Bahia de Feira, Vitoria, Jacobina e Jacuipense), duas em casa e duas fora, o time carcar\u00e1 vai ter que pontuar na competi\u00e7\u00e3o. Aquela lua de mel com a torcida ficou um pouco [&hellip;]<\/p>\n","protected":false},"author":1,"featured_media":3607,"comment_status":"open","ping_status":"open","sticky":false,"template":"","format":"standard","meta":{"om_disable_all_campaigns":false,"_exactmetrics_skip_tracking":false,"_exactmetrics_sitenote_active":false,"_exactmetrics_sitenote_note":"","_exactmetrics_sitenote_category":0,"footnotes":""},"categories":[161],"tags":[],"class_list":["post-13496","post","type-post","status-publish","format-standard","has-post-thumbnail","hentry","category-de-olho-no-esporte-andre-luiz"],"aioseo_notices":[],"_links":{"self":[{"href":"https:\/\/newsinfoco.com.br\/inicio\/wp-json\/wp\/v2\/posts\/13496","targetHints":{"allow":["GET"]}}],"collection":[{"href":"https:\/\/newsinfoco.com.br\/inicio\/wp-json\/wp\/v2\/posts"}],"about":[{"href":"https:\/\/newsinfoco.com.br\/inicio\/wp-json\/wp\/v2\/types\/post"}],"author":[{"embeddable":true,"href":"https:\/\/newsinfoco.com.br\/inicio\/wp-json\/wp\/v2\/users\/1"}],"replies":[{"embeddable":true,"href":"https:\/\/newsinfoco.com.br\/inicio\/wp-json\/wp\/v2\/comments?post=13496"}],"version-history":[{"count":0,"href":"https:\/\/newsinfoco.com.br\/inicio\/wp-json\/wp\/v2\/posts\/13496\/revisions"}],"wp:featuredmedia":[{"embeddable":true,"href":"https:\/\/newsinfoco.com.br\/inicio\/wp-json\/wp\/v2\/media\/3607"}],"wp:attachment":[{"href":"https:\/\/newsinfoco.com.br\/inicio\/wp-json\/wp\/v2\/media?parent=13496"}],"wp:term":[{"taxonomy":"category","embeddable":true,"href":"https:\/\/newsinfoco.com.br\/inicio\/wp-json\/wp\/v2\/categories?post=13496"},{"taxonomy":"post_tag","embeddable":true,"href":"https:\/\/newsinfoco.com.br\/inicio\/wp-json\/wp\/v2\/tags?post=13496"}],"curies":[{"name":"wp","href":"https:\/\/api.w.org\/{rel}","templated":true}]}}