{"id":13499,"date":"2019-02-13T19:17:22","date_gmt":"2019-02-13T21:17:22","guid":{"rendered":"http:\/\/newsinfoco.com.br\/?p=13499"},"modified":"2019-02-13T19:19:15","modified_gmt":"2019-02-13T21:19:15","slug":"sessao-da-camara-municipal-de-alagoinhas-e-marcada-por-pedido-de-audiencia-publica-e-indicacoes-de-parlamentares","status":"publish","type":"post","link":"https:\/\/newsinfoco.com.br\/inicio\/sessao-da-camara-municipal-de-alagoinhas-e-marcada-por-pedido-de-audiencia-publica-e-indicacoes-de-parlamentares\/","title":{"rendered":"Sess\u00e3o da C\u00e2mara Municipal de Alagoinhas \u00e9 marcada por pedido de audiencia p\u00fablica e indica\u00e7\u00f5es de parlamentares"},"content":{"rendered":"<p style=\"text-align: justify;\">[sg_popup id=&#8221;11418&#8243; event=&#8221;inherit&#8221;][\/sg_popup]Na sess\u00e3o ordin\u00e1ria realizada na \u00faltima ter\u00e7a-feira (12), na C\u00e2mara Municipal de Alagoinhas, constaram no expediente e foram lidas as seguintes proposi\u00e7\u00f5es de autoria dos parlamentares: Requerimento n\u00ba 001\/2019, solicitando a realiza\u00e7\u00e3o de Sess\u00e3o Especial em comemora\u00e7\u00e3o ao centen\u00e1rio da 1\u00aa Igreja Batista de Alagoinhas, e Mo\u00e7\u00e3o n\u00ba 001\/2019 de Luto e Profundo Pesar pelo falecimento do insigne senhor Jefferson Vila Nova, ocorrido no dia 29 de Janeiro, ambos de autoria do vereador Luciano Almeida; requerimento n\u00ba 002\/2019, solicitando a realiza\u00e7\u00e3o de Audi\u00eancia P\u00fablica com o objetivo de tratar da implanta\u00e7\u00e3o do Hospital Municipal de Alagoinhas de autoria do vereador Luciano S\u00e9rgio; e mo\u00e7\u00e3o de Louvor e Aplausos n\u00ba 002\/2019 ao UNIRB Futebol Clube S\/A, time de futebol da rede UNIRB, fundado em 14\/09\/2018, de autoria do vereador Anderson Baqueiro.<\/p>\n<p style=\"text-align: justify;\">Ainda durante a sess\u00e3o, indica\u00e7\u00f5es para serem encaminhadas ao Exmo. Prefeito, de autoria dos parlamentares foram lidas, s\u00e3o elas: n\u00ba 001\/2019 e n\u00ba 002\/2019, solicitando que seja autorizado ao setor competente a execu\u00e7\u00e3o de obras de reforma da grade de prote\u00e7\u00e3o da ponte sobre o Rio Catu, e a limpeza estrutural e org\u00e2nica no bairro do jardim Pedro Braga (Rua Ant\u00f4nio Paolilo) de autoria do vereador Juracy Nascimento; n\u00ba 003\/2018 e n\u00ba 004\/2019, solicitando a reforma geral da Escola Municipal Jorge Amado, localizada na comunidade do Catuzinho, e a coloca\u00e7\u00e3o de grades de prote\u00e7\u00e3o nas valas\/canais na Escola Municipal Gon\u00e7alo Muniz, localizada na Comunidade do Pindobal de autoria do vereador Pastor Lins; n\u00ba 005\/2019 e n\u00ba 006\/2019, solicitando que sejam adotadas provid\u00eancias para viabilizar a limpeza dos bueiros da localidade de Boa Uni\u00e3o, e a contrata\u00e7\u00e3o de mais um motorista para ambul\u00e2ncia de sa\u00fade a fim de garantir o funcionamento deste equipamento 24hs no distrito de autoria do vereador Cleto da Banana.<\/p><div class=\"newsi-conteudo_19\" id=\"newsi-695905383\"><a href=\"https:\/\/www.instagram.com\/prefeituraalagoinhas?igsh=YzgzdDJ1bWR3aWI4\" aria-label=\"SAVE_20251006_221555\"><img loading=\"lazy\" decoding=\"async\" src=\"https:\/\/newsinfoco.com.br\/inicio\/wp-content\/uploads\/2025\/10\/SAVE_20251006_221555-rotated.jpg\" alt=\"\"  srcset=\"https:\/\/newsinfoco.com.br\/inicio\/wp-content\/uploads\/2025\/10\/SAVE_20251006_221555-rotated.jpg 1140w, https:\/\/newsinfoco.com.br\/inicio\/wp-content\/uploads\/2025\/10\/SAVE_20251006_221555-300x52.jpg 300w, https:\/\/newsinfoco.com.br\/inicio\/wp-content\/uploads\/2025\/10\/SAVE_20251006_221555-1024x177.jpg 1024w, https:\/\/newsinfoco.com.br\/inicio\/wp-content\/uploads\/2025\/10\/SAVE_20251006_221555-768x133.jpg 768w, https:\/\/newsinfoco.com.br\/inicio\/wp-content\/uploads\/2025\/10\/SAVE_20251006_221555-600x104.jpg 600w, https:\/\/newsinfoco.com.br\/inicio\/wp-content\/uploads\/2025\/10\/SAVE_20251006_221555-696x120.jpg 696w, https:\/\/newsinfoco.com.br\/inicio\/wp-content\/uploads\/2025\/10\/SAVE_20251006_221555-1068x185.jpg 1068w\" sizes=\"(max-width: 1140px) 100vw, 1140px\" width=\"1140\" height=\"197\"   \/><\/a><\/div>\n<p style=\"text-align: justify;\">A pr\u00f3xima sess\u00e3o ser\u00e1 realizada na quinta-feira (14), no hor\u00e1rio regimental, \u00e0s 15h.<\/p>\n<h6 style=\"text-align: right;\">Ascom &#8211; C\u00e2mara Municipal de Alagoinhas<\/h6>\n<div class='share-to-whatsapp-wrapper'><div class='share-on-whsp'>Share on: <\/div><a data-text='Sess\u00e3o da C\u00e2mara Municipal de Alagoinhas \u00e9 marcada por pedido de audiencia p\u00fablica e indica\u00e7\u00f5es de parlamentares' data-link='https:\/\/newsinfoco.com.br\/inicio\/sessao-da-camara-municipal-de-alagoinhas-e-marcada-por-pedido-de-audiencia-publica-e-indicacoes-de-parlamentares\/' class='whatsapp-button whatsapp-share'>WhatsApp<\/a><div class='clear '><\/div><\/div>","protected":false},"excerpt":{"rendered":"<p>[sg_popup id=&#8221;11418&#8243; event=&#8221;inherit&#8221;][\/sg_popup]Na sess\u00e3o ordin\u00e1ria realizada na \u00faltima ter\u00e7a-feira (12), na C\u00e2mara Municipal de Alagoinhas, constaram no expediente e foram lidas as seguintes proposi\u00e7\u00f5es de autoria dos parlamentares: Requerimento n\u00ba 001\/2019, solicitando a realiza\u00e7\u00e3o de Sess\u00e3o Especial em comemora\u00e7\u00e3o ao centen\u00e1rio da 1\u00aa Igreja Batista de Alagoinhas, e Mo\u00e7\u00e3o n\u00ba 001\/2019 de Luto e Profundo [&hellip;]<\/p>\n","protected":false},"author":1,"featured_media":13500,"comment_status":"open","ping_status":"open","sticky":false,"template":"","format":"standard","meta":{"om_disable_all_campaigns":false,"_exactmetrics_skip_tracking":false,"_exactmetrics_sitenote_active":false,"_exactmetrics_sitenote_note":"","_exactmetrics_sitenote_category":0,"footnotes":""},"categories":[38,30],"tags":[],"class_list":["post-13499","post","type-post","status-publish","format-standard","has-post-thumbnail","hentry","category-alagoinhas-e-regiao","category-destaque"],"aioseo_notices":[],"_links":{"self":[{"href":"https:\/\/newsinfoco.com.br\/inicio\/wp-json\/wp\/v2\/posts\/13499","targetHints":{"allow":["GET"]}}],"collection":[{"href":"https:\/\/newsinfoco.com.br\/inicio\/wp-json\/wp\/v2\/posts"}],"about":[{"href":"https:\/\/newsinfoco.com.br\/inicio\/wp-json\/wp\/v2\/types\/post"}],"author":[{"embeddable":true,"href":"https:\/\/newsinfoco.com.br\/inicio\/wp-json\/wp\/v2\/users\/1"}],"replies":[{"embeddable":true,"href":"https:\/\/newsinfoco.com.br\/inicio\/wp-json\/wp\/v2\/comments?post=13499"}],"version-history":[{"count":0,"href":"https:\/\/newsinfoco.com.br\/inicio\/wp-json\/wp\/v2\/posts\/13499\/revisions"}],"wp:featuredmedia":[{"embeddable":true,"href":"https:\/\/newsinfoco.com.br\/inicio\/wp-json\/wp\/v2\/media\/13500"}],"wp:attachment":[{"href":"https:\/\/newsinfoco.com.br\/inicio\/wp-json\/wp\/v2\/media?parent=13499"}],"wp:term":[{"taxonomy":"category","embeddable":true,"href":"https:\/\/newsinfoco.com.br\/inicio\/wp-json\/wp\/v2\/categories?post=13499"},{"taxonomy":"post_tag","embeddable":true,"href":"https:\/\/newsinfoco.com.br\/inicio\/wp-json\/wp\/v2\/tags?post=13499"}],"curies":[{"name":"wp","href":"https:\/\/api.w.org\/{rel}","templated":true}]}}