{"id":13503,"date":"2019-02-13T19:33:38","date_gmt":"2019-02-13T21:33:38","guid":{"rendered":"http:\/\/newsinfoco.com.br\/?p=13503"},"modified":"2019-02-13T19:46:24","modified_gmt":"2019-02-13T21:46:24","slug":"em-primeiro-dia-de-pre-cadastramento-apenas-6-mototaxis-comparecem-a-smtt-de-alagoinhas","status":"publish","type":"post","link":"https:\/\/newsinfoco.com.br\/inicio\/em-primeiro-dia-de-pre-cadastramento-apenas-6-mototaxis-comparecem-a-smtt-de-alagoinhas\/","title":{"rendered":"Em primeiro dia de pr\u00e9-cadastramento, apenas 6 motot\u00e1xis comparecem \u00e0 SMTT de Alagoinhas"},"content":{"rendered":"<p style=\"text-align: justify;\">[sg_popup id=&#8221;11418&#8243; event=&#8221;inherit&#8221;][\/sg_popup]O primeiro dia de pr\u00e9-cadastramento dos mototaxistas de Alagoinhas que se iniciou ontem(12) apresentou baixa procura por parte da categoria. O pr\u00e9-cadastro que segue um cronograma de chamamento, iniciou com a chamada dos mototaxistas que ficavam localizados em frente ao Banco do Brasil. Dos mais de 70 mototaxis que a SMTT estima haver naquele ponto, apenas 6 compareceram no primeiro dia.<\/p>\n<p style=\"text-align: justify;\">Esse pr\u00e9-cadastramento garantir\u00e1 a isen\u00e7\u00e3o de tarifa aos mototaxistas quando estacionados nos locais previamente designados pela SMTT, mediante sinaliza\u00e7\u00e3o espec\u00edfica. Esse pr\u00e9-cadastro tamb\u00e9m ser\u00e1 utilizado para a regulamenta\u00e7\u00e3o da atividade na cidade que deve ocorrer nos pr\u00f3ximos meses.<\/p><div class=\"newsi-conteudo_19\" id=\"newsi-3064089048\"><a href=\"https:\/\/www.instagram.com\/prefeituraalagoinhas?igsh=YzgzdDJ1bWR3aWI4\" aria-label=\"SAVE_20251006_221555\"><img loading=\"lazy\" decoding=\"async\" src=\"https:\/\/newsinfoco.com.br\/inicio\/wp-content\/uploads\/2025\/10\/SAVE_20251006_221555-rotated.jpg\" alt=\"\"  srcset=\"https:\/\/newsinfoco.com.br\/inicio\/wp-content\/uploads\/2025\/10\/SAVE_20251006_221555-rotated.jpg 1140w, https:\/\/newsinfoco.com.br\/inicio\/wp-content\/uploads\/2025\/10\/SAVE_20251006_221555-300x52.jpg 300w, https:\/\/newsinfoco.com.br\/inicio\/wp-content\/uploads\/2025\/10\/SAVE_20251006_221555-1024x177.jpg 1024w, https:\/\/newsinfoco.com.br\/inicio\/wp-content\/uploads\/2025\/10\/SAVE_20251006_221555-768x133.jpg 768w, https:\/\/newsinfoco.com.br\/inicio\/wp-content\/uploads\/2025\/10\/SAVE_20251006_221555-600x104.jpg 600w, https:\/\/newsinfoco.com.br\/inicio\/wp-content\/uploads\/2025\/10\/SAVE_20251006_221555-696x120.jpg 696w, https:\/\/newsinfoco.com.br\/inicio\/wp-content\/uploads\/2025\/10\/SAVE_20251006_221555-1068x185.jpg 1068w\" sizes=\"(max-width: 1140px) 100vw, 1140px\" width=\"1140\" height=\"197\"   \/><\/a><\/div>\n<p style=\"text-align: justify;\">O mototaxista deve estar atento ao cronograma de pr\u00e9-cadastro e se dirigir na data indicada \u00e0 sede da SMTT\u00a0localizada em Alagoinhas na Av. Airton Senna, bairro de Alagoinhas Velha, portando a CNH, a CRLV e o comprovante de resid\u00eancia, originais e foto-copias. Veja o cronograma abaixo:<\/p>\n<p><a href=\"http:\/\/newsinfoco.com.br\/wp-content\/uploads\/2019\/02\/IMG-20190212-WA0078.jpg\"><img loading=\"lazy\" decoding=\"async\" class=\"aligncenter size-large wp-image-13479\" src=\"http:\/\/newsinfoco.com.br\/wp-content\/uploads\/2019\/02\/IMG-20190212-WA0078-720x1024.jpg\" alt=\"\" width=\"696\" height=\"990\" srcset=\"https:\/\/newsinfoco.com.br\/inicio\/wp-content\/uploads\/2019\/02\/IMG-20190212-WA0078-720x1024.jpg 720w, https:\/\/newsinfoco.com.br\/inicio\/wp-content\/uploads\/2019\/02\/IMG-20190212-WA0078-211x300.jpg 211w, https:\/\/newsinfoco.com.br\/inicio\/wp-content\/uploads\/2019\/02\/IMG-20190212-WA0078-768x1092.jpg 768w, https:\/\/newsinfoco.com.br\/inicio\/wp-content\/uploads\/2019\/02\/IMG-20190212-WA0078-600x853.jpg 600w, https:\/\/newsinfoco.com.br\/inicio\/wp-content\/uploads\/2019\/02\/IMG-20190212-WA0078-696x990.jpg 696w, https:\/\/newsinfoco.com.br\/inicio\/wp-content\/uploads\/2019\/02\/IMG-20190212-WA0078-295x420.jpg 295w, https:\/\/newsinfoco.com.br\/inicio\/wp-content\/uploads\/2019\/02\/IMG-20190212-WA0078.jpg 900w\" sizes=\"auto, (max-width: 696px) 100vw, 696px\" \/><\/a><\/p>\n<h6 style=\"text-align: right;\">Por Caio Pimenta para o News Infoco<\/h6>\n<p>&nbsp;<\/p>\n<div class='share-to-whatsapp-wrapper'><div class='share-on-whsp'>Share on: <\/div><a data-text='Em primeiro dia de pr\u00e9-cadastramento, apenas 6 motot\u00e1xis comparecem \u00e0 SMTT de Alagoinhas' data-link='https:\/\/newsinfoco.com.br\/inicio\/em-primeiro-dia-de-pre-cadastramento-apenas-6-mototaxis-comparecem-a-smtt-de-alagoinhas\/' class='whatsapp-button whatsapp-share'>WhatsApp<\/a><div class='clear '><\/div><\/div>","protected":false},"excerpt":{"rendered":"<p>[sg_popup id=&#8221;11418&#8243; event=&#8221;inherit&#8221;][\/sg_popup]O primeiro dia de pr\u00e9-cadastramento dos mototaxistas de Alagoinhas que se iniciou ontem(12) apresentou baixa procura por parte da categoria. O pr\u00e9-cadastro que segue um cronograma de chamamento, iniciou com a chamada dos mototaxistas que ficavam localizados em frente ao Banco do Brasil. Dos mais de 70 mototaxis que a SMTT estima haver [&hellip;]<\/p>\n","protected":false},"author":1,"featured_media":13508,"comment_status":"open","ping_status":"open","sticky":false,"template":"","format":"standard","meta":{"om_disable_all_campaigns":false,"_exactmetrics_skip_tracking":false,"_exactmetrics_sitenote_active":false,"_exactmetrics_sitenote_note":"","_exactmetrics_sitenote_category":0,"footnotes":""},"categories":[38,30],"tags":[],"class_list":["post-13503","post","type-post","status-publish","format-standard","has-post-thumbnail","hentry","category-alagoinhas-e-regiao","category-destaque"],"aioseo_notices":[],"_links":{"self":[{"href":"https:\/\/newsinfoco.com.br\/inicio\/wp-json\/wp\/v2\/posts\/13503","targetHints":{"allow":["GET"]}}],"collection":[{"href":"https:\/\/newsinfoco.com.br\/inicio\/wp-json\/wp\/v2\/posts"}],"about":[{"href":"https:\/\/newsinfoco.com.br\/inicio\/wp-json\/wp\/v2\/types\/post"}],"author":[{"embeddable":true,"href":"https:\/\/newsinfoco.com.br\/inicio\/wp-json\/wp\/v2\/users\/1"}],"replies":[{"embeddable":true,"href":"https:\/\/newsinfoco.com.br\/inicio\/wp-json\/wp\/v2\/comments?post=13503"}],"version-history":[{"count":0,"href":"https:\/\/newsinfoco.com.br\/inicio\/wp-json\/wp\/v2\/posts\/13503\/revisions"}],"wp:featuredmedia":[{"embeddable":true,"href":"https:\/\/newsinfoco.com.br\/inicio\/wp-json\/wp\/v2\/media\/13508"}],"wp:attachment":[{"href":"https:\/\/newsinfoco.com.br\/inicio\/wp-json\/wp\/v2\/media?parent=13503"}],"wp:term":[{"taxonomy":"category","embeddable":true,"href":"https:\/\/newsinfoco.com.br\/inicio\/wp-json\/wp\/v2\/categories?post=13503"},{"taxonomy":"post_tag","embeddable":true,"href":"https:\/\/newsinfoco.com.br\/inicio\/wp-json\/wp\/v2\/tags?post=13503"}],"curies":[{"name":"wp","href":"https:\/\/api.w.org\/{rel}","templated":true}]}}