{"id":13524,"date":"2019-02-13T21:55:39","date_gmt":"2019-02-13T23:55:39","guid":{"rendered":"http:\/\/newsinfoco.com.br\/?p=13524"},"modified":"2019-02-13T21:55:39","modified_gmt":"2019-02-13T23:55:39","slug":"lidice-da-mata-e-alex-lima-se-manifestam-contra-reabertura-de-presidio-em-esplanada","status":"publish","type":"post","link":"https:\/\/newsinfoco.com.br\/inicio\/lidice-da-mata-e-alex-lima-se-manifestam-contra-reabertura-de-presidio-em-esplanada\/","title":{"rendered":"L\u00eddice Da Mata e Alex Lima se manifestam contra reabertura de pres\u00eddio em Esplanada"},"content":{"rendered":"<p style=\"text-align: justify;\">[sg_popup id=&#8221;11418&#8243; event=&#8221;inherit&#8221;][\/sg_popup]A deputada federal L\u00eddice da Mata e o deputado estadual Alex Lima se manifestaram contr\u00e1rios \u00e0 reabertura do pres\u00eddio de Esplanada.<\/p>\n<p style=\"text-align: justify;\">A Justi\u00e7a determinou a reforma da unidade ap\u00f3s pedido dos promotores de Justi\u00e7a Paulo C\u00e9sar de Azevedo, Gilber Oliveira e Dario Jos\u00e9 Kist.<\/p>\n<p style=\"text-align: justify;\">Em discurso nesta ter\u00e7a-feira (12) na Assembleia Legislativa, o deputado afirmou que os \u00edndices de viol\u00eancia no munic\u00edpio pioraram com a instala\u00e7\u00e3o da unidade prisional.<\/p>\n<p style=\"text-align: justify;\">\u201cRespeito a a\u00e7\u00e3o dos promotores e a decis\u00e3o do juiz Augusto Yuzo Jouti, mas esse \u00e9 um presente que os esplanadenses n\u00e3o querem. Pe\u00e7o sensibilidade ao Minist\u00e9rio P\u00fablico, pois n\u00e3o podemos abrir uma unidade prisional em uma cidade onde a popula\u00e7\u00e3o n\u00e3o aceita\u201d, discursou o parlamentar.<\/p>\n<p style=\"text-align: justify;\">A posi\u00e7\u00e3o foi endossada pela presidente do PSB baiano. Por meio de nota, L\u00eddice defendeu que a popula\u00e7\u00e3o da cidade seja ouvida sobre a reabertura do pres\u00eddio.<\/p>\n<p style=\"text-align: justify;\">A deputada refor\u00e7ou ainda sugest\u00e3o do correligion\u00e1rio, que defendeu a abertura de dois pres\u00eddios j\u00e1 constru\u00eddos no estado, mas embargados pelo Minist\u00e9rio P\u00fablico do Trabalho, cada um com capacidade para 513 detentos.<\/p>\n<div class='share-to-whatsapp-wrapper'><div class='share-on-whsp'>Share on: <\/div><a data-text='L\u00eddice Da Mata e Alex Lima se manifestam contra reabertura de pres\u00eddio em Esplanada' data-link='https:\/\/newsinfoco.com.br\/inicio\/lidice-da-mata-e-alex-lima-se-manifestam-contra-reabertura-de-presidio-em-esplanada\/' class='whatsapp-button whatsapp-share'>WhatsApp<\/a><div class='clear '><\/div><\/div>","protected":false},"excerpt":{"rendered":"<p>[sg_popup id=&#8221;11418&#8243; event=&#8221;inherit&#8221;][\/sg_popup]A deputada federal L\u00eddice da Mata e o deputado estadual Alex Lima se manifestaram contr\u00e1rios \u00e0 reabertura do pres\u00eddio de Esplanada. A Justi\u00e7a determinou a reforma da unidade ap\u00f3s pedido dos promotores de Justi\u00e7a Paulo C\u00e9sar de Azevedo, Gilber Oliveira e Dario Jos\u00e9 Kist. Em discurso nesta ter\u00e7a-feira (12) na Assembleia Legislativa, o [&hellip;]<\/p>\n","protected":false},"author":1,"featured_media":13525,"comment_status":"open","ping_status":"open","sticky":false,"template":"","format":"standard","meta":{"om_disable_all_campaigns":false,"rop_custom_images_group":[],"rop_custom_messages_group":[],"rop_publish_now":"initial","rop_publish_now_accounts":[],"rop_publish_now_history":[],"rop_publish_now_status":"pending","_exactmetrics_skip_tracking":false,"footnotes":""},"categories":[19],"tags":[],"class_list":["post-13524","post","type-post","status-publish","format-standard","has-post-thumbnail","hentry","category-bahia"],"aioseo_notices":[],"aioseo_head":"\n\t\t<!-- All in One SEO 4.9.10 - aioseo.com -->\n\t<meta name=\"description\" content=\"[sg_popup id=&quot;11418&quot; event=&quot;inherit&quot;][\/sg_popup]A deputada federal L\u00eddice da Mata e o deputado estadual Alex Lima se manifestaram contr\u00e1rios \u00e0 reabertura do pres\u00eddio de Esplanada. A Justi\u00e7a determinou a reforma da unidade ap\u00f3s pedido dos promotores de Justi\u00e7a Paulo C\u00e9sar de Azevedo, Gilber Oliveira e Dario Jos\u00e9 Kist. Em discurso nesta ter\u00e7a-feira (12) na Assembleia Legislativa, o\" \/>\n\t<meta name=\"robots\" content=\"max-image-preview:large\" \/>\n\t<meta name=\"author\" content=\"administrador\"\/>\n\t<link rel=\"canonical\" href=\"https:\/\/newsinfoco.com.br\/inicio\/lidice-da-mata-e-alex-lima-se-manifestam-contra-reabertura-de-presidio-em-esplanada\/\" \/>\n\t<meta name=\"generator\" content=\"All in One SEO (AIOSEO) 4.9.10\" \/>\n\t\t<meta property=\"og:locale\" content=\"pt_BR\" \/>\n\t\t<meta property=\"og:site_name\" content=\"News In Foco - Editado por Caio Pimenta - O principal site de noticias de Alagoinhas e regi\u00e3o\" \/>\n\t\t<meta property=\"og:type\" content=\"article\" \/>\n\t\t<meta property=\"og:title\" content=\"L\u00eddice Da Mata e Alex Lima se manifestam contra reabertura de pres\u00eddio em Esplanada - News In Foco - Editado por Caio Pimenta\" \/>\n\t\t<meta property=\"og:description\" content=\"[sg_popup id=&quot;11418&quot; event=&quot;inherit&quot;][\/sg_popup]A deputada federal L\u00eddice da Mata e o deputado estadual Alex Lima se manifestaram contr\u00e1rios \u00e0 reabertura do pres\u00eddio de Esplanada. A Justi\u00e7a determinou a reforma da unidade ap\u00f3s pedido dos promotores de Justi\u00e7a Paulo C\u00e9sar de Azevedo, Gilber Oliveira e Dario Jos\u00e9 Kist. Em discurso nesta ter\u00e7a-feira (12) na Assembleia Legislativa, o\" \/>\n\t\t<meta property=\"og:url\" content=\"https:\/\/newsinfoco.com.br\/inicio\/lidice-da-mata-e-alex-lima-se-manifestam-contra-reabertura-de-presidio-em-esplanada\/\" \/>\n\t\t<meta property=\"article:published_time\" content=\"2019-02-13T23:55:39+00:00\" \/>\n\t\t<meta property=\"article:modified_time\" content=\"2019-02-13T23:55:39+00:00\" \/>\n\t\t<meta name=\"twitter:card\" content=\"summary_large_image\" \/>\n\t\t<meta name=\"twitter:title\" content=\"L\u00eddice Da Mata e Alex Lima se manifestam contra reabertura de pres\u00eddio em Esplanada - News In Foco - Editado por Caio Pimenta\" \/>\n\t\t<meta name=\"twitter:description\" content=\"[sg_popup id=&quot;11418&quot; event=&quot;inherit&quot;][\/sg_popup]A deputada federal L\u00eddice da Mata e o deputado estadual Alex Lima se manifestaram contr\u00e1rios \u00e0 reabertura do pres\u00eddio de Esplanada. A Justi\u00e7a determinou a reforma da unidade ap\u00f3s pedido dos promotores de Justi\u00e7a Paulo C\u00e9sar de Azevedo, Gilber Oliveira e Dario Jos\u00e9 Kist. Em discurso nesta ter\u00e7a-feira (12) na Assembleia Legislativa, o\" \/>\n\t\t<script type=\"application\/ld+json\" class=\"aioseo-schema\">\n\t\t\t{\"@context\":\"https:\\\/\\\/schema.org\",\"@graph\":[{\"@type\":\"BlogPosting\",\"@id\":\"https:\\\/\\\/newsinfoco.com.br\\\/inicio\\\/lidice-da-mata-e-alex-lima-se-manifestam-contra-reabertura-de-presidio-em-esplanada\\\/#blogposting\",\"name\":\"L\\u00eddice Da Mata e Alex Lima se manifestam contra reabertura de pres\\u00eddio em Esplanada - News In Foco - Editado por Caio Pimenta\",\"headline\":\"L\\u00eddice Da Mata e Alex Lima se manifestam contra reabertura de pres\\u00eddio em Esplanada\",\"author\":{\"@id\":\"https:\\\/\\\/newsinfoco.com.br\\\/inicio\\\/author\\\/administrador\\\/#author\"},\"publisher\":{\"@id\":\"https:\\\/\\\/newsinfoco.com.br\\\/inicio\\\/#organization\"},\"image\":{\"@type\":\"ImageObject\",\"url\":\"https:\\\/\\\/newsinfoco.com.br\\\/inicio\\\/wp-content\\\/uploads\\\/2019\\\/02\\\/lidice-esplanada-foto-divulgacao-ascom.jpg\",\"width\":600,\"height\":420},\"datePublished\":\"2019-02-13T21:55:39-02:00\",\"dateModified\":\"2019-02-13T21:55:39-02:00\",\"inLanguage\":\"pt-BR\",\"mainEntityOfPage\":{\"@id\":\"https:\\\/\\\/newsinfoco.com.br\\\/inicio\\\/lidice-da-mata-e-alex-lima-se-manifestam-contra-reabertura-de-presidio-em-esplanada\\\/#webpage\"},\"isPartOf\":{\"@id\":\"https:\\\/\\\/newsinfoco.com.br\\\/inicio\\\/lidice-da-mata-e-alex-lima-se-manifestam-contra-reabertura-de-presidio-em-esplanada\\\/#webpage\"},\"articleSection\":\"Bahia\"},{\"@type\":\"BreadcrumbList\",\"@id\":\"https:\\\/\\\/newsinfoco.com.br\\\/inicio\\\/lidice-da-mata-e-alex-lima-se-manifestam-contra-reabertura-de-presidio-em-esplanada\\\/#breadcrumblist\",\"itemListElement\":[{\"@type\":\"ListItem\",\"@id\":\"https:\\\/\\\/newsinfoco.com.br\\\/inicio#listItem\",\"position\":1,\"name\":\"In\\u00edcio\",\"item\":\"https:\\\/\\\/newsinfoco.com.br\\\/inicio\",\"nextItem\":{\"@type\":\"ListItem\",\"@id\":\"https:\\\/\\\/newsinfoco.com.br\\\/inicio\\\/category\\\/bahia\\\/#listItem\",\"name\":\"Bahia\"}},{\"@type\":\"ListItem\",\"@id\":\"https:\\\/\\\/newsinfoco.com.br\\\/inicio\\\/category\\\/bahia\\\/#listItem\",\"position\":2,\"name\":\"Bahia\",\"item\":\"https:\\\/\\\/newsinfoco.com.br\\\/inicio\\\/category\\\/bahia\\\/\",\"nextItem\":{\"@type\":\"ListItem\",\"@id\":\"https:\\\/\\\/newsinfoco.com.br\\\/inicio\\\/lidice-da-mata-e-alex-lima-se-manifestam-contra-reabertura-de-presidio-em-esplanada\\\/#listItem\",\"name\":\"L\\u00eddice Da Mata e Alex Lima se manifestam contra reabertura de pres\\u00eddio em Esplanada\"},\"previousItem\":{\"@type\":\"ListItem\",\"@id\":\"https:\\\/\\\/newsinfoco.com.br\\\/inicio#listItem\",\"name\":\"In\\u00edcio\"}},{\"@type\":\"ListItem\",\"@id\":\"https:\\\/\\\/newsinfoco.com.br\\\/inicio\\\/lidice-da-mata-e-alex-lima-se-manifestam-contra-reabertura-de-presidio-em-esplanada\\\/#listItem\",\"position\":3,\"name\":\"L\\u00eddice Da Mata e Alex Lima se manifestam contra reabertura de pres\\u00eddio em Esplanada\",\"previousItem\":{\"@type\":\"ListItem\",\"@id\":\"https:\\\/\\\/newsinfoco.com.br\\\/inicio\\\/category\\\/bahia\\\/#listItem\",\"name\":\"Bahia\"}}]},{\"@type\":\"Organization\",\"@id\":\"https:\\\/\\\/newsinfoco.com.br\\\/inicio\\\/#organization\",\"name\":\"News In Foco - Editado por Caio Pimenta\",\"description\":\"O principal site de noticias de Alagoinhas e regi\\u00e3o\",\"url\":\"https:\\\/\\\/newsinfoco.com.br\\\/inicio\\\/\"},{\"@type\":\"Person\",\"@id\":\"https:\\\/\\\/newsinfoco.com.br\\\/inicio\\\/author\\\/administrador\\\/#author\",\"url\":\"https:\\\/\\\/newsinfoco.com.br\\\/inicio\\\/author\\\/administrador\\\/\",\"name\":\"administrador\",\"image\":{\"@type\":\"ImageObject\",\"@id\":\"https:\\\/\\\/newsinfoco.com.br\\\/inicio\\\/lidice-da-mata-e-alex-lima-se-manifestam-contra-reabertura-de-presidio-em-esplanada\\\/#authorImage\",\"url\":\"https:\\\/\\\/secure.gravatar.com\\\/avatar\\\/c17a617433de8c1dc9584bb79aab7563b46f5bb7e1728c9b17d9cc3ce6a08e49?s=96&d=mm&r=g\",\"width\":96,\"height\":96,\"caption\":\"administrador\"}},{\"@type\":\"WebPage\",\"@id\":\"https:\\\/\\\/newsinfoco.com.br\\\/inicio\\\/lidice-da-mata-e-alex-lima-se-manifestam-contra-reabertura-de-presidio-em-esplanada\\\/#webpage\",\"url\":\"https:\\\/\\\/newsinfoco.com.br\\\/inicio\\\/lidice-da-mata-e-alex-lima-se-manifestam-contra-reabertura-de-presidio-em-esplanada\\\/\",\"name\":\"L\\u00eddice Da Mata e Alex Lima se manifestam contra reabertura de pres\\u00eddio em Esplanada - News In Foco - Editado por Caio Pimenta\",\"description\":\"[sg_popup id=\\\"11418\\\" event=\\\"inherit\\\"][\\\/sg_popup]A deputada federal L\\u00eddice da Mata e o deputado estadual Alex Lima se manifestaram contr\\u00e1rios \\u00e0 reabertura do pres\\u00eddio de Esplanada. A Justi\\u00e7a determinou a reforma da unidade ap\\u00f3s pedido dos promotores de Justi\\u00e7a Paulo C\\u00e9sar de Azevedo, Gilber Oliveira e Dario Jos\\u00e9 Kist. Em discurso nesta ter\\u00e7a-feira (12) na Assembleia Legislativa, o\",\"inLanguage\":\"pt-BR\",\"isPartOf\":{\"@id\":\"https:\\\/\\\/newsinfoco.com.br\\\/inicio\\\/#website\"},\"breadcrumb\":{\"@id\":\"https:\\\/\\\/newsinfoco.com.br\\\/inicio\\\/lidice-da-mata-e-alex-lima-se-manifestam-contra-reabertura-de-presidio-em-esplanada\\\/#breadcrumblist\"},\"author\":{\"@id\":\"https:\\\/\\\/newsinfoco.com.br\\\/inicio\\\/author\\\/administrador\\\/#author\"},\"creator\":{\"@id\":\"https:\\\/\\\/newsinfoco.com.br\\\/inicio\\\/author\\\/administrador\\\/#author\"},\"image\":{\"@type\":\"ImageObject\",\"url\":\"https:\\\/\\\/newsinfoco.com.br\\\/inicio\\\/wp-content\\\/uploads\\\/2019\\\/02\\\/lidice-esplanada-foto-divulgacao-ascom.jpg\",\"@id\":\"https:\\\/\\\/newsinfoco.com.br\\\/inicio\\\/lidice-da-mata-e-alex-lima-se-manifestam-contra-reabertura-de-presidio-em-esplanada\\\/#mainImage\",\"width\":600,\"height\":420},\"primaryImageOfPage\":{\"@id\":\"https:\\\/\\\/newsinfoco.com.br\\\/inicio\\\/lidice-da-mata-e-alex-lima-se-manifestam-contra-reabertura-de-presidio-em-esplanada\\\/#mainImage\"},\"datePublished\":\"2019-02-13T21:55:39-02:00\",\"dateModified\":\"2019-02-13T21:55:39-02:00\"},{\"@type\":\"WebSite\",\"@id\":\"https:\\\/\\\/newsinfoco.com.br\\\/inicio\\\/#website\",\"url\":\"https:\\\/\\\/newsinfoco.com.br\\\/inicio\\\/\",\"name\":\"News In Foco - Editado por Caio Pimenta\",\"description\":\"O principal site de noticias de Alagoinhas e regi\\u00e3o\",\"inLanguage\":\"pt-BR\",\"publisher\":{\"@id\":\"https:\\\/\\\/newsinfoco.com.br\\\/inicio\\\/#organization\"}}]}\n\t\t<\/script>\n\t\t<!-- All in One SEO -->\n\n","aioseo_head_json":{"title":"L\u00eddice Da Mata e Alex Lima se manifestam contra reabertura de pres\u00eddio em Esplanada - News In Foco - Editado por Caio Pimenta","description":"[sg_popup id=\"11418\" event=\"inherit\"][\/sg_popup]A deputada federal L\u00eddice da Mata e o deputado estadual Alex Lima se manifestaram contr\u00e1rios \u00e0 reabertura do pres\u00eddio de Esplanada. A Justi\u00e7a determinou a reforma da unidade ap\u00f3s pedido dos promotores de Justi\u00e7a Paulo C\u00e9sar de Azevedo, Gilber Oliveira e Dario Jos\u00e9 Kist. Em discurso nesta ter\u00e7a-feira (12) na Assembleia Legislativa, o","canonical_url":"https:\/\/newsinfoco.com.br\/inicio\/lidice-da-mata-e-alex-lima-se-manifestam-contra-reabertura-de-presidio-em-esplanada\/","robots":"max-image-preview:large","keywords":"","webmasterTools":{"miscellaneous":""},"schema":{"@context":"https:\/\/schema.org","@graph":[{"@type":"BlogPosting","@id":"https:\/\/newsinfoco.com.br\/inicio\/lidice-da-mata-e-alex-lima-se-manifestam-contra-reabertura-de-presidio-em-esplanada\/#blogposting","name":"L\u00eddice Da Mata e Alex Lima se manifestam contra reabertura de pres\u00eddio em Esplanada - News In Foco - Editado por Caio Pimenta","headline":"L\u00eddice Da Mata e Alex Lima se manifestam contra reabertura de pres\u00eddio em Esplanada","author":{"@id":"https:\/\/newsinfoco.com.br\/inicio\/author\/administrador\/#author"},"publisher":{"@id":"https:\/\/newsinfoco.com.br\/inicio\/#organization"},"image":{"@type":"ImageObject","url":"https:\/\/newsinfoco.com.br\/inicio\/wp-content\/uploads\/2019\/02\/lidice-esplanada-foto-divulgacao-ascom.jpg","width":600,"height":420},"datePublished":"2019-02-13T21:55:39-02:00","dateModified":"2019-02-13T21:55:39-02:00","inLanguage":"pt-BR","mainEntityOfPage":{"@id":"https:\/\/newsinfoco.com.br\/inicio\/lidice-da-mata-e-alex-lima-se-manifestam-contra-reabertura-de-presidio-em-esplanada\/#webpage"},"isPartOf":{"@id":"https:\/\/newsinfoco.com.br\/inicio\/lidice-da-mata-e-alex-lima-se-manifestam-contra-reabertura-de-presidio-em-esplanada\/#webpage"},"articleSection":"Bahia"},{"@type":"BreadcrumbList","@id":"https:\/\/newsinfoco.com.br\/inicio\/lidice-da-mata-e-alex-lima-se-manifestam-contra-reabertura-de-presidio-em-esplanada\/#breadcrumblist","itemListElement":[{"@type":"ListItem","@id":"https:\/\/newsinfoco.com.br\/inicio#listItem","position":1,"name":"In\u00edcio","item":"https:\/\/newsinfoco.com.br\/inicio","nextItem":{"@type":"ListItem","@id":"https:\/\/newsinfoco.com.br\/inicio\/category\/bahia\/#listItem","name":"Bahia"}},{"@type":"ListItem","@id":"https:\/\/newsinfoco.com.br\/inicio\/category\/bahia\/#listItem","position":2,"name":"Bahia","item":"https:\/\/newsinfoco.com.br\/inicio\/category\/bahia\/","nextItem":{"@type":"ListItem","@id":"https:\/\/newsinfoco.com.br\/inicio\/lidice-da-mata-e-alex-lima-se-manifestam-contra-reabertura-de-presidio-em-esplanada\/#listItem","name":"L\u00eddice Da Mata e Alex Lima se manifestam contra reabertura de pres\u00eddio em Esplanada"},"previousItem":{"@type":"ListItem","@id":"https:\/\/newsinfoco.com.br\/inicio#listItem","name":"In\u00edcio"}},{"@type":"ListItem","@id":"https:\/\/newsinfoco.com.br\/inicio\/lidice-da-mata-e-alex-lima-se-manifestam-contra-reabertura-de-presidio-em-esplanada\/#listItem","position":3,"name":"L\u00eddice Da Mata e Alex Lima se manifestam contra reabertura de pres\u00eddio em Esplanada","previousItem":{"@type":"ListItem","@id":"https:\/\/newsinfoco.com.br\/inicio\/category\/bahia\/#listItem","name":"Bahia"}}]},{"@type":"Organization","@id":"https:\/\/newsinfoco.com.br\/inicio\/#organization","name":"News In Foco - Editado por Caio Pimenta","description":"O principal site de noticias de Alagoinhas e regi\u00e3o","url":"https:\/\/newsinfoco.com.br\/inicio\/"},{"@type":"Person","@id":"https:\/\/newsinfoco.com.br\/inicio\/author\/administrador\/#author","url":"https:\/\/newsinfoco.com.br\/inicio\/author\/administrador\/","name":"administrador","image":{"@type":"ImageObject","@id":"https:\/\/newsinfoco.com.br\/inicio\/lidice-da-mata-e-alex-lima-se-manifestam-contra-reabertura-de-presidio-em-esplanada\/#authorImage","url":"https:\/\/secure.gravatar.com\/avatar\/c17a617433de8c1dc9584bb79aab7563b46f5bb7e1728c9b17d9cc3ce6a08e49?s=96&d=mm&r=g","width":96,"height":96,"caption":"administrador"}},{"@type":"WebPage","@id":"https:\/\/newsinfoco.com.br\/inicio\/lidice-da-mata-e-alex-lima-se-manifestam-contra-reabertura-de-presidio-em-esplanada\/#webpage","url":"https:\/\/newsinfoco.com.br\/inicio\/lidice-da-mata-e-alex-lima-se-manifestam-contra-reabertura-de-presidio-em-esplanada\/","name":"L\u00eddice Da Mata e Alex Lima se manifestam contra reabertura de pres\u00eddio em Esplanada - News In Foco - Editado por Caio Pimenta","description":"[sg_popup id=\"11418\" event=\"inherit\"][\/sg_popup]A deputada federal L\u00eddice da Mata e o deputado estadual Alex Lima se manifestaram contr\u00e1rios \u00e0 reabertura do pres\u00eddio de Esplanada. A Justi\u00e7a determinou a reforma da unidade ap\u00f3s pedido dos promotores de Justi\u00e7a Paulo C\u00e9sar de Azevedo, Gilber Oliveira e Dario Jos\u00e9 Kist. Em discurso nesta ter\u00e7a-feira (12) na Assembleia Legislativa, o","inLanguage":"pt-BR","isPartOf":{"@id":"https:\/\/newsinfoco.com.br\/inicio\/#website"},"breadcrumb":{"@id":"https:\/\/newsinfoco.com.br\/inicio\/lidice-da-mata-e-alex-lima-se-manifestam-contra-reabertura-de-presidio-em-esplanada\/#breadcrumblist"},"author":{"@id":"https:\/\/newsinfoco.com.br\/inicio\/author\/administrador\/#author"},"creator":{"@id":"https:\/\/newsinfoco.com.br\/inicio\/author\/administrador\/#author"},"image":{"@type":"ImageObject","url":"https:\/\/newsinfoco.com.br\/inicio\/wp-content\/uploads\/2019\/02\/lidice-esplanada-foto-divulgacao-ascom.jpg","@id":"https:\/\/newsinfoco.com.br\/inicio\/lidice-da-mata-e-alex-lima-se-manifestam-contra-reabertura-de-presidio-em-esplanada\/#mainImage","width":600,"height":420},"primaryImageOfPage":{"@id":"https:\/\/newsinfoco.com.br\/inicio\/lidice-da-mata-e-alex-lima-se-manifestam-contra-reabertura-de-presidio-em-esplanada\/#mainImage"},"datePublished":"2019-02-13T21:55:39-02:00","dateModified":"2019-02-13T21:55:39-02:00"},{"@type":"WebSite","@id":"https:\/\/newsinfoco.com.br\/inicio\/#website","url":"https:\/\/newsinfoco.com.br\/inicio\/","name":"News In Foco - Editado por Caio Pimenta","description":"O principal site de noticias de Alagoinhas e regi\u00e3o","inLanguage":"pt-BR","publisher":{"@id":"https:\/\/newsinfoco.com.br\/inicio\/#organization"}}]},"og:locale":"pt_BR","og:site_name":"News In Foco - Editado por Caio Pimenta - O principal site de noticias de Alagoinhas e regi\u00e3o","og:type":"article","og:title":"L\u00eddice Da Mata e Alex Lima se manifestam contra reabertura de pres\u00eddio em Esplanada - News In Foco - Editado por Caio Pimenta","og:description":"[sg_popup id=&quot;11418&quot; event=&quot;inherit&quot;][\/sg_popup]A deputada federal L\u00eddice da Mata e o deputado estadual Alex Lima se manifestaram contr\u00e1rios \u00e0 reabertura do pres\u00eddio de Esplanada. A Justi\u00e7a determinou a reforma da unidade ap\u00f3s pedido dos promotores de Justi\u00e7a Paulo C\u00e9sar de Azevedo, Gilber Oliveira e Dario Jos\u00e9 Kist. Em discurso nesta ter\u00e7a-feira (12) na Assembleia Legislativa, o","og:url":"https:\/\/newsinfoco.com.br\/inicio\/lidice-da-mata-e-alex-lima-se-manifestam-contra-reabertura-de-presidio-em-esplanada\/","article:published_time":"2019-02-13T23:55:39+00:00","article:modified_time":"2019-02-13T23:55:39+00:00","twitter:card":"summary_large_image","twitter:title":"L\u00eddice Da Mata e Alex Lima se manifestam contra reabertura de pres\u00eddio em Esplanada - News In Foco - Editado por Caio Pimenta","twitter:description":"[sg_popup id=&quot;11418&quot; event=&quot;inherit&quot;][\/sg_popup]A deputada federal L\u00eddice da Mata e o deputado estadual Alex Lima se manifestaram contr\u00e1rios \u00e0 reabertura do pres\u00eddio de Esplanada. A Justi\u00e7a determinou a reforma da unidade ap\u00f3s pedido dos promotores de Justi\u00e7a Paulo C\u00e9sar de Azevedo, Gilber Oliveira e Dario Jos\u00e9 Kist. Em discurso nesta ter\u00e7a-feira (12) na Assembleia Legislativa, o"},"aioseo_meta_data":{"post_id":"13524","title":null,"description":null,"keywords":null,"keyphrases":null,"primary_term":null,"canonical_url":null,"og_title":null,"og_description":null,"og_object_type":"default","og_image_type":"default","og_image_url":null,"og_image_width":null,"og_image_height":null,"og_image_custom_url":null,"og_image_custom_fields":null,"og_video":null,"og_custom_url":null,"og_article_section":null,"og_article_tags":null,"twitter_use_og":false,"twitter_card":"default","twitter_image_type":"default","twitter_image_url":null,"twitter_image_custom_url":null,"twitter_image_custom_fields":null,"twitter_title":null,"twitter_description":null,"schema":{"blockGraphs":[],"customGraphs":[],"default":{"data":{"Article":[],"Course":[],"Dataset":[],"FAQPage":[],"Movie":[],"Person":[],"Product":[],"ProductReview":[],"Car":[],"Recipe":[],"Service":[],"SoftwareApplication":[],"WebPage":[]},"graphName":"","isEnabled":true},"graphs":[]},"schema_type":"default","schema_type_options":null,"pillar_content":false,"robots_default":true,"robots_noindex":false,"robots_noarchive":false,"robots_nosnippet":false,"robots_nofollow":false,"robots_noimageindex":false,"robots_noodp":false,"robots_notranslate":false,"robots_max_snippet":null,"robots_max_videopreview":null,"robots_max_imagepreview":"large","priority":null,"frequency":null,"local_seo":null,"breadcrumb_settings":null,"limit_modified_date":false,"ai":null,"created":"2023-06-12 12:25:57","updated":"2025-07-10 23:20:44","seo_analyzer_scan_date":null},"aioseo_breadcrumb":"<div class=\"aioseo-breadcrumbs\"><span class=\"aioseo-breadcrumb\">\n\t\t\t<a href=\"https:\/\/newsinfoco.com.br\/inicio\" title=\"In\u00edcio\">In\u00edcio<\/a>\n\t\t<\/span><span class=\"aioseo-breadcrumb-separator\">&raquo;<\/span><span class=\"aioseo-breadcrumb\">\n\t\t\t<a href=\"https:\/\/newsinfoco.com.br\/inicio\/category\/bahia\/\" title=\"Bahia\">Bahia<\/a>\n\t\t<\/span><span class=\"aioseo-breadcrumb-separator\">&raquo;<\/span><span class=\"aioseo-breadcrumb\">\n\t\t\tL\u00eddice Da Mata e Alex Lima se manifestam contra reabertura de pres\u00eddio em Esplanada\n\t\t<\/span><\/div>","aioseo_breadcrumb_json":[{"label":"In\u00edcio","link":"https:\/\/newsinfoco.com.br\/inicio"},{"label":"Bahia","link":"https:\/\/newsinfoco.com.br\/inicio\/category\/bahia\/"},{"label":"L\u00eddice Da Mata e Alex Lima se manifestam contra reabertura de pres\u00eddio em Esplanada","link":"https:\/\/newsinfoco.com.br\/inicio\/lidice-da-mata-e-alex-lima-se-manifestam-contra-reabertura-de-presidio-em-esplanada\/"}],"_links":{"self":[{"href":"https:\/\/newsinfoco.com.br\/inicio\/wp-json\/wp\/v2\/posts\/13524","targetHints":{"allow":["GET"]}}],"collection":[{"href":"https:\/\/newsinfoco.com.br\/inicio\/wp-json\/wp\/v2\/posts"}],"about":[{"href":"https:\/\/newsinfoco.com.br\/inicio\/wp-json\/wp\/v2\/types\/post"}],"author":[{"embeddable":true,"href":"https:\/\/newsinfoco.com.br\/inicio\/wp-json\/wp\/v2\/users\/1"}],"replies":[{"embeddable":true,"href":"https:\/\/newsinfoco.com.br\/inicio\/wp-json\/wp\/v2\/comments?post=13524"}],"version-history":[{"count":0,"href":"https:\/\/newsinfoco.com.br\/inicio\/wp-json\/wp\/v2\/posts\/13524\/revisions"}],"wp:featuredmedia":[{"embeddable":true,"href":"https:\/\/newsinfoco.com.br\/inicio\/wp-json\/wp\/v2\/media\/13525"}],"wp:attachment":[{"href":"https:\/\/newsinfoco.com.br\/inicio\/wp-json\/wp\/v2\/media?parent=13524"}],"wp:term":[{"taxonomy":"category","embeddable":true,"href":"https:\/\/newsinfoco.com.br\/inicio\/wp-json\/wp\/v2\/categories?post=13524"},{"taxonomy":"post_tag","embeddable":true,"href":"https:\/\/newsinfoco.com.br\/inicio\/wp-json\/wp\/v2\/tags?post=13524"}],"curies":[{"name":"wp","href":"https:\/\/api.w.org\/{rel}","templated":true}]}}