{"id":13659,"date":"2019-02-20T14:12:52","date_gmt":"2019-02-20T17:12:52","guid":{"rendered":"http:\/\/newsinfoco.com.br\/?p=13659"},"modified":"2019-02-20T14:12:52","modified_gmt":"2019-02-20T17:12:52","slug":"secretaria-de-saude-de-alagoinhas-reune-equipe-tecnica-e-visita-maternidade-para-discutir-melhorias-as-parturientes","status":"publish","type":"post","link":"https:\/\/newsinfoco.com.br\/inicio\/secretaria-de-saude-de-alagoinhas-reune-equipe-tecnica-e-visita-maternidade-para-discutir-melhorias-as-parturientes\/","title":{"rendered":"Secret\u00e1ria de sa\u00fade de Alagoinhas re\u00fane equipe t\u00e9cnica e visita Maternidade para discutir melhorias \u00e0s parturientes"},"content":{"rendered":"<p style=\"text-align: justify;\">[sg_popup id=&#8221;11418&#8243; event=&#8221;inherit&#8221;][\/sg_popup]Rec\u00e9m empossada e com foco nas readequa\u00e7\u00f5es que possam garantir melhorias efetivas \u00e0 \u00e1rea da sa\u00fade, a nova secret\u00e1ria da pasta se reuniu, na \u00faltima semana, com a equipe t\u00e9cnica da Maternidade para discutir novos encaminhamentos ao setor.<\/p>\n<p style=\"text-align: justify;\">Rosania Rabelo foi acompanhada pelo m\u00e9dico Claudio Vitti e pelo diretor Tito Pacheco, profissionais da ASM (Associa\u00e7\u00e3o Sa\u00fade em Movimento), que devem atuar junto \u00e0 Maternidade de Alagoinhas visando \u00e0 melhoria dos servi\u00e7os prestados \u00e0 popula\u00e7\u00e3o.<\/p><div class=\"newsi-conteudo_19\" id=\"newsi-2851949467\"><a href=\"https:\/\/www.instagram.com\/prefeituraalagoinhas?igsh=YzgzdDJ1bWR3aWI4\" aria-label=\"SAVE_20251006_221555\"><img loading=\"lazy\" decoding=\"async\" src=\"https:\/\/newsinfoco.com.br\/inicio\/wp-content\/uploads\/2025\/10\/SAVE_20251006_221555-rotated.jpg\" alt=\"\"  srcset=\"https:\/\/newsinfoco.com.br\/inicio\/wp-content\/uploads\/2025\/10\/SAVE_20251006_221555-rotated.jpg 1140w, https:\/\/newsinfoco.com.br\/inicio\/wp-content\/uploads\/2025\/10\/SAVE_20251006_221555-300x52.jpg 300w, https:\/\/newsinfoco.com.br\/inicio\/wp-content\/uploads\/2025\/10\/SAVE_20251006_221555-1024x177.jpg 1024w, https:\/\/newsinfoco.com.br\/inicio\/wp-content\/uploads\/2025\/10\/SAVE_20251006_221555-768x133.jpg 768w, https:\/\/newsinfoco.com.br\/inicio\/wp-content\/uploads\/2025\/10\/SAVE_20251006_221555-600x104.jpg 600w, https:\/\/newsinfoco.com.br\/inicio\/wp-content\/uploads\/2025\/10\/SAVE_20251006_221555-696x120.jpg 696w, https:\/\/newsinfoco.com.br\/inicio\/wp-content\/uploads\/2025\/10\/SAVE_20251006_221555-1068x185.jpg 1068w\" sizes=\"(max-width: 1140px) 100vw, 1140px\" width=\"1140\" height=\"197\"   \/><\/a><\/div>\n<p style=\"text-align: justify;\">Depois de passar pelos leitos, pelo ambulat\u00f3rio de pediatria, pelas portas de entrada e pela farm\u00e1cia, dialogando com profissionais e pacientes, a nova gestora da pasta deu tom de prioridade para garantir um tratamento eficiente \u00e0s gestantes que s\u00e3o atendidas em Alagoinhas e solicitou, \u00e0 empresa ASM, que atue nos processos orienta\u00e7\u00e3o t\u00e9cnica, organiza\u00e7\u00e3o, mapeamento das gestantes por idade gestacional e implanta\u00e7\u00e3o de sistemas que assegurem a realiza\u00e7\u00e3o de um servi\u00e7o de excel\u00eancia no acolhimento \u00e0s parturientes.<\/p>\n<p style=\"text-align: justify;\">A nova empresa levar\u00e1 profissionais m\u00e9dicos e enfermeiros que contribuir\u00e3o para trazer melhorias, tanto \u00e0 rotina do trabalho realizado na Maternidade, quanto \u00e0 estrutura f\u00edsica, com a adequa\u00e7\u00e3o de espa\u00e7os e a manuten\u00e7\u00e3o dos equipamentos. Os primeiros ajustes j\u00e1 foram iniciados e \u00e9 importante destacar que precisamos avan\u00e7ar n\u00e3o apenas na Maternidade, mas em todos os servi\u00e7os de sa\u00fade. Com rela\u00e7\u00e3o \u00e0 Maternidade, o foco inicial \u00e9 a recep\u00e7\u00e3o do servi\u00e7o. Vamos oferecer um ambiente de acolhimento humanizado desde a entrada, com treinamento para as recepcionistas e para os profissionais que atuam diretamente no setor\u201d, pontuou Rosania Rabelo.<\/p>\n<p style=\"text-align: justify;\">Segundo ela, tamb\u00e9m est\u00e1 entre as pautas debatidas com a diretoria a informatiza\u00e7\u00e3o geral da sa\u00fade, com a implanta\u00e7\u00e3o de prontu\u00e1rios eletr\u00f4nicos que devem facilitar o fluxo do servi\u00e7o.<\/p>\n<p style=\"text-align: justify;\">A Secretaria de Sa\u00fade informou que as readequa\u00e7\u00f5es da Maternidade foram iniciadas em 11 de fevereiro e reafirmou o compromisso da gest\u00e3o com a constru\u00e7\u00e3o de um novo hospital como solu\u00e7\u00e3o definitiva para abarcar a alta demanda.<\/p>\n<p style=\"text-align: justify;\">\u201cTendo em vista que estamos na fase de finaliza\u00e7\u00e3o de projetos para as obras e sabendo que o Hospital Maternidade \u00e9 respons\u00e1vel hoje por 100% dos partos de pacientes de Alagoinhas, sem contar os munic\u00edpios da regi\u00e3o, n\u00e3o poder\u00edamos nos omitir. Fazer as readequa\u00e7\u00f5es para o bom funcionamento do espa\u00e7o \u00e9 um compromisso nosso e os tr\u00e2mites j\u00e1 est\u00e3o encaminhados. Vamos avan\u00e7ar\u201d, finalizou Rosania Rabelo.<\/p>\n<h6 style=\"text-align: right;\">Secom Alagoinhas<\/h6>\n<div class='share-to-whatsapp-wrapper'><div class='share-on-whsp'>Share on: <\/div><a data-text='Secret\u00e1ria de sa\u00fade de Alagoinhas re\u00fane equipe t\u00e9cnica e visita Maternidade para discutir melhorias \u00e0s parturientes' data-link='https:\/\/newsinfoco.com.br\/inicio\/secretaria-de-saude-de-alagoinhas-reune-equipe-tecnica-e-visita-maternidade-para-discutir-melhorias-as-parturientes\/' class='whatsapp-button whatsapp-share'>WhatsApp<\/a><div class='clear '><\/div><\/div>","protected":false},"excerpt":{"rendered":"<p>[sg_popup id=&#8221;11418&#8243; event=&#8221;inherit&#8221;][\/sg_popup]Rec\u00e9m empossada e com foco nas readequa\u00e7\u00f5es que possam garantir melhorias efetivas \u00e0 \u00e1rea da sa\u00fade, a nova secret\u00e1ria da pasta se reuniu, na \u00faltima semana, com a equipe t\u00e9cnica da Maternidade para discutir novos encaminhamentos ao setor. Rosania Rabelo foi acompanhada pelo m\u00e9dico Claudio Vitti e pelo diretor Tito Pacheco, profissionais da [&hellip;]<\/p>\n","protected":false},"author":1,"featured_media":13660,"comment_status":"open","ping_status":"open","sticky":false,"template":"","format":"standard","meta":{"om_disable_all_campaigns":false,"_exactmetrics_skip_tracking":false,"_exactmetrics_sitenote_active":false,"_exactmetrics_sitenote_note":"","_exactmetrics_sitenote_category":0,"footnotes":""},"categories":[38,30],"tags":[],"class_list":["post-13659","post","type-post","status-publish","format-standard","has-post-thumbnail","hentry","category-alagoinhas-e-regiao","category-destaque"],"aioseo_notices":[],"_links":{"self":[{"href":"https:\/\/newsinfoco.com.br\/inicio\/wp-json\/wp\/v2\/posts\/13659","targetHints":{"allow":["GET"]}}],"collection":[{"href":"https:\/\/newsinfoco.com.br\/inicio\/wp-json\/wp\/v2\/posts"}],"about":[{"href":"https:\/\/newsinfoco.com.br\/inicio\/wp-json\/wp\/v2\/types\/post"}],"author":[{"embeddable":true,"href":"https:\/\/newsinfoco.com.br\/inicio\/wp-json\/wp\/v2\/users\/1"}],"replies":[{"embeddable":true,"href":"https:\/\/newsinfoco.com.br\/inicio\/wp-json\/wp\/v2\/comments?post=13659"}],"version-history":[{"count":0,"href":"https:\/\/newsinfoco.com.br\/inicio\/wp-json\/wp\/v2\/posts\/13659\/revisions"}],"wp:featuredmedia":[{"embeddable":true,"href":"https:\/\/newsinfoco.com.br\/inicio\/wp-json\/wp\/v2\/media\/13660"}],"wp:attachment":[{"href":"https:\/\/newsinfoco.com.br\/inicio\/wp-json\/wp\/v2\/media?parent=13659"}],"wp:term":[{"taxonomy":"category","embeddable":true,"href":"https:\/\/newsinfoco.com.br\/inicio\/wp-json\/wp\/v2\/categories?post=13659"},{"taxonomy":"post_tag","embeddable":true,"href":"https:\/\/newsinfoco.com.br\/inicio\/wp-json\/wp\/v2\/tags?post=13659"}],"curies":[{"name":"wp","href":"https:\/\/api.w.org\/{rel}","templated":true}]}}