{"id":13665,"date":"2019-02-20T14:35:32","date_gmt":"2019-02-20T17:35:32","guid":{"rendered":"http:\/\/newsinfoco.com.br\/?p=13665"},"modified":"2019-02-20T14:35:32","modified_gmt":"2019-02-20T17:35:32","slug":"em-reuniao-vereadores-de-alagoinhas-definem-nova-composicao-das-comissoes-na-camara-municipal","status":"publish","type":"post","link":"https:\/\/newsinfoco.com.br\/inicio\/em-reuniao-vereadores-de-alagoinhas-definem-nova-composicao-das-comissoes-na-camara-municipal\/","title":{"rendered":"Em reuni\u00e3o, vereadores de Alagoinhas definem nova composi\u00e7\u00e3o das comiss\u00f5es na C\u00e2mara Municipal"},"content":{"rendered":"<p style=\"text-align: justify;\">[sg_popup id=&#8221;11418&#8243; event=&#8221;inherit&#8221;][\/sg_popup]Ontem(19) a tarde, os vereadores de Alagoinhas se reuniram na sala da presid\u00eancia para discutir a forma\u00e7\u00e3o das comiss\u00f5es da Casa para o bi\u00eanio 2019\/2020. Ao todo s\u00e3o 6 comiss\u00f5es permanentes, tendo 3 integrantes cada.<\/p>\n<p style=\"text-align: justify;\">A base governista com 10 vereadores ficou com a presid\u00eancia de 3 comiss\u00f5es: Constitui\u00e7\u00e3o, Justi\u00e7a, Reda\u00e7\u00e3o Final e Defesa dos Direitos da Mulher; Transporte, Obras, Servi\u00e7os P\u00fablicos e Planejamento Urbano; e Educa\u00e7\u00e3o, Cultura, Esporte e Lazer e Defesa dos Direitos do Cidad\u00e3o e do Consumidor.<\/p><div class=\"newsi-conteudo_19\" id=\"newsi-1809030416\"><a href=\"https:\/\/www.instagram.com\/prefeituraalagoinhas?igsh=YzgzdDJ1bWR3aWI4\" aria-label=\"SAVE_20251006_221555\"><img loading=\"lazy\" decoding=\"async\" src=\"https:\/\/newsinfoco.com.br\/inicio\/wp-content\/uploads\/2025\/10\/SAVE_20251006_221555-rotated.jpg\" alt=\"\"  srcset=\"https:\/\/newsinfoco.com.br\/inicio\/wp-content\/uploads\/2025\/10\/SAVE_20251006_221555-rotated.jpg 1140w, https:\/\/newsinfoco.com.br\/inicio\/wp-content\/uploads\/2025\/10\/SAVE_20251006_221555-300x52.jpg 300w, https:\/\/newsinfoco.com.br\/inicio\/wp-content\/uploads\/2025\/10\/SAVE_20251006_221555-1024x177.jpg 1024w, https:\/\/newsinfoco.com.br\/inicio\/wp-content\/uploads\/2025\/10\/SAVE_20251006_221555-768x133.jpg 768w, https:\/\/newsinfoco.com.br\/inicio\/wp-content\/uploads\/2025\/10\/SAVE_20251006_221555-600x104.jpg 600w, https:\/\/newsinfoco.com.br\/inicio\/wp-content\/uploads\/2025\/10\/SAVE_20251006_221555-696x120.jpg 696w, https:\/\/newsinfoco.com.br\/inicio\/wp-content\/uploads\/2025\/10\/SAVE_20251006_221555-1068x185.jpg 1068w\" sizes=\"(max-width: 1140px) 100vw, 1140px\" width=\"1140\" height=\"197\"   \/><\/a><\/div>\n<p style=\"text-align: justify;\">A oposi\u00e7\u00e3o com 7 vereadores tamb\u00e9m ficou com a presid\u00eancia de 3 comiss\u00f5es, s\u00e3o elas: Comiss\u00e3o de Finan\u00e7as, Fiscaliza\u00e7\u00e3o, Or\u00e7amento, Desenvolvimento Econ\u00f4mico e Emprego e Renda; Sa\u00fade, Assist\u00eancia Social, Saneamento e Meio Ambiente e do Direito do Idoso; e \u00c9tica e Disciplina.<\/p>\n<p style=\"text-align: justify;\">Confira a baixo a composi\u00e7\u00e3o das comiss\u00f5es:<\/p>\n<p><a href=\"http:\/\/newsinfoco.com.br\/wp-content\/uploads\/2019\/02\/IMG-20190220-WA0060.jpg\"><img loading=\"lazy\" decoding=\"async\" class=\"alignleft size-full wp-image-13666\" src=\"http:\/\/newsinfoco.com.br\/wp-content\/uploads\/2019\/02\/IMG-20190220-WA0060.jpg\" alt=\"\" width=\"730\" height=\"778\" srcset=\"https:\/\/newsinfoco.com.br\/inicio\/wp-content\/uploads\/2019\/02\/IMG-20190220-WA0060.jpg 730w, https:\/\/newsinfoco.com.br\/inicio\/wp-content\/uploads\/2019\/02\/IMG-20190220-WA0060-281x300.jpg 281w, https:\/\/newsinfoco.com.br\/inicio\/wp-content\/uploads\/2019\/02\/IMG-20190220-WA0060-600x639.jpg 600w, https:\/\/newsinfoco.com.br\/inicio\/wp-content\/uploads\/2019\/02\/IMG-20190220-WA0060-696x742.jpg 696w, https:\/\/newsinfoco.com.br\/inicio\/wp-content\/uploads\/2019\/02\/IMG-20190220-WA0060-394x420.jpg 394w\" sizes=\"auto, (max-width: 730px) 100vw, 730px\" \/><\/a><\/p>\n<p>&nbsp;<\/p>\n<p>&nbsp;<\/p>\n<p>&nbsp;<\/p>\n<p>&nbsp;<\/p>\n<p>&nbsp;<\/p>\n<p>&nbsp;<\/p>\n<p>&nbsp;<\/p>\n<p>&nbsp;<\/p>\n<p>&nbsp;<\/p>\n<p>&nbsp;<\/p>\n<p>&nbsp;<\/p>\n<p>&nbsp;<\/p>\n<p>&nbsp;<\/p>\n<p>&nbsp;<\/p>\n<h6 style=\"text-align: right;\">Por Caio Pimenta para o News Infoco<\/h6>\n<div class='share-to-whatsapp-wrapper'><div class='share-on-whsp'>Share on: <\/div><a data-text='Em reuni\u00e3o, vereadores de Alagoinhas definem nova composi\u00e7\u00e3o das comiss\u00f5es na C\u00e2mara Municipal' data-link='https:\/\/newsinfoco.com.br\/inicio\/em-reuniao-vereadores-de-alagoinhas-definem-nova-composicao-das-comissoes-na-camara-municipal\/' class='whatsapp-button whatsapp-share'>WhatsApp<\/a><div class='clear '><\/div><\/div>","protected":false},"excerpt":{"rendered":"<p>[sg_popup id=&#8221;11418&#8243; event=&#8221;inherit&#8221;][\/sg_popup]Ontem(19) a tarde, os vereadores de Alagoinhas se reuniram na sala da presid\u00eancia para discutir a forma\u00e7\u00e3o das comiss\u00f5es da Casa para o bi\u00eanio 2019\/2020. Ao todo s\u00e3o 6 comiss\u00f5es permanentes, tendo 3 integrantes cada. A base governista com 10 vereadores ficou com a presid\u00eancia de 3 comiss\u00f5es: Constitui\u00e7\u00e3o, Justi\u00e7a, Reda\u00e7\u00e3o Final e [&hellip;]<\/p>\n","protected":false},"author":1,"featured_media":1068,"comment_status":"open","ping_status":"open","sticky":false,"template":"","format":"standard","meta":{"om_disable_all_campaigns":false,"_exactmetrics_skip_tracking":false,"_exactmetrics_sitenote_active":false,"_exactmetrics_sitenote_note":"","_exactmetrics_sitenote_category":0,"footnotes":""},"categories":[38,30],"tags":[],"class_list":["post-13665","post","type-post","status-publish","format-standard","has-post-thumbnail","hentry","category-alagoinhas-e-regiao","category-destaque"],"aioseo_notices":[],"_links":{"self":[{"href":"https:\/\/newsinfoco.com.br\/inicio\/wp-json\/wp\/v2\/posts\/13665","targetHints":{"allow":["GET"]}}],"collection":[{"href":"https:\/\/newsinfoco.com.br\/inicio\/wp-json\/wp\/v2\/posts"}],"about":[{"href":"https:\/\/newsinfoco.com.br\/inicio\/wp-json\/wp\/v2\/types\/post"}],"author":[{"embeddable":true,"href":"https:\/\/newsinfoco.com.br\/inicio\/wp-json\/wp\/v2\/users\/1"}],"replies":[{"embeddable":true,"href":"https:\/\/newsinfoco.com.br\/inicio\/wp-json\/wp\/v2\/comments?post=13665"}],"version-history":[{"count":0,"href":"https:\/\/newsinfoco.com.br\/inicio\/wp-json\/wp\/v2\/posts\/13665\/revisions"}],"wp:featuredmedia":[{"embeddable":true,"href":"https:\/\/newsinfoco.com.br\/inicio\/wp-json\/wp\/v2\/media\/1068"}],"wp:attachment":[{"href":"https:\/\/newsinfoco.com.br\/inicio\/wp-json\/wp\/v2\/media?parent=13665"}],"wp:term":[{"taxonomy":"category","embeddable":true,"href":"https:\/\/newsinfoco.com.br\/inicio\/wp-json\/wp\/v2\/categories?post=13665"},{"taxonomy":"post_tag","embeddable":true,"href":"https:\/\/newsinfoco.com.br\/inicio\/wp-json\/wp\/v2\/tags?post=13665"}],"curies":[{"name":"wp","href":"https:\/\/api.w.org\/{rel}","templated":true}]}}