{"id":13668,"date":"2019-02-20T15:02:24","date_gmt":"2019-02-20T18:02:24","guid":{"rendered":"http:\/\/newsinfoco.com.br\/?p=13668"},"modified":"2019-02-20T15:43:58","modified_gmt":"2019-02-20T18:43:58","slug":"apos-conversas-prefeitura-smtt-e-e-parking-divulgam-novidades-na-zonal-azul-de-alagoinhas","status":"publish","type":"post","link":"https:\/\/newsinfoco.com.br\/inicio\/apos-conversas-prefeitura-smtt-e-e-parking-divulgam-novidades-na-zonal-azul-de-alagoinhas\/","title":{"rendered":"Ap\u00f3s conversas, Prefeitura, SMTT e E-Parking divulgam novidades na zonal azul de Alagoinhas"},"content":{"rendered":"<p style=\"text-align: justify;\">[sg_popup id=&#8221;11418&#8243; event=&#8221;inherit&#8221;][\/sg_popup]Ap\u00f3s 5 dias de implanta\u00e7\u00e3o do sistema de estacionamento rotativo na cidade, a prefeitura de Alagoinhas, a SMTT e a E-Parking se reuniram no final da tarde de ontem(19) para discutir melhorias e modifica\u00e7\u00f5es no sistema da zona azul.<\/p>\n<p style=\"text-align: justify;\">A reuni\u00e3o que tamb\u00e9m contou com a presen\u00e7a de vereadores da base governista, segundo os participantes, abordou as principais queixas da popula\u00e7\u00e3o e como se poderia soluciona-las ou ameniza-las. Ap\u00f3s algumas horas de conversa algumas decis\u00f5es foram tomadas.<\/p><div class=\"newsi-conteudo_19\" id=\"newsi-3135001731\"><a href=\"https:\/\/www.instagram.com\/prefeituraalagoinhas?igsh=YzgzdDJ1bWR3aWI4\" aria-label=\"SAVE_20251006_221555\"><img loading=\"lazy\" decoding=\"async\" src=\"https:\/\/newsinfoco.com.br\/inicio\/wp-content\/uploads\/2025\/10\/SAVE_20251006_221555-rotated.jpg\" alt=\"\"  srcset=\"https:\/\/newsinfoco.com.br\/inicio\/wp-content\/uploads\/2025\/10\/SAVE_20251006_221555-rotated.jpg 1140w, https:\/\/newsinfoco.com.br\/inicio\/wp-content\/uploads\/2025\/10\/SAVE_20251006_221555-300x52.jpg 300w, https:\/\/newsinfoco.com.br\/inicio\/wp-content\/uploads\/2025\/10\/SAVE_20251006_221555-1024x177.jpg 1024w, https:\/\/newsinfoco.com.br\/inicio\/wp-content\/uploads\/2025\/10\/SAVE_20251006_221555-768x133.jpg 768w, https:\/\/newsinfoco.com.br\/inicio\/wp-content\/uploads\/2025\/10\/SAVE_20251006_221555-600x104.jpg 600w, https:\/\/newsinfoco.com.br\/inicio\/wp-content\/uploads\/2025\/10\/SAVE_20251006_221555-696x120.jpg 696w, https:\/\/newsinfoco.com.br\/inicio\/wp-content\/uploads\/2025\/10\/SAVE_20251006_221555-1068x185.jpg 1068w\" sizes=\"(max-width: 1140px) 100vw, 1140px\" width=\"1140\" height=\"197\"   \/><\/a><\/div>\n<p dir=\"auto\" style=\"text-align: justify;\">A primeira delas foi a prorroga\u00e7\u00e3o do prazo de bonifica\u00e7\u00e3o da tarifa p\u00f3s-cr\u00e9dito. No fim do dia 14, ap\u00f3s reclama\u00e7\u00f5es de usu\u00e1rios que haviam sido notificados com o pagamento de 20 reais por n\u00e3o efetivarem o pagamento da tarifa da zona azul no prazo limite, o superintendente da SMTT, Coronel Nonato, anunciou que no prazo de 10 dias, caso o usu\u00e1rio fosse notificado pelos monitores, se pagaria os 20 reais, mas s\u00f3 seria cobrado o valor referente as primeiras duas horas(R$2,50), sendo o restante do dinheiro(R$17,50) devolvido ao usu\u00e1rio na forma de cr\u00e9dito para uso futuros das vagas no estacionamento rotativo. Agora, ap\u00f3s a reuni\u00e3o de ontem, o prazo que inicialmente era de 10 dias foi prorrogado e fica v\u00e1lido at\u00e9 o dia 30\/03.<\/p>\n<p dir=\"auto\" style=\"text-align: justify;\">Outro ponto acordado \u00e9 que os usu\u00e1rios que pagaram o valor integral(20 reais) no primeiro dia de zona azul, quinta-feira passada, dia 14, ter\u00e3o direito ao reembolso de R$17,50 em cr\u00e9ditos no estacionamento rotativo. Para tanto, o usu\u00e1rio que pagou a notifica\u00e7\u00e3o no dia 14 dever\u00e1 se dirigir \u00e0 sede\u00a0 da E-Parking, localizado na Travessa Dantas Bi\u00e3o, n 12, centro, para requerer os cr\u00e9ditos aos quais tem direito. Para mais informa\u00e7\u00f5es \u00e9 s\u00f3 ligar 75 3421-4570.<\/p>\n<p dir=\"auto\" style=\"text-align: justify;\">A terceira mudan\u00e7a anunciada foi a cria\u00e7\u00e3o e divulga\u00e7\u00e3o de bols\u00f5es gratuitos( area de estacionamento grauito) paralelos ao pol\u00edgono da Zona Azul para carros e motos, o que deve ocorrer nos pr\u00f3ximos dias.<\/p>\n<p dir=\"auto\" style=\"text-align: justify;\">Al\u00e9m disso, ficou decidido que haver\u00e1 a inser\u00e7\u00e3o social de flanelinhas como funcion\u00e1rios da Zona Azul.<\/p>\n<h6 dir=\"auto\" style=\"text-align: right;\">Por Caio Pimenta para o News Infoco<\/h6>\n<div dir=\"auto\" style=\"text-align: justify;\"><\/div>\n<div dir=\"auto\" style=\"text-align: justify;\"><\/div>\n<div dir=\"auto\" style=\"text-align: justify;\"><\/div>\n<div class='share-to-whatsapp-wrapper'><div class='share-on-whsp'>Share on: <\/div><a data-text='Ap\u00f3s conversas, Prefeitura, SMTT e E-Parking divulgam novidades na zonal azul de Alagoinhas' data-link='https:\/\/newsinfoco.com.br\/inicio\/apos-conversas-prefeitura-smtt-e-e-parking-divulgam-novidades-na-zonal-azul-de-alagoinhas\/' class='whatsapp-button whatsapp-share'>WhatsApp<\/a><div class='clear '><\/div><\/div>","protected":false},"excerpt":{"rendered":"<p>[sg_popup id=&#8221;11418&#8243; event=&#8221;inherit&#8221;][\/sg_popup]Ap\u00f3s 5 dias de implanta\u00e7\u00e3o do sistema de estacionamento rotativo na cidade, a prefeitura de Alagoinhas, a SMTT e a E-Parking se reuniram no final da tarde de ontem(19) para discutir melhorias e modifica\u00e7\u00f5es no sistema da zona azul. A reuni\u00e3o que tamb\u00e9m contou com a presen\u00e7a de vereadores da base governista, segundo [&hellip;]<\/p>\n","protected":false},"author":1,"featured_media":13513,"comment_status":"open","ping_status":"open","sticky":false,"template":"","format":"standard","meta":{"om_disable_all_campaigns":false,"_exactmetrics_skip_tracking":false,"_exactmetrics_sitenote_active":false,"_exactmetrics_sitenote_note":"","_exactmetrics_sitenote_category":0,"footnotes":""},"categories":[38,30],"tags":[],"class_list":["post-13668","post","type-post","status-publish","format-standard","has-post-thumbnail","hentry","category-alagoinhas-e-regiao","category-destaque"],"aioseo_notices":[],"_links":{"self":[{"href":"https:\/\/newsinfoco.com.br\/inicio\/wp-json\/wp\/v2\/posts\/13668","targetHints":{"allow":["GET"]}}],"collection":[{"href":"https:\/\/newsinfoco.com.br\/inicio\/wp-json\/wp\/v2\/posts"}],"about":[{"href":"https:\/\/newsinfoco.com.br\/inicio\/wp-json\/wp\/v2\/types\/post"}],"author":[{"embeddable":true,"href":"https:\/\/newsinfoco.com.br\/inicio\/wp-json\/wp\/v2\/users\/1"}],"replies":[{"embeddable":true,"href":"https:\/\/newsinfoco.com.br\/inicio\/wp-json\/wp\/v2\/comments?post=13668"}],"version-history":[{"count":0,"href":"https:\/\/newsinfoco.com.br\/inicio\/wp-json\/wp\/v2\/posts\/13668\/revisions"}],"wp:featuredmedia":[{"embeddable":true,"href":"https:\/\/newsinfoco.com.br\/inicio\/wp-json\/wp\/v2\/media\/13513"}],"wp:attachment":[{"href":"https:\/\/newsinfoco.com.br\/inicio\/wp-json\/wp\/v2\/media?parent=13668"}],"wp:term":[{"taxonomy":"category","embeddable":true,"href":"https:\/\/newsinfoco.com.br\/inicio\/wp-json\/wp\/v2\/categories?post=13668"},{"taxonomy":"post_tag","embeddable":true,"href":"https:\/\/newsinfoco.com.br\/inicio\/wp-json\/wp\/v2\/tags?post=13668"}],"curies":[{"name":"wp","href":"https:\/\/api.w.org\/{rel}","templated":true}]}}