{"id":13673,"date":"2019-02-21T13:37:12","date_gmt":"2019-02-21T16:37:12","guid":{"rendered":"http:\/\/newsinfoco.com.br\/?p=13673"},"modified":"2019-02-21T13:37:12","modified_gmt":"2019-02-21T16:37:12","slug":"pesquisa-parana-para-2020-aponta-alice-e-lazaro-na-frente-confira-cenarios","status":"publish","type":"post","link":"https:\/\/newsinfoco.com.br\/inicio\/pesquisa-parana-para-2020-aponta-alice-e-lazaro-na-frente-confira-cenarios\/","title":{"rendered":"Pesquisa Paran\u00e1 para 2020 aponta Alice e L\u00e1zaro na frente; confira cen\u00e1rios"},"content":{"rendered":"<p style=\"text-align: justify;\">[sg_popup id=&#8221;11418&#8243; event=&#8221;inherit&#8221;][\/sg_popup]O Bahia Not\u00edcias e a R\u00e1dio Metr\u00f3pole encomendaram ao Instituto Paran\u00e1 Pesquisas a primeira pesquisa eleitoral para a corrida pela Prefeitura de Salvador, que acontece em 2020. No total, o levantamento ouviu 804 pessoas entre os dias 17 e 20 de fevereiro, possuindo uma margem de erro de 3,5%.<\/p>\n<p style=\"text-align: justify;\">Em tr\u00eas cen\u00e1rios, Irm\u00e3o L\u00e1zaro (PR) e Alice Portugal (PCdoB) aparecem \u00e0 frente, muito pr\u00f3ximos de outras figuras citadas como candidatas. No primeiro quadro, o ex-candidato ao Senado, Irm\u00e3o L\u00e1zaro, recentemente filiado ao PR, foi citado por 12,3% dos entrevistados. No entanto, o cantor aparece em empate t\u00e9cnico com Alice Portugal (11,8%), Bruno Reis (11,7%), L\u00eddice da Mata (10,4%) e Nelson Pelegrino (8,5%).<\/p>\n<p style=\"text-align: justify;\">Ainda entre os pol\u00edticos profissionais, Tia Eron (PRB) foi citada por 5,1%, seguida por Otto Alencar Filho (2,9%), do PSD, Dayane Pimentel (2,4%), do PSL, Cac\u00e1 Le\u00e3o (2,2%), do PP, e Geraldo Jr. (2,1%), do SD.<\/p>\n<p style=\"text-align: justify;\">No campo dos sem filia\u00e7\u00e3o partid\u00e1ria definida, Guilherme Bellintani \u00e9 op\u00e7\u00e3o para 2,4% dos entrevistados, enquanto F\u00e1bio Vilas Boas teria 1,9% e Nizan Guanaes, 1%. Neste cen\u00e1rio, 19,6% dos eleitores n\u00e3o votariam nos nomes citados e 5,6% n\u00e3o souberam responder.<\/p>\n<p style=\"text-align: justify;\">O Instituto ainda testou um cen\u00e1rio com menos candidatos, com os nomes mais frequentemente citados. Neste, Portugal, derrotada em 2016 por ACM Neto, aparece \u00e0 frente, com 24,4% das inten\u00e7\u00f5es de voto. O petista Nelson Pelegrino, candidato em 2012, foi o segundo colocado, como op\u00e7\u00e3o para 19% dos entrevistados. O vice-prefeito Bruno Reis (DEM) foi escolhido por 15,9%. Os demais candidatos n\u00e3o atingiram a marca de 5%. Cac\u00e1 Le\u00e3o (PP) ficou com 4,3%, Geraldo Jr. (SD) e Guilherme Bellintani empatam numericamente em 3,7% e F\u00e1bio Vilas-Boas aparece com 2,9%. Com esses candidatos, 24,4% dos eleitores n\u00e3o votariam em nenhum dos nomes e 6,9% n\u00e3o souberam responder.<\/p>\n<p style=\"text-align: justify;\">O \u00faltimo cen\u00e1rio estimulado exclui Pelegrino, substitu\u00eddo pelo secret\u00e1rio estadual de Sa\u00fade, F\u00e1bio Vilas-Boas, como candidato do PT. Alice Portugal segue na frente, com 26,5% das inten\u00e7\u00f5es de voto, enquanto Bruno Reis fica com 16,7%. Cac\u00e1 Le\u00e3o (6%), Geraldo Jr. (5,8%) e Guilherme Bellintani (5,6%) completam a lista, que tem Vilas-Boas com 3,8% das inten\u00e7\u00f5es de voto. O n\u00famero de pessoas que n\u00e3o votariam em quaisquer um dos candidatos sobe para 27,1% e 8,5% n\u00e3o souberam responder.<\/p>\n<p style=\"text-align: justify;\">Confira abaixo os cen\u00e1rios pesquisados pela Paran\u00e1 Pesquisas:<\/p>\n<p style=\"text-align: justify;\"><strong>Espont\u00e2nea<\/strong><\/p>\n<p style=\"text-align: justify;\">N\u00e3o sabem 63,9%<br \/>\nNingu\u00e9m 10,6%<br \/>\nACM Neto 20,1%<br \/>\nBruno Reis 2,0%<br \/>\nAlice Portugal 0,3%<br \/>\nOutros nomes citados 3,2%<\/p>\n<p style=\"text-align: justify;\"><strong>Estimulada primeiro cen\u00e1rio<\/strong><\/p>\n<p style=\"text-align: justify;\">N\u00e3o sabe 5,6%<br \/>\nNenhum 19,6%<br \/>\nIrm\u00e3o L\u00e1zaro 12,3%<br \/>\nAlice Portugal 11,8%<br \/>\nBruno Reis 11,7%<br \/>\nL\u00eddice da Mata 10,4%<br \/>\nNelson Pelegrino 8,5%<br \/>\nTia Eron 5,1%<br \/>\nOtto Alencar Filho 2,9%<br \/>\nDayane Pimentel 2,4%<br \/>\nGuilherme Belintani 2,4%<br \/>\nCac\u00e1 Le\u00e3o 2,2%<br \/>\nGeraldo Jr. 2,1%<br \/>\nF\u00e1bio Villas Boas 1,9%<br \/>\nNizan Guanaes 1,0%<\/p>\n<p style=\"text-align: justify;\"><strong>Estimulada segundo cen\u00e1rio<\/strong><\/p>\n<p style=\"text-align: justify;\">N\u00e3o sabe 6,9%<br \/>\nNenhum 24,4%<br \/>\nAlice Portugal 19,3%<br \/>\nNelson Pelegrino 19,0%<br \/>\nBruno Reis 15,9%<br \/>\nCac\u00e1 Le\u00e3o 4,3%<br \/>\nGeraldo Jr. 3,7%<br \/>\nGuilherme Belintani 3,7%<br \/>\nF\u00e1bio Villas Boas 2,9%<\/p>\n<p style=\"text-align: justify;\"><strong>Estimulada terceiro cenario<\/strong><\/p>\n<p style=\"text-align: justify;\">N\u00e3o sabe 8,5%<br \/>\nNenhum 27,1%<br \/>\nAlice Portugal 26,5%<br \/>\nBruno Reis 16,7%<br \/>\nCac\u00e1 Le\u00e3o 6,0%<br \/>\nGeraldo Jr. 5,8%<br \/>\nGuilherme Belintani 5,6%<br \/>\nF\u00e1bio Villas Boas 3,8%<\/p>\n<div class='share-to-whatsapp-wrapper'><div class='share-on-whsp'>Share on: <\/div><a data-text='Pesquisa Paran\u00e1 para 2020 aponta Alice e L\u00e1zaro na frente; confira cen\u00e1rios' data-link='https:\/\/newsinfoco.com.br\/inicio\/pesquisa-parana-para-2020-aponta-alice-e-lazaro-na-frente-confira-cenarios\/' class='whatsapp-button whatsapp-share'>WhatsApp<\/a><div class='clear '><\/div><\/div>","protected":false},"excerpt":{"rendered":"<p>[sg_popup id=&#8221;11418&#8243; event=&#8221;inherit&#8221;][\/sg_popup]O Bahia Not\u00edcias e a R\u00e1dio Metr\u00f3pole encomendaram ao Instituto Paran\u00e1 Pesquisas a primeira pesquisa eleitoral para a corrida pela Prefeitura de Salvador, que acontece em 2020. No total, o levantamento ouviu 804 pessoas entre os dias 17 e 20 de fevereiro, possuindo uma margem de erro de 3,5%. Em tr\u00eas cen\u00e1rios, Irm\u00e3o [&hellip;]<\/p>\n","protected":false},"author":1,"featured_media":13674,"comment_status":"open","ping_status":"open","sticky":false,"template":"","format":"standard","meta":{"om_disable_all_campaigns":false,"rop_custom_images_group":[],"rop_custom_messages_group":[],"rop_publish_now":"initial","rop_publish_now_accounts":[],"rop_publish_now_history":[],"rop_publish_now_status":"pending","_exactmetrics_skip_tracking":false,"footnotes":""},"categories":[19],"tags":[],"class_list":["post-13673","post","type-post","status-publish","format-standard","has-post-thumbnail","hentry","category-bahia"],"aioseo_notices":[],"aioseo_head":"\n\t\t<!-- All in One SEO 4.9.10 - aioseo.com -->\n\t<meta name=\"description\" content=\"[sg_popup id=&quot;11418&quot; event=&quot;inherit&quot;][\/sg_popup]O Bahia Not\u00edcias e a R\u00e1dio Metr\u00f3pole encomendaram ao Instituto Paran\u00e1 Pesquisas a primeira pesquisa eleitoral para a corrida pela Prefeitura de Salvador, que acontece em 2020. No total, o levantamento ouviu 804 pessoas entre os dias 17 e 20 de fevereiro, possuindo uma margem de erro de 3,5%. Em tr\u00eas cen\u00e1rios, Irm\u00e3o\" \/>\n\t<meta name=\"robots\" content=\"max-image-preview:large\" \/>\n\t<meta name=\"author\" content=\"administrador\"\/>\n\t<link rel=\"canonical\" href=\"https:\/\/newsinfoco.com.br\/inicio\/pesquisa-parana-para-2020-aponta-alice-e-lazaro-na-frente-confira-cenarios\/\" \/>\n\t<meta name=\"generator\" content=\"All in One SEO (AIOSEO) 4.9.10\" \/>\n\t\t<meta property=\"og:locale\" content=\"pt_BR\" \/>\n\t\t<meta property=\"og:site_name\" content=\"News In Foco - Editado por Caio Pimenta - O principal site de noticias de Alagoinhas e regi\u00e3o\" \/>\n\t\t<meta property=\"og:type\" content=\"article\" \/>\n\t\t<meta property=\"og:title\" content=\"Pesquisa Paran\u00e1 para 2020 aponta Alice e L\u00e1zaro na frente; confira cen\u00e1rios - News In Foco - Editado por Caio Pimenta\" \/>\n\t\t<meta property=\"og:description\" content=\"[sg_popup id=&quot;11418&quot; event=&quot;inherit&quot;][\/sg_popup]O Bahia Not\u00edcias e a R\u00e1dio Metr\u00f3pole encomendaram ao Instituto Paran\u00e1 Pesquisas a primeira pesquisa eleitoral para a corrida pela Prefeitura de Salvador, que acontece em 2020. No total, o levantamento ouviu 804 pessoas entre os dias 17 e 20 de fevereiro, possuindo uma margem de erro de 3,5%. Em tr\u00eas cen\u00e1rios, Irm\u00e3o\" \/>\n\t\t<meta property=\"og:url\" content=\"https:\/\/newsinfoco.com.br\/inicio\/pesquisa-parana-para-2020-aponta-alice-e-lazaro-na-frente-confira-cenarios\/\" \/>\n\t\t<meta property=\"article:published_time\" content=\"2019-02-21T16:37:12+00:00\" \/>\n\t\t<meta property=\"article:modified_time\" content=\"2019-02-21T16:37:12+00:00\" \/>\n\t\t<meta name=\"twitter:card\" content=\"summary_large_image\" \/>\n\t\t<meta name=\"twitter:title\" content=\"Pesquisa Paran\u00e1 para 2020 aponta Alice e L\u00e1zaro na frente; confira cen\u00e1rios - News In Foco - Editado por Caio Pimenta\" \/>\n\t\t<meta name=\"twitter:description\" content=\"[sg_popup id=&quot;11418&quot; event=&quot;inherit&quot;][\/sg_popup]O Bahia Not\u00edcias e a R\u00e1dio Metr\u00f3pole encomendaram ao Instituto Paran\u00e1 Pesquisas a primeira pesquisa eleitoral para a corrida pela Prefeitura de Salvador, que acontece em 2020. No total, o levantamento ouviu 804 pessoas entre os dias 17 e 20 de fevereiro, possuindo uma margem de erro de 3,5%. Em tr\u00eas cen\u00e1rios, Irm\u00e3o\" \/>\n\t\t<script type=\"application\/ld+json\" class=\"aioseo-schema\">\n\t\t\t{\"@context\":\"https:\\\/\\\/schema.org\",\"@graph\":[{\"@type\":\"BlogPosting\",\"@id\":\"https:\\\/\\\/newsinfoco.com.br\\\/inicio\\\/pesquisa-parana-para-2020-aponta-alice-e-lazaro-na-frente-confira-cenarios\\\/#blogposting\",\"name\":\"Pesquisa Paran\\u00e1 para 2020 aponta Alice e L\\u00e1zaro na frente; confira cen\\u00e1rios - News In Foco - Editado por Caio Pimenta\",\"headline\":\"Pesquisa Paran\\u00e1 para 2020 aponta Alice e L\\u00e1zaro na frente; confira cen\\u00e1rios\",\"author\":{\"@id\":\"https:\\\/\\\/newsinfoco.com.br\\\/inicio\\\/author\\\/administrador\\\/#author\"},\"publisher\":{\"@id\":\"https:\\\/\\\/newsinfoco.com.br\\\/inicio\\\/#organization\"},\"image\":{\"@type\":\"ImageObject\",\"url\":\"https:\\\/\\\/newsinfoco.com.br\\\/inicio\\\/wp-content\\\/uploads\\\/2019\\\/02\\\/208a70559c7adcb44b63da913fb927fe.jpg\",\"width\":590,\"height\":320,\"caption\":\"Irm\\u00e3o L\\u00e1zaro e Alice Portugal\"},\"datePublished\":\"2019-02-21T13:37:12-03:00\",\"dateModified\":\"2019-02-21T13:37:12-03:00\",\"inLanguage\":\"pt-BR\",\"mainEntityOfPage\":{\"@id\":\"https:\\\/\\\/newsinfoco.com.br\\\/inicio\\\/pesquisa-parana-para-2020-aponta-alice-e-lazaro-na-frente-confira-cenarios\\\/#webpage\"},\"isPartOf\":{\"@id\":\"https:\\\/\\\/newsinfoco.com.br\\\/inicio\\\/pesquisa-parana-para-2020-aponta-alice-e-lazaro-na-frente-confira-cenarios\\\/#webpage\"},\"articleSection\":\"Bahia\"},{\"@type\":\"BreadcrumbList\",\"@id\":\"https:\\\/\\\/newsinfoco.com.br\\\/inicio\\\/pesquisa-parana-para-2020-aponta-alice-e-lazaro-na-frente-confira-cenarios\\\/#breadcrumblist\",\"itemListElement\":[{\"@type\":\"ListItem\",\"@id\":\"https:\\\/\\\/newsinfoco.com.br\\\/inicio#listItem\",\"position\":1,\"name\":\"In\\u00edcio\",\"item\":\"https:\\\/\\\/newsinfoco.com.br\\\/inicio\",\"nextItem\":{\"@type\":\"ListItem\",\"@id\":\"https:\\\/\\\/newsinfoco.com.br\\\/inicio\\\/category\\\/bahia\\\/#listItem\",\"name\":\"Bahia\"}},{\"@type\":\"ListItem\",\"@id\":\"https:\\\/\\\/newsinfoco.com.br\\\/inicio\\\/category\\\/bahia\\\/#listItem\",\"position\":2,\"name\":\"Bahia\",\"item\":\"https:\\\/\\\/newsinfoco.com.br\\\/inicio\\\/category\\\/bahia\\\/\",\"nextItem\":{\"@type\":\"ListItem\",\"@id\":\"https:\\\/\\\/newsinfoco.com.br\\\/inicio\\\/pesquisa-parana-para-2020-aponta-alice-e-lazaro-na-frente-confira-cenarios\\\/#listItem\",\"name\":\"Pesquisa Paran\\u00e1 para 2020 aponta Alice e L\\u00e1zaro na frente; confira cen\\u00e1rios\"},\"previousItem\":{\"@type\":\"ListItem\",\"@id\":\"https:\\\/\\\/newsinfoco.com.br\\\/inicio#listItem\",\"name\":\"In\\u00edcio\"}},{\"@type\":\"ListItem\",\"@id\":\"https:\\\/\\\/newsinfoco.com.br\\\/inicio\\\/pesquisa-parana-para-2020-aponta-alice-e-lazaro-na-frente-confira-cenarios\\\/#listItem\",\"position\":3,\"name\":\"Pesquisa Paran\\u00e1 para 2020 aponta Alice e L\\u00e1zaro na frente; confira cen\\u00e1rios\",\"previousItem\":{\"@type\":\"ListItem\",\"@id\":\"https:\\\/\\\/newsinfoco.com.br\\\/inicio\\\/category\\\/bahia\\\/#listItem\",\"name\":\"Bahia\"}}]},{\"@type\":\"Organization\",\"@id\":\"https:\\\/\\\/newsinfoco.com.br\\\/inicio\\\/#organization\",\"name\":\"News In Foco - Editado por Caio Pimenta\",\"description\":\"O principal site de noticias de Alagoinhas e regi\\u00e3o\",\"url\":\"https:\\\/\\\/newsinfoco.com.br\\\/inicio\\\/\"},{\"@type\":\"Person\",\"@id\":\"https:\\\/\\\/newsinfoco.com.br\\\/inicio\\\/author\\\/administrador\\\/#author\",\"url\":\"https:\\\/\\\/newsinfoco.com.br\\\/inicio\\\/author\\\/administrador\\\/\",\"name\":\"administrador\",\"image\":{\"@type\":\"ImageObject\",\"@id\":\"https:\\\/\\\/newsinfoco.com.br\\\/inicio\\\/pesquisa-parana-para-2020-aponta-alice-e-lazaro-na-frente-confira-cenarios\\\/#authorImage\",\"url\":\"https:\\\/\\\/secure.gravatar.com\\\/avatar\\\/c17a617433de8c1dc9584bb79aab7563b46f5bb7e1728c9b17d9cc3ce6a08e49?s=96&d=mm&r=g\",\"width\":96,\"height\":96,\"caption\":\"administrador\"}},{\"@type\":\"WebPage\",\"@id\":\"https:\\\/\\\/newsinfoco.com.br\\\/inicio\\\/pesquisa-parana-para-2020-aponta-alice-e-lazaro-na-frente-confira-cenarios\\\/#webpage\",\"url\":\"https:\\\/\\\/newsinfoco.com.br\\\/inicio\\\/pesquisa-parana-para-2020-aponta-alice-e-lazaro-na-frente-confira-cenarios\\\/\",\"name\":\"Pesquisa Paran\\u00e1 para 2020 aponta Alice e L\\u00e1zaro na frente; confira cen\\u00e1rios - News In Foco - Editado por Caio Pimenta\",\"description\":\"[sg_popup id=\\\"11418\\\" event=\\\"inherit\\\"][\\\/sg_popup]O Bahia Not\\u00edcias e a R\\u00e1dio Metr\\u00f3pole encomendaram ao Instituto Paran\\u00e1 Pesquisas a primeira pesquisa eleitoral para a corrida pela Prefeitura de Salvador, que acontece em 2020. No total, o levantamento ouviu 804 pessoas entre os dias 17 e 20 de fevereiro, possuindo uma margem de erro de 3,5%. Em tr\\u00eas cen\\u00e1rios, Irm\\u00e3o\",\"inLanguage\":\"pt-BR\",\"isPartOf\":{\"@id\":\"https:\\\/\\\/newsinfoco.com.br\\\/inicio\\\/#website\"},\"breadcrumb\":{\"@id\":\"https:\\\/\\\/newsinfoco.com.br\\\/inicio\\\/pesquisa-parana-para-2020-aponta-alice-e-lazaro-na-frente-confira-cenarios\\\/#breadcrumblist\"},\"author\":{\"@id\":\"https:\\\/\\\/newsinfoco.com.br\\\/inicio\\\/author\\\/administrador\\\/#author\"},\"creator\":{\"@id\":\"https:\\\/\\\/newsinfoco.com.br\\\/inicio\\\/author\\\/administrador\\\/#author\"},\"image\":{\"@type\":\"ImageObject\",\"url\":\"https:\\\/\\\/newsinfoco.com.br\\\/inicio\\\/wp-content\\\/uploads\\\/2019\\\/02\\\/208a70559c7adcb44b63da913fb927fe.jpg\",\"@id\":\"https:\\\/\\\/newsinfoco.com.br\\\/inicio\\\/pesquisa-parana-para-2020-aponta-alice-e-lazaro-na-frente-confira-cenarios\\\/#mainImage\",\"width\":590,\"height\":320,\"caption\":\"Irm\\u00e3o L\\u00e1zaro e Alice Portugal\"},\"primaryImageOfPage\":{\"@id\":\"https:\\\/\\\/newsinfoco.com.br\\\/inicio\\\/pesquisa-parana-para-2020-aponta-alice-e-lazaro-na-frente-confira-cenarios\\\/#mainImage\"},\"datePublished\":\"2019-02-21T13:37:12-03:00\",\"dateModified\":\"2019-02-21T13:37:12-03:00\"},{\"@type\":\"WebSite\",\"@id\":\"https:\\\/\\\/newsinfoco.com.br\\\/inicio\\\/#website\",\"url\":\"https:\\\/\\\/newsinfoco.com.br\\\/inicio\\\/\",\"name\":\"News In Foco - Editado por Caio Pimenta\",\"description\":\"O principal site de noticias de Alagoinhas e regi\\u00e3o\",\"inLanguage\":\"pt-BR\",\"publisher\":{\"@id\":\"https:\\\/\\\/newsinfoco.com.br\\\/inicio\\\/#organization\"}}]}\n\t\t<\/script>\n\t\t<!-- All in One SEO -->\n\n","aioseo_head_json":{"title":"Pesquisa Paran\u00e1 para 2020 aponta Alice e L\u00e1zaro na frente; confira cen\u00e1rios - News In Foco - Editado por Caio Pimenta","description":"[sg_popup id=\"11418\" event=\"inherit\"][\/sg_popup]O Bahia Not\u00edcias e a R\u00e1dio Metr\u00f3pole encomendaram ao Instituto Paran\u00e1 Pesquisas a primeira pesquisa eleitoral para a corrida pela Prefeitura de Salvador, que acontece em 2020. No total, o levantamento ouviu 804 pessoas entre os dias 17 e 20 de fevereiro, possuindo uma margem de erro de 3,5%. Em tr\u00eas cen\u00e1rios, Irm\u00e3o","canonical_url":"https:\/\/newsinfoco.com.br\/inicio\/pesquisa-parana-para-2020-aponta-alice-e-lazaro-na-frente-confira-cenarios\/","robots":"max-image-preview:large","keywords":"","webmasterTools":{"miscellaneous":""},"schema":{"@context":"https:\/\/schema.org","@graph":[{"@type":"BlogPosting","@id":"https:\/\/newsinfoco.com.br\/inicio\/pesquisa-parana-para-2020-aponta-alice-e-lazaro-na-frente-confira-cenarios\/#blogposting","name":"Pesquisa Paran\u00e1 para 2020 aponta Alice e L\u00e1zaro na frente; confira cen\u00e1rios - News In Foco - Editado por Caio Pimenta","headline":"Pesquisa Paran\u00e1 para 2020 aponta Alice e L\u00e1zaro na frente; confira cen\u00e1rios","author":{"@id":"https:\/\/newsinfoco.com.br\/inicio\/author\/administrador\/#author"},"publisher":{"@id":"https:\/\/newsinfoco.com.br\/inicio\/#organization"},"image":{"@type":"ImageObject","url":"https:\/\/newsinfoco.com.br\/inicio\/wp-content\/uploads\/2019\/02\/208a70559c7adcb44b63da913fb927fe.jpg","width":590,"height":320,"caption":"Irm\u00e3o L\u00e1zaro e Alice Portugal"},"datePublished":"2019-02-21T13:37:12-03:00","dateModified":"2019-02-21T13:37:12-03:00","inLanguage":"pt-BR","mainEntityOfPage":{"@id":"https:\/\/newsinfoco.com.br\/inicio\/pesquisa-parana-para-2020-aponta-alice-e-lazaro-na-frente-confira-cenarios\/#webpage"},"isPartOf":{"@id":"https:\/\/newsinfoco.com.br\/inicio\/pesquisa-parana-para-2020-aponta-alice-e-lazaro-na-frente-confira-cenarios\/#webpage"},"articleSection":"Bahia"},{"@type":"BreadcrumbList","@id":"https:\/\/newsinfoco.com.br\/inicio\/pesquisa-parana-para-2020-aponta-alice-e-lazaro-na-frente-confira-cenarios\/#breadcrumblist","itemListElement":[{"@type":"ListItem","@id":"https:\/\/newsinfoco.com.br\/inicio#listItem","position":1,"name":"In\u00edcio","item":"https:\/\/newsinfoco.com.br\/inicio","nextItem":{"@type":"ListItem","@id":"https:\/\/newsinfoco.com.br\/inicio\/category\/bahia\/#listItem","name":"Bahia"}},{"@type":"ListItem","@id":"https:\/\/newsinfoco.com.br\/inicio\/category\/bahia\/#listItem","position":2,"name":"Bahia","item":"https:\/\/newsinfoco.com.br\/inicio\/category\/bahia\/","nextItem":{"@type":"ListItem","@id":"https:\/\/newsinfoco.com.br\/inicio\/pesquisa-parana-para-2020-aponta-alice-e-lazaro-na-frente-confira-cenarios\/#listItem","name":"Pesquisa Paran\u00e1 para 2020 aponta Alice e L\u00e1zaro na frente; confira cen\u00e1rios"},"previousItem":{"@type":"ListItem","@id":"https:\/\/newsinfoco.com.br\/inicio#listItem","name":"In\u00edcio"}},{"@type":"ListItem","@id":"https:\/\/newsinfoco.com.br\/inicio\/pesquisa-parana-para-2020-aponta-alice-e-lazaro-na-frente-confira-cenarios\/#listItem","position":3,"name":"Pesquisa Paran\u00e1 para 2020 aponta Alice e L\u00e1zaro na frente; confira cen\u00e1rios","previousItem":{"@type":"ListItem","@id":"https:\/\/newsinfoco.com.br\/inicio\/category\/bahia\/#listItem","name":"Bahia"}}]},{"@type":"Organization","@id":"https:\/\/newsinfoco.com.br\/inicio\/#organization","name":"News In Foco - Editado por Caio Pimenta","description":"O principal site de noticias de Alagoinhas e regi\u00e3o","url":"https:\/\/newsinfoco.com.br\/inicio\/"},{"@type":"Person","@id":"https:\/\/newsinfoco.com.br\/inicio\/author\/administrador\/#author","url":"https:\/\/newsinfoco.com.br\/inicio\/author\/administrador\/","name":"administrador","image":{"@type":"ImageObject","@id":"https:\/\/newsinfoco.com.br\/inicio\/pesquisa-parana-para-2020-aponta-alice-e-lazaro-na-frente-confira-cenarios\/#authorImage","url":"https:\/\/secure.gravatar.com\/avatar\/c17a617433de8c1dc9584bb79aab7563b46f5bb7e1728c9b17d9cc3ce6a08e49?s=96&d=mm&r=g","width":96,"height":96,"caption":"administrador"}},{"@type":"WebPage","@id":"https:\/\/newsinfoco.com.br\/inicio\/pesquisa-parana-para-2020-aponta-alice-e-lazaro-na-frente-confira-cenarios\/#webpage","url":"https:\/\/newsinfoco.com.br\/inicio\/pesquisa-parana-para-2020-aponta-alice-e-lazaro-na-frente-confira-cenarios\/","name":"Pesquisa Paran\u00e1 para 2020 aponta Alice e L\u00e1zaro na frente; confira cen\u00e1rios - News In Foco - Editado por Caio Pimenta","description":"[sg_popup id=\"11418\" event=\"inherit\"][\/sg_popup]O Bahia Not\u00edcias e a R\u00e1dio Metr\u00f3pole encomendaram ao Instituto Paran\u00e1 Pesquisas a primeira pesquisa eleitoral para a corrida pela Prefeitura de Salvador, que acontece em 2020. No total, o levantamento ouviu 804 pessoas entre os dias 17 e 20 de fevereiro, possuindo uma margem de erro de 3,5%. Em tr\u00eas cen\u00e1rios, Irm\u00e3o","inLanguage":"pt-BR","isPartOf":{"@id":"https:\/\/newsinfoco.com.br\/inicio\/#website"},"breadcrumb":{"@id":"https:\/\/newsinfoco.com.br\/inicio\/pesquisa-parana-para-2020-aponta-alice-e-lazaro-na-frente-confira-cenarios\/#breadcrumblist"},"author":{"@id":"https:\/\/newsinfoco.com.br\/inicio\/author\/administrador\/#author"},"creator":{"@id":"https:\/\/newsinfoco.com.br\/inicio\/author\/administrador\/#author"},"image":{"@type":"ImageObject","url":"https:\/\/newsinfoco.com.br\/inicio\/wp-content\/uploads\/2019\/02\/208a70559c7adcb44b63da913fb927fe.jpg","@id":"https:\/\/newsinfoco.com.br\/inicio\/pesquisa-parana-para-2020-aponta-alice-e-lazaro-na-frente-confira-cenarios\/#mainImage","width":590,"height":320,"caption":"Irm\u00e3o L\u00e1zaro e Alice Portugal"},"primaryImageOfPage":{"@id":"https:\/\/newsinfoco.com.br\/inicio\/pesquisa-parana-para-2020-aponta-alice-e-lazaro-na-frente-confira-cenarios\/#mainImage"},"datePublished":"2019-02-21T13:37:12-03:00","dateModified":"2019-02-21T13:37:12-03:00"},{"@type":"WebSite","@id":"https:\/\/newsinfoco.com.br\/inicio\/#website","url":"https:\/\/newsinfoco.com.br\/inicio\/","name":"News In Foco - Editado por Caio Pimenta","description":"O principal site de noticias de Alagoinhas e regi\u00e3o","inLanguage":"pt-BR","publisher":{"@id":"https:\/\/newsinfoco.com.br\/inicio\/#organization"}}]},"og:locale":"pt_BR","og:site_name":"News In Foco - Editado por Caio Pimenta - O principal site de noticias de Alagoinhas e regi\u00e3o","og:type":"article","og:title":"Pesquisa Paran\u00e1 para 2020 aponta Alice e L\u00e1zaro na frente; confira cen\u00e1rios - News In Foco - Editado por Caio Pimenta","og:description":"[sg_popup id=&quot;11418&quot; event=&quot;inherit&quot;][\/sg_popup]O Bahia Not\u00edcias e a R\u00e1dio Metr\u00f3pole encomendaram ao Instituto Paran\u00e1 Pesquisas a primeira pesquisa eleitoral para a corrida pela Prefeitura de Salvador, que acontece em 2020. No total, o levantamento ouviu 804 pessoas entre os dias 17 e 20 de fevereiro, possuindo uma margem de erro de 3,5%. Em tr\u00eas cen\u00e1rios, Irm\u00e3o","og:url":"https:\/\/newsinfoco.com.br\/inicio\/pesquisa-parana-para-2020-aponta-alice-e-lazaro-na-frente-confira-cenarios\/","article:published_time":"2019-02-21T16:37:12+00:00","article:modified_time":"2019-02-21T16:37:12+00:00","twitter:card":"summary_large_image","twitter:title":"Pesquisa Paran\u00e1 para 2020 aponta Alice e L\u00e1zaro na frente; confira cen\u00e1rios - News In Foco - Editado por Caio Pimenta","twitter:description":"[sg_popup id=&quot;11418&quot; event=&quot;inherit&quot;][\/sg_popup]O Bahia Not\u00edcias e a R\u00e1dio Metr\u00f3pole encomendaram ao Instituto Paran\u00e1 Pesquisas a primeira pesquisa eleitoral para a corrida pela Prefeitura de Salvador, que acontece em 2020. No total, o levantamento ouviu 804 pessoas entre os dias 17 e 20 de fevereiro, possuindo uma margem de erro de 3,5%. Em tr\u00eas cen\u00e1rios, Irm\u00e3o"},"aioseo_meta_data":{"post_id":"13673","title":null,"description":null,"keywords":null,"keyphrases":null,"primary_term":null,"canonical_url":null,"og_title":null,"og_description":null,"og_object_type":"default","og_image_type":"default","og_image_url":null,"og_image_width":null,"og_image_height":null,"og_image_custom_url":null,"og_image_custom_fields":null,"og_video":null,"og_custom_url":null,"og_article_section":null,"og_article_tags":null,"twitter_use_og":false,"twitter_card":"default","twitter_image_type":"default","twitter_image_url":null,"twitter_image_custom_url":null,"twitter_image_custom_fields":null,"twitter_title":null,"twitter_description":null,"schema":{"blockGraphs":[],"customGraphs":[],"default":{"data":{"Article":[],"Course":[],"Dataset":[],"FAQPage":[],"Movie":[],"Person":[],"Product":[],"ProductReview":[],"Car":[],"Recipe":[],"Service":[],"SoftwareApplication":[],"WebPage":[]},"graphName":"","isEnabled":true},"graphs":[]},"schema_type":"default","schema_type_options":null,"pillar_content":false,"robots_default":true,"robots_noindex":false,"robots_noarchive":false,"robots_nosnippet":false,"robots_nofollow":false,"robots_noimageindex":false,"robots_noodp":false,"robots_notranslate":false,"robots_max_snippet":null,"robots_max_videopreview":null,"robots_max_imagepreview":"large","priority":null,"frequency":null,"local_seo":null,"breadcrumb_settings":null,"limit_modified_date":false,"ai":null,"created":"2023-06-12 12:32:11","updated":"2025-07-10 23:24:46","seo_analyzer_scan_date":null},"aioseo_breadcrumb":"<div class=\"aioseo-breadcrumbs\"><span class=\"aioseo-breadcrumb\">\n\t\t\t<a href=\"https:\/\/newsinfoco.com.br\/inicio\" title=\"In\u00edcio\">In\u00edcio<\/a>\n\t\t<\/span><span class=\"aioseo-breadcrumb-separator\">&raquo;<\/span><span class=\"aioseo-breadcrumb\">\n\t\t\t<a href=\"https:\/\/newsinfoco.com.br\/inicio\/category\/bahia\/\" title=\"Bahia\">Bahia<\/a>\n\t\t<\/span><span class=\"aioseo-breadcrumb-separator\">&raquo;<\/span><span class=\"aioseo-breadcrumb\">\n\t\t\tPesquisa Paran\u00e1 para 2020 aponta Alice e L\u00e1zaro na frente; confira cen\u00e1rios\n\t\t<\/span><\/div>","aioseo_breadcrumb_json":[{"label":"In\u00edcio","link":"https:\/\/newsinfoco.com.br\/inicio"},{"label":"Bahia","link":"https:\/\/newsinfoco.com.br\/inicio\/category\/bahia\/"},{"label":"Pesquisa Paran\u00e1 para 2020 aponta Alice e L\u00e1zaro na frente; confira cen\u00e1rios","link":"https:\/\/newsinfoco.com.br\/inicio\/pesquisa-parana-para-2020-aponta-alice-e-lazaro-na-frente-confira-cenarios\/"}],"_links":{"self":[{"href":"https:\/\/newsinfoco.com.br\/inicio\/wp-json\/wp\/v2\/posts\/13673","targetHints":{"allow":["GET"]}}],"collection":[{"href":"https:\/\/newsinfoco.com.br\/inicio\/wp-json\/wp\/v2\/posts"}],"about":[{"href":"https:\/\/newsinfoco.com.br\/inicio\/wp-json\/wp\/v2\/types\/post"}],"author":[{"embeddable":true,"href":"https:\/\/newsinfoco.com.br\/inicio\/wp-json\/wp\/v2\/users\/1"}],"replies":[{"embeddable":true,"href":"https:\/\/newsinfoco.com.br\/inicio\/wp-json\/wp\/v2\/comments?post=13673"}],"version-history":[{"count":0,"href":"https:\/\/newsinfoco.com.br\/inicio\/wp-json\/wp\/v2\/posts\/13673\/revisions"}],"wp:featuredmedia":[{"embeddable":true,"href":"https:\/\/newsinfoco.com.br\/inicio\/wp-json\/wp\/v2\/media\/13674"}],"wp:attachment":[{"href":"https:\/\/newsinfoco.com.br\/inicio\/wp-json\/wp\/v2\/media?parent=13673"}],"wp:term":[{"taxonomy":"category","embeddable":true,"href":"https:\/\/newsinfoco.com.br\/inicio\/wp-json\/wp\/v2\/categories?post=13673"},{"taxonomy":"post_tag","embeddable":true,"href":"https:\/\/newsinfoco.com.br\/inicio\/wp-json\/wp\/v2\/tags?post=13673"}],"curies":[{"name":"wp","href":"https:\/\/api.w.org\/{rel}","templated":true}]}}