{"id":13676,"date":"2019-02-21T13:40:44","date_gmt":"2019-02-21T16:40:44","guid":{"rendered":"http:\/\/newsinfoco.com.br\/?p=13676"},"modified":"2019-02-21T13:40:44","modified_gmt":"2019-02-21T16:40:44","slug":"jose-ronaldo-e-multado-pelo-tcm","status":"publish","type":"post","link":"https:\/\/newsinfoco.com.br\/inicio\/jose-ronaldo-e-multado-pelo-tcm\/","title":{"rendered":"Jos\u00e9 Ronaldo \u00e9 multado pelo TCM"},"content":{"rendered":"<p style=\"text-align: justify;\">[sg_popup id=&#8221;11418&#8243; event=&#8221;inherit&#8221;][\/sg_popup]Na sess\u00e3o desta quarta-feira (20), o Tribunal de Contas dos Munic\u00edpios (TCM) multou em R$3 mil o ex-prefeito de Feira de Santana, Jos\u00e9 Ronaldo (DEM), em raz\u00e3o de irregularidades identificadas em 61 processos de dispensa e inexigibilidade de licita\u00e7\u00e3o realizados nos exerc\u00edcios de 2016 e 2017.<\/p>\n<p style=\"text-align: justify;\">Segundo o relator, conselheiro Paolo Marconi, os processos foram destinados a contrata\u00e7\u00e3o de profissionais do setor art\u00edstico para micaretas, festas de S\u00e3o Jo\u00e3o e de S\u00e3o Pedro e as exposi\u00e7\u00f5es agropecu\u00e1rias do munic\u00edpio naqueles exerc\u00edcios, a um custo de R$2.358.600,00. Dos 61 processos analisados \u2013 tr\u00eas de dispensa e 58 de inexigibilidade \u2013, nenhum deles apresentou justificativa dos pre\u00e7os pactuados.<\/p>\n<p style=\"text-align: justify;\">Essa justificativa deveria ter sido providenciada por meio de ampla pesquisa de mercado em que ficasse demonstrado que os valores cobrados \u00e0 prefeitura eram, \u00e0 \u00e9poca das contrata\u00e7\u00f5es, similares ao que os empres\u00e1rios contratados cobravam de outros contratantes. E, com exce\u00e7\u00e3o das inexigibilidades de 2017, a maioria dos processos n\u00e3o apresentou elementos indicativos da consagra\u00e7\u00e3o, pela cr\u00edtica especializada ou pela opini\u00e3o p\u00fablica, dos artistas contratados.<\/p>\n<p style=\"text-align: justify;\">Al\u00e9m disso, em dois dos cinco processos de inexigibilidade realizados em 2017 as cartas de exclusividade apresentadas restringem a capacidade de representa\u00e7\u00e3o do empres\u00e1rio \u00e0 micareta de Feira de Santana, o que viola dispositivo contido na Instru\u00e7\u00e3o n\u00ba 2\/2015 do TCM.<\/p>\n<p style=\"text-align: justify;\">Cabe recurso da decis\u00e3o.<\/p>\n<div class='share-to-whatsapp-wrapper'><div class='share-on-whsp'>Share on: <\/div><a data-text='Jos\u00e9 Ronaldo \u00e9 multado pelo TCM' data-link='https:\/\/newsinfoco.com.br\/inicio\/jose-ronaldo-e-multado-pelo-tcm\/' class='whatsapp-button whatsapp-share'>WhatsApp<\/a><div class='clear '><\/div><\/div>","protected":false},"excerpt":{"rendered":"<p>[sg_popup id=&#8221;11418&#8243; event=&#8221;inherit&#8221;][\/sg_popup]Na sess\u00e3o desta quarta-feira (20), o Tribunal de Contas dos Munic\u00edpios (TCM) multou em R$3 mil o ex-prefeito de Feira de Santana, Jos\u00e9 Ronaldo (DEM), em raz\u00e3o de irregularidades identificadas em 61 processos de dispensa e inexigibilidade de licita\u00e7\u00e3o realizados nos exerc\u00edcios de 2016 e 2017. Segundo o relator, conselheiro Paolo Marconi, os [&hellip;]<\/p>\n","protected":false},"author":1,"featured_media":9882,"comment_status":"open","ping_status":"open","sticky":false,"template":"","format":"standard","meta":{"om_disable_all_campaigns":false,"rop_custom_images_group":[],"rop_custom_messages_group":[],"rop_publish_now":"initial","rop_publish_now_accounts":[],"rop_publish_now_history":[],"rop_publish_now_status":"pending","_exactmetrics_skip_tracking":false,"footnotes":""},"categories":[19],"tags":[],"class_list":["post-13676","post","type-post","status-publish","format-standard","has-post-thumbnail","hentry","category-bahia"],"aioseo_notices":[],"aioseo_head":"\n\t\t<!-- All in One SEO 4.9.10 - aioseo.com -->\n\t<meta name=\"description\" content=\"[sg_popup id=&quot;11418&quot; event=&quot;inherit&quot;][\/sg_popup]Na sess\u00e3o desta quarta-feira (20), o Tribunal de Contas dos Munic\u00edpios (TCM) multou em R$3 mil o ex-prefeito de Feira de Santana, Jos\u00e9 Ronaldo (DEM), em raz\u00e3o de irregularidades identificadas em 61 processos de dispensa e inexigibilidade de licita\u00e7\u00e3o realizados nos exerc\u00edcios de 2016 e 2017. Segundo o relator, conselheiro Paolo Marconi, os\" \/>\n\t<meta name=\"robots\" content=\"max-image-preview:large\" \/>\n\t<meta name=\"author\" content=\"administrador\"\/>\n\t<link rel=\"canonical\" href=\"https:\/\/newsinfoco.com.br\/inicio\/jose-ronaldo-e-multado-pelo-tcm\/\" \/>\n\t<meta name=\"generator\" content=\"All in One SEO (AIOSEO) 4.9.10\" \/>\n\t\t<meta property=\"og:locale\" content=\"pt_BR\" \/>\n\t\t<meta property=\"og:site_name\" content=\"News In Foco - Editado por Caio Pimenta - O principal site de noticias de Alagoinhas e regi\u00e3o\" \/>\n\t\t<meta property=\"og:type\" content=\"article\" \/>\n\t\t<meta property=\"og:title\" content=\"Jos\u00e9 Ronaldo \u00e9 multado pelo TCM - News In Foco - Editado por Caio Pimenta\" \/>\n\t\t<meta property=\"og:description\" content=\"[sg_popup id=&quot;11418&quot; event=&quot;inherit&quot;][\/sg_popup]Na sess\u00e3o desta quarta-feira (20), o Tribunal de Contas dos Munic\u00edpios (TCM) multou em R$3 mil o ex-prefeito de Feira de Santana, Jos\u00e9 Ronaldo (DEM), em raz\u00e3o de irregularidades identificadas em 61 processos de dispensa e inexigibilidade de licita\u00e7\u00e3o realizados nos exerc\u00edcios de 2016 e 2017. Segundo o relator, conselheiro Paolo Marconi, os\" \/>\n\t\t<meta property=\"og:url\" content=\"https:\/\/newsinfoco.com.br\/inicio\/jose-ronaldo-e-multado-pelo-tcm\/\" \/>\n\t\t<meta property=\"article:published_time\" content=\"2019-02-21T16:40:44+00:00\" \/>\n\t\t<meta property=\"article:modified_time\" content=\"2019-02-21T16:40:44+00:00\" \/>\n\t\t<meta name=\"twitter:card\" content=\"summary_large_image\" \/>\n\t\t<meta name=\"twitter:title\" content=\"Jos\u00e9 Ronaldo \u00e9 multado pelo TCM - News In Foco - Editado por Caio Pimenta\" \/>\n\t\t<meta name=\"twitter:description\" content=\"[sg_popup id=&quot;11418&quot; event=&quot;inherit&quot;][\/sg_popup]Na sess\u00e3o desta quarta-feira (20), o Tribunal de Contas dos Munic\u00edpios (TCM) multou em R$3 mil o ex-prefeito de Feira de Santana, Jos\u00e9 Ronaldo (DEM), em raz\u00e3o de irregularidades identificadas em 61 processos de dispensa e inexigibilidade de licita\u00e7\u00e3o realizados nos exerc\u00edcios de 2016 e 2017. Segundo o relator, conselheiro Paolo Marconi, os\" \/>\n\t\t<script type=\"application\/ld+json\" class=\"aioseo-schema\">\n\t\t\t{\"@context\":\"https:\\\/\\\/schema.org\",\"@graph\":[{\"@type\":\"BlogPosting\",\"@id\":\"https:\\\/\\\/newsinfoco.com.br\\\/inicio\\\/jose-ronaldo-e-multado-pelo-tcm\\\/#blogposting\",\"name\":\"Jos\\u00e9 Ronaldo \\u00e9 multado pelo TCM - News In Foco - Editado por Caio Pimenta\",\"headline\":\"Jos\\u00e9 Ronaldo \\u00e9 multado pelo TCM\",\"author\":{\"@id\":\"https:\\\/\\\/newsinfoco.com.br\\\/inicio\\\/author\\\/administrador\\\/#author\"},\"publisher\":{\"@id\":\"https:\\\/\\\/newsinfoco.com.br\\\/inicio\\\/#organization\"},\"image\":{\"@type\":\"ImageObject\",\"url\":\"https:\\\/\\\/newsinfoco.com.br\\\/inicio\\\/wp-content\\\/uploads\\\/2018\\\/09\\\/ze-ronaldo.jpg\",\"width\":590,\"height\":320},\"datePublished\":\"2019-02-21T13:40:44-03:00\",\"dateModified\":\"2019-02-21T13:40:44-03:00\",\"inLanguage\":\"pt-BR\",\"mainEntityOfPage\":{\"@id\":\"https:\\\/\\\/newsinfoco.com.br\\\/inicio\\\/jose-ronaldo-e-multado-pelo-tcm\\\/#webpage\"},\"isPartOf\":{\"@id\":\"https:\\\/\\\/newsinfoco.com.br\\\/inicio\\\/jose-ronaldo-e-multado-pelo-tcm\\\/#webpage\"},\"articleSection\":\"Bahia\"},{\"@type\":\"BreadcrumbList\",\"@id\":\"https:\\\/\\\/newsinfoco.com.br\\\/inicio\\\/jose-ronaldo-e-multado-pelo-tcm\\\/#breadcrumblist\",\"itemListElement\":[{\"@type\":\"ListItem\",\"@id\":\"https:\\\/\\\/newsinfoco.com.br\\\/inicio#listItem\",\"position\":1,\"name\":\"In\\u00edcio\",\"item\":\"https:\\\/\\\/newsinfoco.com.br\\\/inicio\",\"nextItem\":{\"@type\":\"ListItem\",\"@id\":\"https:\\\/\\\/newsinfoco.com.br\\\/inicio\\\/category\\\/bahia\\\/#listItem\",\"name\":\"Bahia\"}},{\"@type\":\"ListItem\",\"@id\":\"https:\\\/\\\/newsinfoco.com.br\\\/inicio\\\/category\\\/bahia\\\/#listItem\",\"position\":2,\"name\":\"Bahia\",\"item\":\"https:\\\/\\\/newsinfoco.com.br\\\/inicio\\\/category\\\/bahia\\\/\",\"nextItem\":{\"@type\":\"ListItem\",\"@id\":\"https:\\\/\\\/newsinfoco.com.br\\\/inicio\\\/jose-ronaldo-e-multado-pelo-tcm\\\/#listItem\",\"name\":\"Jos\\u00e9 Ronaldo \\u00e9 multado pelo TCM\"},\"previousItem\":{\"@type\":\"ListItem\",\"@id\":\"https:\\\/\\\/newsinfoco.com.br\\\/inicio#listItem\",\"name\":\"In\\u00edcio\"}},{\"@type\":\"ListItem\",\"@id\":\"https:\\\/\\\/newsinfoco.com.br\\\/inicio\\\/jose-ronaldo-e-multado-pelo-tcm\\\/#listItem\",\"position\":3,\"name\":\"Jos\\u00e9 Ronaldo \\u00e9 multado pelo TCM\",\"previousItem\":{\"@type\":\"ListItem\",\"@id\":\"https:\\\/\\\/newsinfoco.com.br\\\/inicio\\\/category\\\/bahia\\\/#listItem\",\"name\":\"Bahia\"}}]},{\"@type\":\"Organization\",\"@id\":\"https:\\\/\\\/newsinfoco.com.br\\\/inicio\\\/#organization\",\"name\":\"News In Foco - Editado por Caio Pimenta\",\"description\":\"O principal site de noticias de Alagoinhas e regi\\u00e3o\",\"url\":\"https:\\\/\\\/newsinfoco.com.br\\\/inicio\\\/\"},{\"@type\":\"Person\",\"@id\":\"https:\\\/\\\/newsinfoco.com.br\\\/inicio\\\/author\\\/administrador\\\/#author\",\"url\":\"https:\\\/\\\/newsinfoco.com.br\\\/inicio\\\/author\\\/administrador\\\/\",\"name\":\"administrador\",\"image\":{\"@type\":\"ImageObject\",\"@id\":\"https:\\\/\\\/newsinfoco.com.br\\\/inicio\\\/jose-ronaldo-e-multado-pelo-tcm\\\/#authorImage\",\"url\":\"https:\\\/\\\/secure.gravatar.com\\\/avatar\\\/c17a617433de8c1dc9584bb79aab7563b46f5bb7e1728c9b17d9cc3ce6a08e49?s=96&d=mm&r=g\",\"width\":96,\"height\":96,\"caption\":\"administrador\"}},{\"@type\":\"WebPage\",\"@id\":\"https:\\\/\\\/newsinfoco.com.br\\\/inicio\\\/jose-ronaldo-e-multado-pelo-tcm\\\/#webpage\",\"url\":\"https:\\\/\\\/newsinfoco.com.br\\\/inicio\\\/jose-ronaldo-e-multado-pelo-tcm\\\/\",\"name\":\"Jos\\u00e9 Ronaldo \\u00e9 multado pelo TCM - News In Foco - Editado por Caio Pimenta\",\"description\":\"[sg_popup id=\\\"11418\\\" event=\\\"inherit\\\"][\\\/sg_popup]Na sess\\u00e3o desta quarta-feira (20), o Tribunal de Contas dos Munic\\u00edpios (TCM) multou em R$3 mil o ex-prefeito de Feira de Santana, Jos\\u00e9 Ronaldo (DEM), em raz\\u00e3o de irregularidades identificadas em 61 processos de dispensa e inexigibilidade de licita\\u00e7\\u00e3o realizados nos exerc\\u00edcios de 2016 e 2017. Segundo o relator, conselheiro Paolo Marconi, os\",\"inLanguage\":\"pt-BR\",\"isPartOf\":{\"@id\":\"https:\\\/\\\/newsinfoco.com.br\\\/inicio\\\/#website\"},\"breadcrumb\":{\"@id\":\"https:\\\/\\\/newsinfoco.com.br\\\/inicio\\\/jose-ronaldo-e-multado-pelo-tcm\\\/#breadcrumblist\"},\"author\":{\"@id\":\"https:\\\/\\\/newsinfoco.com.br\\\/inicio\\\/author\\\/administrador\\\/#author\"},\"creator\":{\"@id\":\"https:\\\/\\\/newsinfoco.com.br\\\/inicio\\\/author\\\/administrador\\\/#author\"},\"image\":{\"@type\":\"ImageObject\",\"url\":\"https:\\\/\\\/newsinfoco.com.br\\\/inicio\\\/wp-content\\\/uploads\\\/2018\\\/09\\\/ze-ronaldo.jpg\",\"@id\":\"https:\\\/\\\/newsinfoco.com.br\\\/inicio\\\/jose-ronaldo-e-multado-pelo-tcm\\\/#mainImage\",\"width\":590,\"height\":320},\"primaryImageOfPage\":{\"@id\":\"https:\\\/\\\/newsinfoco.com.br\\\/inicio\\\/jose-ronaldo-e-multado-pelo-tcm\\\/#mainImage\"},\"datePublished\":\"2019-02-21T13:40:44-03:00\",\"dateModified\":\"2019-02-21T13:40:44-03:00\"},{\"@type\":\"WebSite\",\"@id\":\"https:\\\/\\\/newsinfoco.com.br\\\/inicio\\\/#website\",\"url\":\"https:\\\/\\\/newsinfoco.com.br\\\/inicio\\\/\",\"name\":\"News In Foco - Editado por Caio Pimenta\",\"description\":\"O principal site de noticias de Alagoinhas e regi\\u00e3o\",\"inLanguage\":\"pt-BR\",\"publisher\":{\"@id\":\"https:\\\/\\\/newsinfoco.com.br\\\/inicio\\\/#organization\"}}]}\n\t\t<\/script>\n\t\t<!-- All in One SEO -->\n\n","aioseo_head_json":{"title":"Jos\u00e9 Ronaldo \u00e9 multado pelo TCM - News In Foco - Editado por Caio Pimenta","description":"[sg_popup id=\"11418\" event=\"inherit\"][\/sg_popup]Na sess\u00e3o desta quarta-feira (20), o Tribunal de Contas dos Munic\u00edpios (TCM) multou em R$3 mil o ex-prefeito de Feira de Santana, Jos\u00e9 Ronaldo (DEM), em raz\u00e3o de irregularidades identificadas em 61 processos de dispensa e inexigibilidade de licita\u00e7\u00e3o realizados nos exerc\u00edcios de 2016 e 2017. Segundo o relator, conselheiro Paolo Marconi, os","canonical_url":"https:\/\/newsinfoco.com.br\/inicio\/jose-ronaldo-e-multado-pelo-tcm\/","robots":"max-image-preview:large","keywords":"","webmasterTools":{"miscellaneous":""},"schema":{"@context":"https:\/\/schema.org","@graph":[{"@type":"BlogPosting","@id":"https:\/\/newsinfoco.com.br\/inicio\/jose-ronaldo-e-multado-pelo-tcm\/#blogposting","name":"Jos\u00e9 Ronaldo \u00e9 multado pelo TCM - News In Foco - Editado por Caio Pimenta","headline":"Jos\u00e9 Ronaldo \u00e9 multado pelo TCM","author":{"@id":"https:\/\/newsinfoco.com.br\/inicio\/author\/administrador\/#author"},"publisher":{"@id":"https:\/\/newsinfoco.com.br\/inicio\/#organization"},"image":{"@type":"ImageObject","url":"https:\/\/newsinfoco.com.br\/inicio\/wp-content\/uploads\/2018\/09\/ze-ronaldo.jpg","width":590,"height":320},"datePublished":"2019-02-21T13:40:44-03:00","dateModified":"2019-02-21T13:40:44-03:00","inLanguage":"pt-BR","mainEntityOfPage":{"@id":"https:\/\/newsinfoco.com.br\/inicio\/jose-ronaldo-e-multado-pelo-tcm\/#webpage"},"isPartOf":{"@id":"https:\/\/newsinfoco.com.br\/inicio\/jose-ronaldo-e-multado-pelo-tcm\/#webpage"},"articleSection":"Bahia"},{"@type":"BreadcrumbList","@id":"https:\/\/newsinfoco.com.br\/inicio\/jose-ronaldo-e-multado-pelo-tcm\/#breadcrumblist","itemListElement":[{"@type":"ListItem","@id":"https:\/\/newsinfoco.com.br\/inicio#listItem","position":1,"name":"In\u00edcio","item":"https:\/\/newsinfoco.com.br\/inicio","nextItem":{"@type":"ListItem","@id":"https:\/\/newsinfoco.com.br\/inicio\/category\/bahia\/#listItem","name":"Bahia"}},{"@type":"ListItem","@id":"https:\/\/newsinfoco.com.br\/inicio\/category\/bahia\/#listItem","position":2,"name":"Bahia","item":"https:\/\/newsinfoco.com.br\/inicio\/category\/bahia\/","nextItem":{"@type":"ListItem","@id":"https:\/\/newsinfoco.com.br\/inicio\/jose-ronaldo-e-multado-pelo-tcm\/#listItem","name":"Jos\u00e9 Ronaldo \u00e9 multado pelo TCM"},"previousItem":{"@type":"ListItem","@id":"https:\/\/newsinfoco.com.br\/inicio#listItem","name":"In\u00edcio"}},{"@type":"ListItem","@id":"https:\/\/newsinfoco.com.br\/inicio\/jose-ronaldo-e-multado-pelo-tcm\/#listItem","position":3,"name":"Jos\u00e9 Ronaldo \u00e9 multado pelo TCM","previousItem":{"@type":"ListItem","@id":"https:\/\/newsinfoco.com.br\/inicio\/category\/bahia\/#listItem","name":"Bahia"}}]},{"@type":"Organization","@id":"https:\/\/newsinfoco.com.br\/inicio\/#organization","name":"News In Foco - Editado por Caio Pimenta","description":"O principal site de noticias de Alagoinhas e regi\u00e3o","url":"https:\/\/newsinfoco.com.br\/inicio\/"},{"@type":"Person","@id":"https:\/\/newsinfoco.com.br\/inicio\/author\/administrador\/#author","url":"https:\/\/newsinfoco.com.br\/inicio\/author\/administrador\/","name":"administrador","image":{"@type":"ImageObject","@id":"https:\/\/newsinfoco.com.br\/inicio\/jose-ronaldo-e-multado-pelo-tcm\/#authorImage","url":"https:\/\/secure.gravatar.com\/avatar\/c17a617433de8c1dc9584bb79aab7563b46f5bb7e1728c9b17d9cc3ce6a08e49?s=96&d=mm&r=g","width":96,"height":96,"caption":"administrador"}},{"@type":"WebPage","@id":"https:\/\/newsinfoco.com.br\/inicio\/jose-ronaldo-e-multado-pelo-tcm\/#webpage","url":"https:\/\/newsinfoco.com.br\/inicio\/jose-ronaldo-e-multado-pelo-tcm\/","name":"Jos\u00e9 Ronaldo \u00e9 multado pelo TCM - News In Foco - Editado por Caio Pimenta","description":"[sg_popup id=\"11418\" event=\"inherit\"][\/sg_popup]Na sess\u00e3o desta quarta-feira (20), o Tribunal de Contas dos Munic\u00edpios (TCM) multou em R$3 mil o ex-prefeito de Feira de Santana, Jos\u00e9 Ronaldo (DEM), em raz\u00e3o de irregularidades identificadas em 61 processos de dispensa e inexigibilidade de licita\u00e7\u00e3o realizados nos exerc\u00edcios de 2016 e 2017. Segundo o relator, conselheiro Paolo Marconi, os","inLanguage":"pt-BR","isPartOf":{"@id":"https:\/\/newsinfoco.com.br\/inicio\/#website"},"breadcrumb":{"@id":"https:\/\/newsinfoco.com.br\/inicio\/jose-ronaldo-e-multado-pelo-tcm\/#breadcrumblist"},"author":{"@id":"https:\/\/newsinfoco.com.br\/inicio\/author\/administrador\/#author"},"creator":{"@id":"https:\/\/newsinfoco.com.br\/inicio\/author\/administrador\/#author"},"image":{"@type":"ImageObject","url":"https:\/\/newsinfoco.com.br\/inicio\/wp-content\/uploads\/2018\/09\/ze-ronaldo.jpg","@id":"https:\/\/newsinfoco.com.br\/inicio\/jose-ronaldo-e-multado-pelo-tcm\/#mainImage","width":590,"height":320},"primaryImageOfPage":{"@id":"https:\/\/newsinfoco.com.br\/inicio\/jose-ronaldo-e-multado-pelo-tcm\/#mainImage"},"datePublished":"2019-02-21T13:40:44-03:00","dateModified":"2019-02-21T13:40:44-03:00"},{"@type":"WebSite","@id":"https:\/\/newsinfoco.com.br\/inicio\/#website","url":"https:\/\/newsinfoco.com.br\/inicio\/","name":"News In Foco - Editado por Caio Pimenta","description":"O principal site de noticias de Alagoinhas e regi\u00e3o","inLanguage":"pt-BR","publisher":{"@id":"https:\/\/newsinfoco.com.br\/inicio\/#organization"}}]},"og:locale":"pt_BR","og:site_name":"News In Foco - Editado por Caio Pimenta - O principal site de noticias de Alagoinhas e regi\u00e3o","og:type":"article","og:title":"Jos\u00e9 Ronaldo \u00e9 multado pelo TCM - News In Foco - Editado por Caio Pimenta","og:description":"[sg_popup id=&quot;11418&quot; event=&quot;inherit&quot;][\/sg_popup]Na sess\u00e3o desta quarta-feira (20), o Tribunal de Contas dos Munic\u00edpios (TCM) multou em R$3 mil o ex-prefeito de Feira de Santana, Jos\u00e9 Ronaldo (DEM), em raz\u00e3o de irregularidades identificadas em 61 processos de dispensa e inexigibilidade de licita\u00e7\u00e3o realizados nos exerc\u00edcios de 2016 e 2017. Segundo o relator, conselheiro Paolo Marconi, os","og:url":"https:\/\/newsinfoco.com.br\/inicio\/jose-ronaldo-e-multado-pelo-tcm\/","article:published_time":"2019-02-21T16:40:44+00:00","article:modified_time":"2019-02-21T16:40:44+00:00","twitter:card":"summary_large_image","twitter:title":"Jos\u00e9 Ronaldo \u00e9 multado pelo TCM - News In Foco - Editado por Caio Pimenta","twitter:description":"[sg_popup id=&quot;11418&quot; event=&quot;inherit&quot;][\/sg_popup]Na sess\u00e3o desta quarta-feira (20), o Tribunal de Contas dos Munic\u00edpios (TCM) multou em R$3 mil o ex-prefeito de Feira de Santana, Jos\u00e9 Ronaldo (DEM), em raz\u00e3o de irregularidades identificadas em 61 processos de dispensa e inexigibilidade de licita\u00e7\u00e3o realizados nos exerc\u00edcios de 2016 e 2017. Segundo o relator, conselheiro Paolo Marconi, os"},"aioseo_meta_data":{"post_id":"13676","title":null,"description":null,"keywords":null,"keyphrases":null,"primary_term":null,"canonical_url":null,"og_title":null,"og_description":null,"og_object_type":"default","og_image_type":"default","og_image_url":null,"og_image_width":null,"og_image_height":null,"og_image_custom_url":null,"og_image_custom_fields":null,"og_video":null,"og_custom_url":null,"og_article_section":null,"og_article_tags":null,"twitter_use_og":false,"twitter_card":"default","twitter_image_type":"default","twitter_image_url":null,"twitter_image_custom_url":null,"twitter_image_custom_fields":null,"twitter_title":null,"twitter_description":null,"schema":{"blockGraphs":[],"customGraphs":[],"default":{"data":{"Article":[],"Course":[],"Dataset":[],"FAQPage":[],"Movie":[],"Person":[],"Product":[],"ProductReview":[],"Car":[],"Recipe":[],"Service":[],"SoftwareApplication":[],"WebPage":[]},"graphName":"","isEnabled":true},"graphs":[]},"schema_type":"default","schema_type_options":null,"pillar_content":false,"robots_default":true,"robots_noindex":false,"robots_noarchive":false,"robots_nosnippet":false,"robots_nofollow":false,"robots_noimageindex":false,"robots_noodp":false,"robots_notranslate":false,"robots_max_snippet":null,"robots_max_videopreview":null,"robots_max_imagepreview":"large","priority":null,"frequency":null,"local_seo":null,"breadcrumb_settings":null,"limit_modified_date":false,"ai":null,"created":"2023-06-12 12:32:11","updated":"2025-07-10 23:24:46","seo_analyzer_scan_date":null},"aioseo_breadcrumb":"<div class=\"aioseo-breadcrumbs\"><span class=\"aioseo-breadcrumb\">\n\t\t\t<a href=\"https:\/\/newsinfoco.com.br\/inicio\" title=\"In\u00edcio\">In\u00edcio<\/a>\n\t\t<\/span><span class=\"aioseo-breadcrumb-separator\">&raquo;<\/span><span class=\"aioseo-breadcrumb\">\n\t\t\t<a href=\"https:\/\/newsinfoco.com.br\/inicio\/category\/bahia\/\" title=\"Bahia\">Bahia<\/a>\n\t\t<\/span><span class=\"aioseo-breadcrumb-separator\">&raquo;<\/span><span class=\"aioseo-breadcrumb\">\n\t\t\tJos\u00e9 Ronaldo \u00e9 multado pelo TCM\n\t\t<\/span><\/div>","aioseo_breadcrumb_json":[{"label":"In\u00edcio","link":"https:\/\/newsinfoco.com.br\/inicio"},{"label":"Bahia","link":"https:\/\/newsinfoco.com.br\/inicio\/category\/bahia\/"},{"label":"Jos\u00e9 Ronaldo \u00e9 multado pelo TCM","link":"https:\/\/newsinfoco.com.br\/inicio\/jose-ronaldo-e-multado-pelo-tcm\/"}],"_links":{"self":[{"href":"https:\/\/newsinfoco.com.br\/inicio\/wp-json\/wp\/v2\/posts\/13676","targetHints":{"allow":["GET"]}}],"collection":[{"href":"https:\/\/newsinfoco.com.br\/inicio\/wp-json\/wp\/v2\/posts"}],"about":[{"href":"https:\/\/newsinfoco.com.br\/inicio\/wp-json\/wp\/v2\/types\/post"}],"author":[{"embeddable":true,"href":"https:\/\/newsinfoco.com.br\/inicio\/wp-json\/wp\/v2\/users\/1"}],"replies":[{"embeddable":true,"href":"https:\/\/newsinfoco.com.br\/inicio\/wp-json\/wp\/v2\/comments?post=13676"}],"version-history":[{"count":0,"href":"https:\/\/newsinfoco.com.br\/inicio\/wp-json\/wp\/v2\/posts\/13676\/revisions"}],"wp:featuredmedia":[{"embeddable":true,"href":"https:\/\/newsinfoco.com.br\/inicio\/wp-json\/wp\/v2\/media\/9882"}],"wp:attachment":[{"href":"https:\/\/newsinfoco.com.br\/inicio\/wp-json\/wp\/v2\/media?parent=13676"}],"wp:term":[{"taxonomy":"category","embeddable":true,"href":"https:\/\/newsinfoco.com.br\/inicio\/wp-json\/wp\/v2\/categories?post=13676"},{"taxonomy":"post_tag","embeddable":true,"href":"https:\/\/newsinfoco.com.br\/inicio\/wp-json\/wp\/v2\/tags?post=13676"}],"curies":[{"name":"wp","href":"https:\/\/api.w.org\/{rel}","templated":true}]}}