{"id":13686,"date":"2019-02-21T14:01:07","date_gmt":"2019-02-21T17:01:07","guid":{"rendered":"http:\/\/newsinfoco.com.br\/?p=13686"},"modified":"2019-02-21T14:01:07","modified_gmt":"2019-02-21T17:01:07","slug":"fachin-nega-mais-um-pedido-de-liberdade-a-lula","status":"publish","type":"post","link":"https:\/\/newsinfoco.com.br\/inicio\/fachin-nega-mais-um-pedido-de-liberdade-a-lula\/","title":{"rendered":"Fachin nega mais um pedido de liberdade a Lula"},"content":{"rendered":"<p style=\"text-align: justify;\">[sg_popup id=&#8221;11418&#8243; event=&#8221;inherit&#8221;][\/sg_popup]O ministro Edson Fachin, relator da Opera\u00e7\u00e3o Lava Jato no Supremo Tribunal Federal (STF), negou nesta quarta-feira (20) mais um pedido de liberdade do ex-presidente Luiz In\u00e1cio Lula da Silva (PT), preso e condenado pela Lava Jato.<\/p>\n<p style=\"text-align: justify;\">A solicita\u00e7\u00e3o, apresentada em dezembro do ano passado, se voltava contra uma decis\u00e3o do ministro Felix Fischer, do Superior Tribunal de Justi\u00e7a (STJ), que negou, de forma individual, um recurso do petista contra sua condena\u00e7\u00e3o no caso do triplex do Guaruj\u00e1. Esta condena\u00e7\u00e3o levou o ex-presidente a pris\u00e3o, ap\u00f3s confirma\u00e7\u00e3o em segunda inst\u00e2ncia.<\/p>\n<p style=\"text-align: justify;\">Lula tamb\u00e9m foi recentemente condenado por corrup\u00e7\u00e3o e lavagem de dinheiro no processo relativo ao s\u00edtio em Atibaia. Esse caso ainda n\u00e3o passou pela segunda inst\u00e2ncia da Justi\u00e7a. Fischer, que \u00e9 relator da Lava Jato no STJ, decidiu de forma individual negar o recurso do ex-presidente Lula que buscava rever sua condena\u00e7\u00e3o em torno do triplex. Por ser pass\u00edvel de recurso, o caso ainda ser\u00e1 analisado pela Quinta Turma do STJ.<\/p>\n<p style=\"text-align: justify;\">Segundo os advogados do petista, Fischer n\u00e3o poderia ter negado seguimento, de forma monocr\u00e1tica, ao recurso de Lula. Por isso, pediram que o ex-presidente ficasse em liberdade at\u00e9 o julgamento de m\u00e9rito do processo apresentada no STF contra a posi\u00e7\u00e3o do ministro do STJ. Solicitaram ainda que a Suprema Corte anulasse a senten\u00e7a do triplex.<\/p>\n<p style=\"text-align: justify;\">Fachin negou todos os pedidos, rejeitando seguimento a a\u00e7\u00e3o do ex-presidente.<\/p>\n<h6 style=\"text-align: right;\">Estad\u00e3o<\/h6>\n<div class='share-to-whatsapp-wrapper'><div class='share-on-whsp'>Share on: <\/div><a data-text='Fachin nega mais um pedido de liberdade a Lula' data-link='https:\/\/newsinfoco.com.br\/inicio\/fachin-nega-mais-um-pedido-de-liberdade-a-lula\/' class='whatsapp-button whatsapp-share'>WhatsApp<\/a><div class='clear '><\/div><\/div>","protected":false},"excerpt":{"rendered":"<p>[sg_popup id=&#8221;11418&#8243; event=&#8221;inherit&#8221;][\/sg_popup]O ministro Edson Fachin, relator da Opera\u00e7\u00e3o Lava Jato no Supremo Tribunal Federal (STF), negou nesta quarta-feira (20) mais um pedido de liberdade do ex-presidente Luiz In\u00e1cio Lula da Silva (PT), preso e condenado pela Lava Jato. A solicita\u00e7\u00e3o, apresentada em dezembro do ano passado, se voltava contra uma decis\u00e3o do ministro Felix [&hellip;]<\/p>\n","protected":false},"author":1,"featured_media":12045,"comment_status":"open","ping_status":"open","sticky":false,"template":"","format":"standard","meta":{"om_disable_all_campaigns":false,"rop_custom_images_group":[],"rop_custom_messages_group":[],"rop_publish_now":"initial","rop_publish_now_accounts":[],"rop_publish_now_history":[],"rop_publish_now_status":"pending","_exactmetrics_skip_tracking":false,"footnotes":""},"categories":[21],"tags":[],"class_list":["post-13686","post","type-post","status-publish","format-standard","has-post-thumbnail","hentry","category-brasil"],"aioseo_notices":[],"aioseo_head":"\n\t\t<!-- All in One SEO 4.9.10 - aioseo.com -->\n\t<meta name=\"description\" content=\"[sg_popup id=&quot;11418&quot; event=&quot;inherit&quot;][\/sg_popup]O ministro Edson Fachin, relator da Opera\u00e7\u00e3o Lava Jato no Supremo Tribunal Federal (STF), negou nesta quarta-feira (20) mais um pedido de liberdade do ex-presidente Luiz In\u00e1cio Lula da Silva (PT), preso e condenado pela Lava Jato. A solicita\u00e7\u00e3o, apresentada em dezembro do ano passado, se voltava contra uma decis\u00e3o do ministro Felix\" \/>\n\t<meta name=\"robots\" content=\"max-image-preview:large\" \/>\n\t<meta name=\"author\" content=\"administrador\"\/>\n\t<link rel=\"canonical\" href=\"https:\/\/newsinfoco.com.br\/inicio\/fachin-nega-mais-um-pedido-de-liberdade-a-lula\/\" \/>\n\t<meta name=\"generator\" content=\"All in One SEO (AIOSEO) 4.9.10\" \/>\n\t\t<meta property=\"og:locale\" content=\"pt_BR\" \/>\n\t\t<meta property=\"og:site_name\" content=\"News In Foco - Editado por Caio Pimenta - O principal site de noticias de Alagoinhas e regi\u00e3o\" \/>\n\t\t<meta property=\"og:type\" content=\"article\" \/>\n\t\t<meta property=\"og:title\" content=\"Fachin nega mais um pedido de liberdade a Lula - News In Foco - Editado por Caio Pimenta\" \/>\n\t\t<meta property=\"og:description\" content=\"[sg_popup id=&quot;11418&quot; event=&quot;inherit&quot;][\/sg_popup]O ministro Edson Fachin, relator da Opera\u00e7\u00e3o Lava Jato no Supremo Tribunal Federal (STF), negou nesta quarta-feira (20) mais um pedido de liberdade do ex-presidente Luiz In\u00e1cio Lula da Silva (PT), preso e condenado pela Lava Jato. A solicita\u00e7\u00e3o, apresentada em dezembro do ano passado, se voltava contra uma decis\u00e3o do ministro Felix\" \/>\n\t\t<meta property=\"og:url\" content=\"https:\/\/newsinfoco.com.br\/inicio\/fachin-nega-mais-um-pedido-de-liberdade-a-lula\/\" \/>\n\t\t<meta property=\"article:published_time\" content=\"2019-02-21T17:01:07+00:00\" \/>\n\t\t<meta property=\"article:modified_time\" content=\"2019-02-21T17:01:07+00:00\" \/>\n\t\t<meta name=\"twitter:card\" content=\"summary_large_image\" \/>\n\t\t<meta name=\"twitter:title\" content=\"Fachin nega mais um pedido de liberdade a Lula - News In Foco - Editado por Caio Pimenta\" \/>\n\t\t<meta name=\"twitter:description\" content=\"[sg_popup id=&quot;11418&quot; event=&quot;inherit&quot;][\/sg_popup]O ministro Edson Fachin, relator da Opera\u00e7\u00e3o Lava Jato no Supremo Tribunal Federal (STF), negou nesta quarta-feira (20) mais um pedido de liberdade do ex-presidente Luiz In\u00e1cio Lula da Silva (PT), preso e condenado pela Lava Jato. A solicita\u00e7\u00e3o, apresentada em dezembro do ano passado, se voltava contra uma decis\u00e3o do ministro Felix\" \/>\n\t\t<script type=\"application\/ld+json\" class=\"aioseo-schema\">\n\t\t\t{\"@context\":\"https:\\\/\\\/schema.org\",\"@graph\":[{\"@type\":\"BlogPosting\",\"@id\":\"https:\\\/\\\/newsinfoco.com.br\\\/inicio\\\/fachin-nega-mais-um-pedido-de-liberdade-a-lula\\\/#blogposting\",\"name\":\"Fachin nega mais um pedido de liberdade a Lula - News In Foco - Editado por Caio Pimenta\",\"headline\":\"Fachin nega mais um pedido de liberdade a Lula\",\"author\":{\"@id\":\"https:\\\/\\\/newsinfoco.com.br\\\/inicio\\\/author\\\/administrador\\\/#author\"},\"publisher\":{\"@id\":\"https:\\\/\\\/newsinfoco.com.br\\\/inicio\\\/#organization\"},\"image\":{\"@type\":\"ImageObject\",\"url\":\"https:\\\/\\\/newsinfoco.com.br\\\/inicio\\\/wp-content\\\/uploads\\\/2018\\\/12\\\/lula.jpg\",\"width\":590,\"height\":320,\"caption\":\"O ex-presidente Lula\"},\"datePublished\":\"2019-02-21T14:01:07-03:00\",\"dateModified\":\"2019-02-21T14:01:07-03:00\",\"inLanguage\":\"pt-BR\",\"mainEntityOfPage\":{\"@id\":\"https:\\\/\\\/newsinfoco.com.br\\\/inicio\\\/fachin-nega-mais-um-pedido-de-liberdade-a-lula\\\/#webpage\"},\"isPartOf\":{\"@id\":\"https:\\\/\\\/newsinfoco.com.br\\\/inicio\\\/fachin-nega-mais-um-pedido-de-liberdade-a-lula\\\/#webpage\"},\"articleSection\":\"Brasil\"},{\"@type\":\"BreadcrumbList\",\"@id\":\"https:\\\/\\\/newsinfoco.com.br\\\/inicio\\\/fachin-nega-mais-um-pedido-de-liberdade-a-lula\\\/#breadcrumblist\",\"itemListElement\":[{\"@type\":\"ListItem\",\"@id\":\"https:\\\/\\\/newsinfoco.com.br\\\/inicio#listItem\",\"position\":1,\"name\":\"In\\u00edcio\",\"item\":\"https:\\\/\\\/newsinfoco.com.br\\\/inicio\",\"nextItem\":{\"@type\":\"ListItem\",\"@id\":\"https:\\\/\\\/newsinfoco.com.br\\\/inicio\\\/category\\\/brasil\\\/#listItem\",\"name\":\"Brasil\"}},{\"@type\":\"ListItem\",\"@id\":\"https:\\\/\\\/newsinfoco.com.br\\\/inicio\\\/category\\\/brasil\\\/#listItem\",\"position\":2,\"name\":\"Brasil\",\"item\":\"https:\\\/\\\/newsinfoco.com.br\\\/inicio\\\/category\\\/brasil\\\/\",\"nextItem\":{\"@type\":\"ListItem\",\"@id\":\"https:\\\/\\\/newsinfoco.com.br\\\/inicio\\\/fachin-nega-mais-um-pedido-de-liberdade-a-lula\\\/#listItem\",\"name\":\"Fachin nega mais um pedido de liberdade a Lula\"},\"previousItem\":{\"@type\":\"ListItem\",\"@id\":\"https:\\\/\\\/newsinfoco.com.br\\\/inicio#listItem\",\"name\":\"In\\u00edcio\"}},{\"@type\":\"ListItem\",\"@id\":\"https:\\\/\\\/newsinfoco.com.br\\\/inicio\\\/fachin-nega-mais-um-pedido-de-liberdade-a-lula\\\/#listItem\",\"position\":3,\"name\":\"Fachin nega mais um pedido de liberdade a Lula\",\"previousItem\":{\"@type\":\"ListItem\",\"@id\":\"https:\\\/\\\/newsinfoco.com.br\\\/inicio\\\/category\\\/brasil\\\/#listItem\",\"name\":\"Brasil\"}}]},{\"@type\":\"Organization\",\"@id\":\"https:\\\/\\\/newsinfoco.com.br\\\/inicio\\\/#organization\",\"name\":\"News In Foco - Editado por Caio Pimenta\",\"description\":\"O principal site de noticias de Alagoinhas e regi\\u00e3o\",\"url\":\"https:\\\/\\\/newsinfoco.com.br\\\/inicio\\\/\"},{\"@type\":\"Person\",\"@id\":\"https:\\\/\\\/newsinfoco.com.br\\\/inicio\\\/author\\\/administrador\\\/#author\",\"url\":\"https:\\\/\\\/newsinfoco.com.br\\\/inicio\\\/author\\\/administrador\\\/\",\"name\":\"administrador\",\"image\":{\"@type\":\"ImageObject\",\"@id\":\"https:\\\/\\\/newsinfoco.com.br\\\/inicio\\\/fachin-nega-mais-um-pedido-de-liberdade-a-lula\\\/#authorImage\",\"url\":\"https:\\\/\\\/secure.gravatar.com\\\/avatar\\\/c17a617433de8c1dc9584bb79aab7563b46f5bb7e1728c9b17d9cc3ce6a08e49?s=96&d=mm&r=g\",\"width\":96,\"height\":96,\"caption\":\"administrador\"}},{\"@type\":\"WebPage\",\"@id\":\"https:\\\/\\\/newsinfoco.com.br\\\/inicio\\\/fachin-nega-mais-um-pedido-de-liberdade-a-lula\\\/#webpage\",\"url\":\"https:\\\/\\\/newsinfoco.com.br\\\/inicio\\\/fachin-nega-mais-um-pedido-de-liberdade-a-lula\\\/\",\"name\":\"Fachin nega mais um pedido de liberdade a Lula - News In Foco - Editado por Caio Pimenta\",\"description\":\"[sg_popup id=\\\"11418\\\" event=\\\"inherit\\\"][\\\/sg_popup]O ministro Edson Fachin, relator da Opera\\u00e7\\u00e3o Lava Jato no Supremo Tribunal Federal (STF), negou nesta quarta-feira (20) mais um pedido de liberdade do ex-presidente Luiz In\\u00e1cio Lula da Silva (PT), preso e condenado pela Lava Jato. A solicita\\u00e7\\u00e3o, apresentada em dezembro do ano passado, se voltava contra uma decis\\u00e3o do ministro Felix\",\"inLanguage\":\"pt-BR\",\"isPartOf\":{\"@id\":\"https:\\\/\\\/newsinfoco.com.br\\\/inicio\\\/#website\"},\"breadcrumb\":{\"@id\":\"https:\\\/\\\/newsinfoco.com.br\\\/inicio\\\/fachin-nega-mais-um-pedido-de-liberdade-a-lula\\\/#breadcrumblist\"},\"author\":{\"@id\":\"https:\\\/\\\/newsinfoco.com.br\\\/inicio\\\/author\\\/administrador\\\/#author\"},\"creator\":{\"@id\":\"https:\\\/\\\/newsinfoco.com.br\\\/inicio\\\/author\\\/administrador\\\/#author\"},\"image\":{\"@type\":\"ImageObject\",\"url\":\"https:\\\/\\\/newsinfoco.com.br\\\/inicio\\\/wp-content\\\/uploads\\\/2018\\\/12\\\/lula.jpg\",\"@id\":\"https:\\\/\\\/newsinfoco.com.br\\\/inicio\\\/fachin-nega-mais-um-pedido-de-liberdade-a-lula\\\/#mainImage\",\"width\":590,\"height\":320,\"caption\":\"O ex-presidente Lula\"},\"primaryImageOfPage\":{\"@id\":\"https:\\\/\\\/newsinfoco.com.br\\\/inicio\\\/fachin-nega-mais-um-pedido-de-liberdade-a-lula\\\/#mainImage\"},\"datePublished\":\"2019-02-21T14:01:07-03:00\",\"dateModified\":\"2019-02-21T14:01:07-03:00\"},{\"@type\":\"WebSite\",\"@id\":\"https:\\\/\\\/newsinfoco.com.br\\\/inicio\\\/#website\",\"url\":\"https:\\\/\\\/newsinfoco.com.br\\\/inicio\\\/\",\"name\":\"News In Foco - Editado por Caio Pimenta\",\"description\":\"O principal site de noticias de Alagoinhas e regi\\u00e3o\",\"inLanguage\":\"pt-BR\",\"publisher\":{\"@id\":\"https:\\\/\\\/newsinfoco.com.br\\\/inicio\\\/#organization\"}}]}\n\t\t<\/script>\n\t\t<!-- All in One SEO -->\n\n","aioseo_head_json":{"title":"Fachin nega mais um pedido de liberdade a Lula - News In Foco - Editado por Caio Pimenta","description":"[sg_popup id=\"11418\" event=\"inherit\"][\/sg_popup]O ministro Edson Fachin, relator da Opera\u00e7\u00e3o Lava Jato no Supremo Tribunal Federal (STF), negou nesta quarta-feira (20) mais um pedido de liberdade do ex-presidente Luiz In\u00e1cio Lula da Silva (PT), preso e condenado pela Lava Jato. A solicita\u00e7\u00e3o, apresentada em dezembro do ano passado, se voltava contra uma decis\u00e3o do ministro Felix","canonical_url":"https:\/\/newsinfoco.com.br\/inicio\/fachin-nega-mais-um-pedido-de-liberdade-a-lula\/","robots":"max-image-preview:large","keywords":"","webmasterTools":{"miscellaneous":""},"schema":{"@context":"https:\/\/schema.org","@graph":[{"@type":"BlogPosting","@id":"https:\/\/newsinfoco.com.br\/inicio\/fachin-nega-mais-um-pedido-de-liberdade-a-lula\/#blogposting","name":"Fachin nega mais um pedido de liberdade a Lula - News In Foco - Editado por Caio Pimenta","headline":"Fachin nega mais um pedido de liberdade a Lula","author":{"@id":"https:\/\/newsinfoco.com.br\/inicio\/author\/administrador\/#author"},"publisher":{"@id":"https:\/\/newsinfoco.com.br\/inicio\/#organization"},"image":{"@type":"ImageObject","url":"https:\/\/newsinfoco.com.br\/inicio\/wp-content\/uploads\/2018\/12\/lula.jpg","width":590,"height":320,"caption":"O ex-presidente Lula"},"datePublished":"2019-02-21T14:01:07-03:00","dateModified":"2019-02-21T14:01:07-03:00","inLanguage":"pt-BR","mainEntityOfPage":{"@id":"https:\/\/newsinfoco.com.br\/inicio\/fachin-nega-mais-um-pedido-de-liberdade-a-lula\/#webpage"},"isPartOf":{"@id":"https:\/\/newsinfoco.com.br\/inicio\/fachin-nega-mais-um-pedido-de-liberdade-a-lula\/#webpage"},"articleSection":"Brasil"},{"@type":"BreadcrumbList","@id":"https:\/\/newsinfoco.com.br\/inicio\/fachin-nega-mais-um-pedido-de-liberdade-a-lula\/#breadcrumblist","itemListElement":[{"@type":"ListItem","@id":"https:\/\/newsinfoco.com.br\/inicio#listItem","position":1,"name":"In\u00edcio","item":"https:\/\/newsinfoco.com.br\/inicio","nextItem":{"@type":"ListItem","@id":"https:\/\/newsinfoco.com.br\/inicio\/category\/brasil\/#listItem","name":"Brasil"}},{"@type":"ListItem","@id":"https:\/\/newsinfoco.com.br\/inicio\/category\/brasil\/#listItem","position":2,"name":"Brasil","item":"https:\/\/newsinfoco.com.br\/inicio\/category\/brasil\/","nextItem":{"@type":"ListItem","@id":"https:\/\/newsinfoco.com.br\/inicio\/fachin-nega-mais-um-pedido-de-liberdade-a-lula\/#listItem","name":"Fachin nega mais um pedido de liberdade a Lula"},"previousItem":{"@type":"ListItem","@id":"https:\/\/newsinfoco.com.br\/inicio#listItem","name":"In\u00edcio"}},{"@type":"ListItem","@id":"https:\/\/newsinfoco.com.br\/inicio\/fachin-nega-mais-um-pedido-de-liberdade-a-lula\/#listItem","position":3,"name":"Fachin nega mais um pedido de liberdade a Lula","previousItem":{"@type":"ListItem","@id":"https:\/\/newsinfoco.com.br\/inicio\/category\/brasil\/#listItem","name":"Brasil"}}]},{"@type":"Organization","@id":"https:\/\/newsinfoco.com.br\/inicio\/#organization","name":"News In Foco - Editado por Caio Pimenta","description":"O principal site de noticias de Alagoinhas e regi\u00e3o","url":"https:\/\/newsinfoco.com.br\/inicio\/"},{"@type":"Person","@id":"https:\/\/newsinfoco.com.br\/inicio\/author\/administrador\/#author","url":"https:\/\/newsinfoco.com.br\/inicio\/author\/administrador\/","name":"administrador","image":{"@type":"ImageObject","@id":"https:\/\/newsinfoco.com.br\/inicio\/fachin-nega-mais-um-pedido-de-liberdade-a-lula\/#authorImage","url":"https:\/\/secure.gravatar.com\/avatar\/c17a617433de8c1dc9584bb79aab7563b46f5bb7e1728c9b17d9cc3ce6a08e49?s=96&d=mm&r=g","width":96,"height":96,"caption":"administrador"}},{"@type":"WebPage","@id":"https:\/\/newsinfoco.com.br\/inicio\/fachin-nega-mais-um-pedido-de-liberdade-a-lula\/#webpage","url":"https:\/\/newsinfoco.com.br\/inicio\/fachin-nega-mais-um-pedido-de-liberdade-a-lula\/","name":"Fachin nega mais um pedido de liberdade a Lula - News In Foco - Editado por Caio Pimenta","description":"[sg_popup id=\"11418\" event=\"inherit\"][\/sg_popup]O ministro Edson Fachin, relator da Opera\u00e7\u00e3o Lava Jato no Supremo Tribunal Federal (STF), negou nesta quarta-feira (20) mais um pedido de liberdade do ex-presidente Luiz In\u00e1cio Lula da Silva (PT), preso e condenado pela Lava Jato. A solicita\u00e7\u00e3o, apresentada em dezembro do ano passado, se voltava contra uma decis\u00e3o do ministro Felix","inLanguage":"pt-BR","isPartOf":{"@id":"https:\/\/newsinfoco.com.br\/inicio\/#website"},"breadcrumb":{"@id":"https:\/\/newsinfoco.com.br\/inicio\/fachin-nega-mais-um-pedido-de-liberdade-a-lula\/#breadcrumblist"},"author":{"@id":"https:\/\/newsinfoco.com.br\/inicio\/author\/administrador\/#author"},"creator":{"@id":"https:\/\/newsinfoco.com.br\/inicio\/author\/administrador\/#author"},"image":{"@type":"ImageObject","url":"https:\/\/newsinfoco.com.br\/inicio\/wp-content\/uploads\/2018\/12\/lula.jpg","@id":"https:\/\/newsinfoco.com.br\/inicio\/fachin-nega-mais-um-pedido-de-liberdade-a-lula\/#mainImage","width":590,"height":320,"caption":"O ex-presidente Lula"},"primaryImageOfPage":{"@id":"https:\/\/newsinfoco.com.br\/inicio\/fachin-nega-mais-um-pedido-de-liberdade-a-lula\/#mainImage"},"datePublished":"2019-02-21T14:01:07-03:00","dateModified":"2019-02-21T14:01:07-03:00"},{"@type":"WebSite","@id":"https:\/\/newsinfoco.com.br\/inicio\/#website","url":"https:\/\/newsinfoco.com.br\/inicio\/","name":"News In Foco - Editado por Caio Pimenta","description":"O principal site de noticias de Alagoinhas e regi\u00e3o","inLanguage":"pt-BR","publisher":{"@id":"https:\/\/newsinfoco.com.br\/inicio\/#organization"}}]},"og:locale":"pt_BR","og:site_name":"News In Foco - Editado por Caio Pimenta - O principal site de noticias de Alagoinhas e regi\u00e3o","og:type":"article","og:title":"Fachin nega mais um pedido de liberdade a Lula - News In Foco - Editado por Caio Pimenta","og:description":"[sg_popup id=&quot;11418&quot; event=&quot;inherit&quot;][\/sg_popup]O ministro Edson Fachin, relator da Opera\u00e7\u00e3o Lava Jato no Supremo Tribunal Federal (STF), negou nesta quarta-feira (20) mais um pedido de liberdade do ex-presidente Luiz In\u00e1cio Lula da Silva (PT), preso e condenado pela Lava Jato. A solicita\u00e7\u00e3o, apresentada em dezembro do ano passado, se voltava contra uma decis\u00e3o do ministro Felix","og:url":"https:\/\/newsinfoco.com.br\/inicio\/fachin-nega-mais-um-pedido-de-liberdade-a-lula\/","article:published_time":"2019-02-21T17:01:07+00:00","article:modified_time":"2019-02-21T17:01:07+00:00","twitter:card":"summary_large_image","twitter:title":"Fachin nega mais um pedido de liberdade a Lula - News In Foco - Editado por Caio Pimenta","twitter:description":"[sg_popup id=&quot;11418&quot; event=&quot;inherit&quot;][\/sg_popup]O ministro Edson Fachin, relator da Opera\u00e7\u00e3o Lava Jato no Supremo Tribunal Federal (STF), negou nesta quarta-feira (20) mais um pedido de liberdade do ex-presidente Luiz In\u00e1cio Lula da Silva (PT), preso e condenado pela Lava Jato. A solicita\u00e7\u00e3o, apresentada em dezembro do ano passado, se voltava contra uma decis\u00e3o do ministro Felix"},"aioseo_meta_data":{"post_id":"13686","title":null,"description":null,"keywords":null,"keyphrases":null,"primary_term":null,"canonical_url":null,"og_title":null,"og_description":null,"og_object_type":"default","og_image_type":"default","og_image_url":null,"og_image_width":null,"og_image_height":null,"og_image_custom_url":null,"og_image_custom_fields":null,"og_video":null,"og_custom_url":null,"og_article_section":null,"og_article_tags":null,"twitter_use_og":false,"twitter_card":"default","twitter_image_type":"default","twitter_image_url":null,"twitter_image_custom_url":null,"twitter_image_custom_fields":null,"twitter_title":null,"twitter_description":null,"schema":{"blockGraphs":[],"customGraphs":[],"default":{"data":{"Article":[],"Course":[],"Dataset":[],"FAQPage":[],"Movie":[],"Person":[],"Product":[],"ProductReview":[],"Car":[],"Recipe":[],"Service":[],"SoftwareApplication":[],"WebPage":[]},"graphName":"","isEnabled":true},"graphs":[]},"schema_type":"default","schema_type_options":null,"pillar_content":false,"robots_default":true,"robots_noindex":false,"robots_noarchive":false,"robots_nosnippet":false,"robots_nofollow":false,"robots_noimageindex":false,"robots_noodp":false,"robots_notranslate":false,"robots_max_snippet":null,"robots_max_videopreview":null,"robots_max_imagepreview":"large","priority":null,"frequency":null,"local_seo":null,"breadcrumb_settings":null,"limit_modified_date":false,"ai":null,"created":"2023-06-12 12:32:52","updated":"2025-07-10 23:25:48","seo_analyzer_scan_date":null},"aioseo_breadcrumb":"<div class=\"aioseo-breadcrumbs\"><span class=\"aioseo-breadcrumb\">\n\t\t\t<a href=\"https:\/\/newsinfoco.com.br\/inicio\" title=\"In\u00edcio\">In\u00edcio<\/a>\n\t\t<\/span><span class=\"aioseo-breadcrumb-separator\">&raquo;<\/span><span class=\"aioseo-breadcrumb\">\n\t\t\t<a href=\"https:\/\/newsinfoco.com.br\/inicio\/category\/brasil\/\" title=\"Brasil\">Brasil<\/a>\n\t\t<\/span><span class=\"aioseo-breadcrumb-separator\">&raquo;<\/span><span class=\"aioseo-breadcrumb\">\n\t\t\tFachin nega mais um pedido de liberdade a Lula\n\t\t<\/span><\/div>","aioseo_breadcrumb_json":[{"label":"In\u00edcio","link":"https:\/\/newsinfoco.com.br\/inicio"},{"label":"Brasil","link":"https:\/\/newsinfoco.com.br\/inicio\/category\/brasil\/"},{"label":"Fachin nega mais um pedido de liberdade a Lula","link":"https:\/\/newsinfoco.com.br\/inicio\/fachin-nega-mais-um-pedido-de-liberdade-a-lula\/"}],"_links":{"self":[{"href":"https:\/\/newsinfoco.com.br\/inicio\/wp-json\/wp\/v2\/posts\/13686","targetHints":{"allow":["GET"]}}],"collection":[{"href":"https:\/\/newsinfoco.com.br\/inicio\/wp-json\/wp\/v2\/posts"}],"about":[{"href":"https:\/\/newsinfoco.com.br\/inicio\/wp-json\/wp\/v2\/types\/post"}],"author":[{"embeddable":true,"href":"https:\/\/newsinfoco.com.br\/inicio\/wp-json\/wp\/v2\/users\/1"}],"replies":[{"embeddable":true,"href":"https:\/\/newsinfoco.com.br\/inicio\/wp-json\/wp\/v2\/comments?post=13686"}],"version-history":[{"count":0,"href":"https:\/\/newsinfoco.com.br\/inicio\/wp-json\/wp\/v2\/posts\/13686\/revisions"}],"wp:featuredmedia":[{"embeddable":true,"href":"https:\/\/newsinfoco.com.br\/inicio\/wp-json\/wp\/v2\/media\/12045"}],"wp:attachment":[{"href":"https:\/\/newsinfoco.com.br\/inicio\/wp-json\/wp\/v2\/media?parent=13686"}],"wp:term":[{"taxonomy":"category","embeddable":true,"href":"https:\/\/newsinfoco.com.br\/inicio\/wp-json\/wp\/v2\/categories?post=13686"},{"taxonomy":"post_tag","embeddable":true,"href":"https:\/\/newsinfoco.com.br\/inicio\/wp-json\/wp\/v2\/tags?post=13686"}],"curies":[{"name":"wp","href":"https:\/\/api.w.org\/{rel}","templated":true}]}}