{"id":13691,"date":"2019-02-21T14:15:21","date_gmt":"2019-02-21T17:15:21","guid":{"rendered":"http:\/\/newsinfoco.com.br\/?p=13691"},"modified":"2019-02-21T14:15:21","modified_gmt":"2019-02-21T17:15:21","slug":"as-ferias-do-trabalhador-mudaram-para-melhor-com-a-reforma-trabalhista-de-2017-por-paulo-ott","status":"publish","type":"post","link":"https:\/\/newsinfoco.com.br\/inicio\/as-ferias-do-trabalhador-mudaram-para-melhor-com-a-reforma-trabalhista-de-2017-por-paulo-ott\/","title":{"rendered":"As f\u00e9rias do trabalhador mudaram para melhor com a Reforma Trabalhista de 2017 &#8211; Por Paulo Ott"},"content":{"rendered":"<p style=\"text-align: justify;\">[sg_popup id=&#8221;11418&#8243; event=&#8221;inherit&#8221;][\/sg_popup]Trago para os senhores leitores do site News Infoco mais uma mudan\u00e7a introduzida pela Lei n\u00ba 13.467, datada de 13 de julho de 2017, e que se encontra em vigor desde 11 de novembro de 2017.<\/p>\n<p style=\"text-align: justify;\">Atrav\u00e9s da Lei 13.467\/17, e conforme previa o artigo 134 da CLT, as f\u00e9rias eram decididas pelo empregador, em um s\u00f3 per\u00edodo de 12 meses, ap\u00f3s a data em que o empregado tivesse adquirido o direito as f\u00e9rias.<\/p>\n<p style=\"text-align: justify;\">Atualmente n\u00f3s temos uma nova regulamenta\u00e7\u00e3o legal em virtude de j\u00e1 se encontrar em vigor a Lei 13467\/17, o que veio a alterar o artigo 134 da CLT, com a seguinte reda\u00e7\u00e3o:<\/p>\n<p style=\"text-align: justify;\">\u00a7 1\u00ba Desde que haja CONCORD\u00c2NCIA DO EMPREGADO, as f\u00e9rias poder\u00e3o ser usufru\u00eddas em at\u00e9 tr\u00eas per\u00edodos, sendo que um deles n\u00e3o poder\u00e1 ser inferior a quatorze dias corridos e os demais n\u00e3o poder\u00e3o ser inferiores a cinco dias corridos, cada um.<br \/>\n\u00a7 2\u00ba (Revogado).<br \/>\n\u00a7 3\u00ba \u00c9 vedado o in\u00edcio das f\u00e9rias no per\u00edodo de dois dias que antecede feriado ou dia de repouso semanal remunerado.\u201d<\/p>\n<p style=\"text-align: justify;\">De logo se percebe que a altera\u00e7\u00e3o veio beneficiar o trabalhador, passando a lhe proporcionar uma grande LIBERDADE. A liberdade do trabalhador est\u00e1 na possibilidade em que poder\u00e1 dividir as f\u00e9rias ao longo do ano.<\/p>\n<p style=\"text-align: justify;\">Caber\u00e1 ao trabalhador a possibilidade de negociar como deseja fracionar as f\u00e9rias diretamente com o seu empregador.<\/p>\n<p style=\"text-align: justify;\">Em verdade senhores leitores, a pr\u00f3pria a lei continua a prever que as f\u00e9rias possam ser concedidas num \u00fanico per\u00edodo de 30 dias, mas a grande altera\u00e7\u00e3o da lei \u00e9 que o fracionamento ser\u00e1 permitido se houver acordo entre as partes.<\/p>\n<p style=\"text-align: justify;\">Senhores leitores, a nova lei permite ao trabalhador poder parcelar as f\u00e9rias em at\u00e9 tr\u00eas vezes, com as mesmas condi\u00e7\u00f5es de qualquer trabalhador. O espirito da nova lei \u00e9 estimular que as partes fiquem satisfeitas com o acordo. N\u00e3o pode haver coa\u00e7\u00e3o e nem viola\u00e7\u00e3o aos direitos do trabalhador.<\/p>\n<p style=\"text-align: justify;\">Lembro que as f\u00e9rias n\u00e3o poder\u00e3o ocorrer nas datas especificas tais como: datas que venham a anteceder feriados ou em dias de intervalo semanal para iniciar o per\u00edodo de descanso, particularmente nos dias de s\u00e1bados e domingos. Acrescento mais uma particularidade, aquela em que uma das parcelas precisa ter, no m\u00ednimo, 14 dias. Por outro lado as outras duas n\u00e3o podem ser menores que cinco dias cada uma.<\/p>\n<p style=\"text-align: justify;\">Trago exemplo pratico para os senhores leitores: o trabalhador poder\u00e1 tirar 15 dias de f\u00e9rias, mais 10 dias e mais cinco, ficando proibido ao trabalhador tirar 10 dias de f\u00e9rias em cada um dos tr\u00eas per\u00edodos.<\/p>\n<p style=\"text-align: justify;\">O beneficio anterior continua: o trabalhador pode optar pelo chamado \u201cabono pecuni\u00e1rio\u201d, quando poder\u00e1 vender no m\u00e1ximo 10 dias das suas f\u00e9rias ao empregador.<\/p>\n<p style=\"text-align: justify;\">Finalmente, ainda tem muita gente afirmando que a reforma trabalhista de 2017 somente prejudica o trabalhador. Ap\u00f3s a leitura deste artigo, acredito que os senhores concluir\u00e3o que a lei, em verdade, veio beneficiar ao trabalhador.<\/p>\n<p><strong>Paulo Ott \u00e9 advogado, comentarista do Programa Primeira M\u00e3o, da r\u00e1dio 95, 7 FM e escreve para o site News Infoco<\/strong><\/p>\n<div class='share-to-whatsapp-wrapper'><div class='share-on-whsp'>Share on: <\/div><a data-text='As f\u00e9rias do trabalhador mudaram para melhor com a Reforma Trabalhista de 2017 - Por Paulo Ott' data-link='https:\/\/newsinfoco.com.br\/inicio\/as-ferias-do-trabalhador-mudaram-para-melhor-com-a-reforma-trabalhista-de-2017-por-paulo-ott\/' class='whatsapp-button whatsapp-share'>WhatsApp<\/a><div class='clear '><\/div><\/div>","protected":false},"excerpt":{"rendered":"<p>[sg_popup id=&#8221;11418&#8243; event=&#8221;inherit&#8221;][\/sg_popup]Trago para os senhores leitores do site News Infoco mais uma mudan\u00e7a introduzida pela Lei n\u00ba 13.467, datada de 13 de julho de 2017, e que se encontra em vigor desde 11 de novembro de 2017. Atrav\u00e9s da Lei 13.467\/17, e conforme previa o artigo 134 da CLT, as f\u00e9rias eram decididas pelo [&hellip;]<\/p>\n","protected":false},"author":1,"featured_media":13014,"comment_status":"open","ping_status":"open","sticky":false,"template":"","format":"standard","meta":{"om_disable_all_campaigns":false,"rop_custom_images_group":[],"rop_custom_messages_group":[],"rop_publish_now":"initial","rop_publish_now_accounts":[],"rop_publish_now_history":[],"rop_publish_now_status":"pending","_exactmetrics_skip_tracking":false,"footnotes":""},"categories":[52],"tags":[],"class_list":["post-13691","post","type-post","status-publish","format-standard","has-post-thumbnail","hentry","category-falando-direito-dr-paulo-ott"],"aioseo_notices":[],"aioseo_head":"\n\t\t<!-- All in One SEO 4.9.10 - aioseo.com -->\n\t<meta name=\"description\" content=\"[sg_popup id=&quot;11418&quot; event=&quot;inherit&quot;][\/sg_popup]Trago para os senhores leitores do site News Infoco mais uma mudan\u00e7a introduzida pela Lei n\u00ba 13.467, datada de 13 de julho de 2017, e que se encontra em vigor desde 11 de novembro de 2017. Atrav\u00e9s da Lei 13.467\/17, e conforme previa o artigo 134 da CLT, as f\u00e9rias eram decididas pelo\" \/>\n\t<meta name=\"robots\" content=\"max-image-preview:large\" \/>\n\t<meta name=\"author\" content=\"administrador\"\/>\n\t<link rel=\"canonical\" href=\"https:\/\/newsinfoco.com.br\/inicio\/as-ferias-do-trabalhador-mudaram-para-melhor-com-a-reforma-trabalhista-de-2017-por-paulo-ott\/\" \/>\n\t<meta name=\"generator\" content=\"All in One SEO (AIOSEO) 4.9.10\" \/>\n\t\t<meta property=\"og:locale\" content=\"pt_BR\" \/>\n\t\t<meta property=\"og:site_name\" content=\"News In Foco - Editado por Caio Pimenta - O principal site de noticias de Alagoinhas e regi\u00e3o\" \/>\n\t\t<meta property=\"og:type\" content=\"article\" \/>\n\t\t<meta property=\"og:title\" content=\"As f\u00e9rias do trabalhador mudaram para melhor com a Reforma Trabalhista de 2017 \u2013 Por Paulo Ott - News In Foco - Editado por Caio Pimenta\" \/>\n\t\t<meta property=\"og:description\" content=\"[sg_popup id=&quot;11418&quot; event=&quot;inherit&quot;][\/sg_popup]Trago para os senhores leitores do site News Infoco mais uma mudan\u00e7a introduzida pela Lei n\u00ba 13.467, datada de 13 de julho de 2017, e que se encontra em vigor desde 11 de novembro de 2017. Atrav\u00e9s da Lei 13.467\/17, e conforme previa o artigo 134 da CLT, as f\u00e9rias eram decididas pelo\" \/>\n\t\t<meta property=\"og:url\" content=\"https:\/\/newsinfoco.com.br\/inicio\/as-ferias-do-trabalhador-mudaram-para-melhor-com-a-reforma-trabalhista-de-2017-por-paulo-ott\/\" \/>\n\t\t<meta property=\"article:published_time\" content=\"2019-02-21T17:15:21+00:00\" \/>\n\t\t<meta property=\"article:modified_time\" content=\"2019-02-21T17:15:21+00:00\" \/>\n\t\t<meta name=\"twitter:card\" content=\"summary_large_image\" \/>\n\t\t<meta name=\"twitter:title\" content=\"As f\u00e9rias do trabalhador mudaram para melhor com a Reforma Trabalhista de 2017 \u2013 Por Paulo Ott - News In Foco - Editado por Caio Pimenta\" \/>\n\t\t<meta name=\"twitter:description\" content=\"[sg_popup id=&quot;11418&quot; event=&quot;inherit&quot;][\/sg_popup]Trago para os senhores leitores do site News Infoco mais uma mudan\u00e7a introduzida pela Lei n\u00ba 13.467, datada de 13 de julho de 2017, e que se encontra em vigor desde 11 de novembro de 2017. Atrav\u00e9s da Lei 13.467\/17, e conforme previa o artigo 134 da CLT, as f\u00e9rias eram decididas pelo\" \/>\n\t\t<script type=\"application\/ld+json\" class=\"aioseo-schema\">\n\t\t\t{\"@context\":\"https:\\\/\\\/schema.org\",\"@graph\":[{\"@type\":\"BlogPosting\",\"@id\":\"https:\\\/\\\/newsinfoco.com.br\\\/inicio\\\/as-ferias-do-trabalhador-mudaram-para-melhor-com-a-reforma-trabalhista-de-2017-por-paulo-ott\\\/#blogposting\",\"name\":\"As f\\u00e9rias do trabalhador mudaram para melhor com a Reforma Trabalhista de 2017 \\u2013 Por Paulo Ott - News In Foco - Editado por Caio Pimenta\",\"headline\":\"As f\\u00e9rias do trabalhador mudaram para melhor com a Reforma Trabalhista de 2017 &#8211; Por Paulo Ott\",\"author\":{\"@id\":\"https:\\\/\\\/newsinfoco.com.br\\\/inicio\\\/author\\\/administrador\\\/#author\"},\"publisher\":{\"@id\":\"https:\\\/\\\/newsinfoco.com.br\\\/inicio\\\/#organization\"},\"image\":{\"@type\":\"ImageObject\",\"url\":\"https:\\\/\\\/newsinfoco.com.br\\\/inicio\\\/wp-content\\\/uploads\\\/2018\\\/02\\\/FOTO-48-270x180.jpg\",\"width\":500,\"height\":333,\"caption\":\"Dr. Paulo Ott\"},\"datePublished\":\"2019-02-21T14:15:21-03:00\",\"dateModified\":\"2019-02-21T14:15:21-03:00\",\"inLanguage\":\"pt-BR\",\"mainEntityOfPage\":{\"@id\":\"https:\\\/\\\/newsinfoco.com.br\\\/inicio\\\/as-ferias-do-trabalhador-mudaram-para-melhor-com-a-reforma-trabalhista-de-2017-por-paulo-ott\\\/#webpage\"},\"isPartOf\":{\"@id\":\"https:\\\/\\\/newsinfoco.com.br\\\/inicio\\\/as-ferias-do-trabalhador-mudaram-para-melhor-com-a-reforma-trabalhista-de-2017-por-paulo-ott\\\/#webpage\"},\"articleSection\":\"Paulo Ott\"},{\"@type\":\"BreadcrumbList\",\"@id\":\"https:\\\/\\\/newsinfoco.com.br\\\/inicio\\\/as-ferias-do-trabalhador-mudaram-para-melhor-com-a-reforma-trabalhista-de-2017-por-paulo-ott\\\/#breadcrumblist\",\"itemListElement\":[{\"@type\":\"ListItem\",\"@id\":\"https:\\\/\\\/newsinfoco.com.br\\\/inicio#listItem\",\"position\":1,\"name\":\"In\\u00edcio\",\"item\":\"https:\\\/\\\/newsinfoco.com.br\\\/inicio\",\"nextItem\":{\"@type\":\"ListItem\",\"@id\":\"https:\\\/\\\/newsinfoco.com.br\\\/inicio\\\/category\\\/falando-direito-dr-paulo-ott\\\/#listItem\",\"name\":\"Paulo Ott\"}},{\"@type\":\"ListItem\",\"@id\":\"https:\\\/\\\/newsinfoco.com.br\\\/inicio\\\/category\\\/falando-direito-dr-paulo-ott\\\/#listItem\",\"position\":2,\"name\":\"Paulo Ott\",\"item\":\"https:\\\/\\\/newsinfoco.com.br\\\/inicio\\\/category\\\/falando-direito-dr-paulo-ott\\\/\",\"nextItem\":{\"@type\":\"ListItem\",\"@id\":\"https:\\\/\\\/newsinfoco.com.br\\\/inicio\\\/as-ferias-do-trabalhador-mudaram-para-melhor-com-a-reforma-trabalhista-de-2017-por-paulo-ott\\\/#listItem\",\"name\":\"As f\\u00e9rias do trabalhador mudaram para melhor com a Reforma Trabalhista de 2017 &#8211; Por Paulo Ott\"},\"previousItem\":{\"@type\":\"ListItem\",\"@id\":\"https:\\\/\\\/newsinfoco.com.br\\\/inicio#listItem\",\"name\":\"In\\u00edcio\"}},{\"@type\":\"ListItem\",\"@id\":\"https:\\\/\\\/newsinfoco.com.br\\\/inicio\\\/as-ferias-do-trabalhador-mudaram-para-melhor-com-a-reforma-trabalhista-de-2017-por-paulo-ott\\\/#listItem\",\"position\":3,\"name\":\"As f\\u00e9rias do trabalhador mudaram para melhor com a Reforma Trabalhista de 2017 &#8211; Por Paulo Ott\",\"previousItem\":{\"@type\":\"ListItem\",\"@id\":\"https:\\\/\\\/newsinfoco.com.br\\\/inicio\\\/category\\\/falando-direito-dr-paulo-ott\\\/#listItem\",\"name\":\"Paulo Ott\"}}]},{\"@type\":\"Organization\",\"@id\":\"https:\\\/\\\/newsinfoco.com.br\\\/inicio\\\/#organization\",\"name\":\"News In Foco - Editado por Caio Pimenta\",\"description\":\"O principal site de noticias de Alagoinhas e regi\\u00e3o\",\"url\":\"https:\\\/\\\/newsinfoco.com.br\\\/inicio\\\/\"},{\"@type\":\"Person\",\"@id\":\"https:\\\/\\\/newsinfoco.com.br\\\/inicio\\\/author\\\/administrador\\\/#author\",\"url\":\"https:\\\/\\\/newsinfoco.com.br\\\/inicio\\\/author\\\/administrador\\\/\",\"name\":\"administrador\",\"image\":{\"@type\":\"ImageObject\",\"@id\":\"https:\\\/\\\/newsinfoco.com.br\\\/inicio\\\/as-ferias-do-trabalhador-mudaram-para-melhor-com-a-reforma-trabalhista-de-2017-por-paulo-ott\\\/#authorImage\",\"url\":\"https:\\\/\\\/secure.gravatar.com\\\/avatar\\\/c17a617433de8c1dc9584bb79aab7563b46f5bb7e1728c9b17d9cc3ce6a08e49?s=96&d=mm&r=g\",\"width\":96,\"height\":96,\"caption\":\"administrador\"}},{\"@type\":\"WebPage\",\"@id\":\"https:\\\/\\\/newsinfoco.com.br\\\/inicio\\\/as-ferias-do-trabalhador-mudaram-para-melhor-com-a-reforma-trabalhista-de-2017-por-paulo-ott\\\/#webpage\",\"url\":\"https:\\\/\\\/newsinfoco.com.br\\\/inicio\\\/as-ferias-do-trabalhador-mudaram-para-melhor-com-a-reforma-trabalhista-de-2017-por-paulo-ott\\\/\",\"name\":\"As f\\u00e9rias do trabalhador mudaram para melhor com a Reforma Trabalhista de 2017 \\u2013 Por Paulo Ott - News In Foco - Editado por Caio Pimenta\",\"description\":\"[sg_popup id=\\\"11418\\\" event=\\\"inherit\\\"][\\\/sg_popup]Trago para os senhores leitores do site News Infoco mais uma mudan\\u00e7a introduzida pela Lei n\\u00ba 13.467, datada de 13 de julho de 2017, e que se encontra em vigor desde 11 de novembro de 2017. Atrav\\u00e9s da Lei 13.467\\\/17, e conforme previa o artigo 134 da CLT, as f\\u00e9rias eram decididas pelo\",\"inLanguage\":\"pt-BR\",\"isPartOf\":{\"@id\":\"https:\\\/\\\/newsinfoco.com.br\\\/inicio\\\/#website\"},\"breadcrumb\":{\"@id\":\"https:\\\/\\\/newsinfoco.com.br\\\/inicio\\\/as-ferias-do-trabalhador-mudaram-para-melhor-com-a-reforma-trabalhista-de-2017-por-paulo-ott\\\/#breadcrumblist\"},\"author\":{\"@id\":\"https:\\\/\\\/newsinfoco.com.br\\\/inicio\\\/author\\\/administrador\\\/#author\"},\"creator\":{\"@id\":\"https:\\\/\\\/newsinfoco.com.br\\\/inicio\\\/author\\\/administrador\\\/#author\"},\"image\":{\"@type\":\"ImageObject\",\"url\":\"https:\\\/\\\/newsinfoco.com.br\\\/inicio\\\/wp-content\\\/uploads\\\/2018\\\/02\\\/FOTO-48-270x180.jpg\",\"@id\":\"https:\\\/\\\/newsinfoco.com.br\\\/inicio\\\/as-ferias-do-trabalhador-mudaram-para-melhor-com-a-reforma-trabalhista-de-2017-por-paulo-ott\\\/#mainImage\",\"width\":500,\"height\":333,\"caption\":\"Dr. Paulo Ott\"},\"primaryImageOfPage\":{\"@id\":\"https:\\\/\\\/newsinfoco.com.br\\\/inicio\\\/as-ferias-do-trabalhador-mudaram-para-melhor-com-a-reforma-trabalhista-de-2017-por-paulo-ott\\\/#mainImage\"},\"datePublished\":\"2019-02-21T14:15:21-03:00\",\"dateModified\":\"2019-02-21T14:15:21-03:00\"},{\"@type\":\"WebSite\",\"@id\":\"https:\\\/\\\/newsinfoco.com.br\\\/inicio\\\/#website\",\"url\":\"https:\\\/\\\/newsinfoco.com.br\\\/inicio\\\/\",\"name\":\"News In Foco - Editado por Caio Pimenta\",\"description\":\"O principal site de noticias de Alagoinhas e regi\\u00e3o\",\"inLanguage\":\"pt-BR\",\"publisher\":{\"@id\":\"https:\\\/\\\/newsinfoco.com.br\\\/inicio\\\/#organization\"}}]}\n\t\t<\/script>\n\t\t<!-- All in One SEO -->\n\n","aioseo_head_json":{"title":"As f\u00e9rias do trabalhador mudaram para melhor com a Reforma Trabalhista de 2017 \u2013 Por Paulo Ott - News In Foco - Editado por Caio Pimenta","description":"[sg_popup id=\"11418\" event=\"inherit\"][\/sg_popup]Trago para os senhores leitores do site News Infoco mais uma mudan\u00e7a introduzida pela Lei n\u00ba 13.467, datada de 13 de julho de 2017, e que se encontra em vigor desde 11 de novembro de 2017. Atrav\u00e9s da Lei 13.467\/17, e conforme previa o artigo 134 da CLT, as f\u00e9rias eram decididas pelo","canonical_url":"https:\/\/newsinfoco.com.br\/inicio\/as-ferias-do-trabalhador-mudaram-para-melhor-com-a-reforma-trabalhista-de-2017-por-paulo-ott\/","robots":"max-image-preview:large","keywords":"","webmasterTools":{"miscellaneous":""},"schema":{"@context":"https:\/\/schema.org","@graph":[{"@type":"BlogPosting","@id":"https:\/\/newsinfoco.com.br\/inicio\/as-ferias-do-trabalhador-mudaram-para-melhor-com-a-reforma-trabalhista-de-2017-por-paulo-ott\/#blogposting","name":"As f\u00e9rias do trabalhador mudaram para melhor com a Reforma Trabalhista de 2017 \u2013 Por Paulo Ott - News In Foco - Editado por Caio Pimenta","headline":"As f\u00e9rias do trabalhador mudaram para melhor com a Reforma Trabalhista de 2017 &#8211; Por Paulo Ott","author":{"@id":"https:\/\/newsinfoco.com.br\/inicio\/author\/administrador\/#author"},"publisher":{"@id":"https:\/\/newsinfoco.com.br\/inicio\/#organization"},"image":{"@type":"ImageObject","url":"https:\/\/newsinfoco.com.br\/inicio\/wp-content\/uploads\/2018\/02\/FOTO-48-270x180.jpg","width":500,"height":333,"caption":"Dr. Paulo Ott"},"datePublished":"2019-02-21T14:15:21-03:00","dateModified":"2019-02-21T14:15:21-03:00","inLanguage":"pt-BR","mainEntityOfPage":{"@id":"https:\/\/newsinfoco.com.br\/inicio\/as-ferias-do-trabalhador-mudaram-para-melhor-com-a-reforma-trabalhista-de-2017-por-paulo-ott\/#webpage"},"isPartOf":{"@id":"https:\/\/newsinfoco.com.br\/inicio\/as-ferias-do-trabalhador-mudaram-para-melhor-com-a-reforma-trabalhista-de-2017-por-paulo-ott\/#webpage"},"articleSection":"Paulo Ott"},{"@type":"BreadcrumbList","@id":"https:\/\/newsinfoco.com.br\/inicio\/as-ferias-do-trabalhador-mudaram-para-melhor-com-a-reforma-trabalhista-de-2017-por-paulo-ott\/#breadcrumblist","itemListElement":[{"@type":"ListItem","@id":"https:\/\/newsinfoco.com.br\/inicio#listItem","position":1,"name":"In\u00edcio","item":"https:\/\/newsinfoco.com.br\/inicio","nextItem":{"@type":"ListItem","@id":"https:\/\/newsinfoco.com.br\/inicio\/category\/falando-direito-dr-paulo-ott\/#listItem","name":"Paulo Ott"}},{"@type":"ListItem","@id":"https:\/\/newsinfoco.com.br\/inicio\/category\/falando-direito-dr-paulo-ott\/#listItem","position":2,"name":"Paulo Ott","item":"https:\/\/newsinfoco.com.br\/inicio\/category\/falando-direito-dr-paulo-ott\/","nextItem":{"@type":"ListItem","@id":"https:\/\/newsinfoco.com.br\/inicio\/as-ferias-do-trabalhador-mudaram-para-melhor-com-a-reforma-trabalhista-de-2017-por-paulo-ott\/#listItem","name":"As f\u00e9rias do trabalhador mudaram para melhor com a Reforma Trabalhista de 2017 &#8211; Por Paulo Ott"},"previousItem":{"@type":"ListItem","@id":"https:\/\/newsinfoco.com.br\/inicio#listItem","name":"In\u00edcio"}},{"@type":"ListItem","@id":"https:\/\/newsinfoco.com.br\/inicio\/as-ferias-do-trabalhador-mudaram-para-melhor-com-a-reforma-trabalhista-de-2017-por-paulo-ott\/#listItem","position":3,"name":"As f\u00e9rias do trabalhador mudaram para melhor com a Reforma Trabalhista de 2017 &#8211; Por Paulo Ott","previousItem":{"@type":"ListItem","@id":"https:\/\/newsinfoco.com.br\/inicio\/category\/falando-direito-dr-paulo-ott\/#listItem","name":"Paulo Ott"}}]},{"@type":"Organization","@id":"https:\/\/newsinfoco.com.br\/inicio\/#organization","name":"News In Foco - Editado por Caio Pimenta","description":"O principal site de noticias de Alagoinhas e regi\u00e3o","url":"https:\/\/newsinfoco.com.br\/inicio\/"},{"@type":"Person","@id":"https:\/\/newsinfoco.com.br\/inicio\/author\/administrador\/#author","url":"https:\/\/newsinfoco.com.br\/inicio\/author\/administrador\/","name":"administrador","image":{"@type":"ImageObject","@id":"https:\/\/newsinfoco.com.br\/inicio\/as-ferias-do-trabalhador-mudaram-para-melhor-com-a-reforma-trabalhista-de-2017-por-paulo-ott\/#authorImage","url":"https:\/\/secure.gravatar.com\/avatar\/c17a617433de8c1dc9584bb79aab7563b46f5bb7e1728c9b17d9cc3ce6a08e49?s=96&d=mm&r=g","width":96,"height":96,"caption":"administrador"}},{"@type":"WebPage","@id":"https:\/\/newsinfoco.com.br\/inicio\/as-ferias-do-trabalhador-mudaram-para-melhor-com-a-reforma-trabalhista-de-2017-por-paulo-ott\/#webpage","url":"https:\/\/newsinfoco.com.br\/inicio\/as-ferias-do-trabalhador-mudaram-para-melhor-com-a-reforma-trabalhista-de-2017-por-paulo-ott\/","name":"As f\u00e9rias do trabalhador mudaram para melhor com a Reforma Trabalhista de 2017 \u2013 Por Paulo Ott - News In Foco - Editado por Caio Pimenta","description":"[sg_popup id=\"11418\" event=\"inherit\"][\/sg_popup]Trago para os senhores leitores do site News Infoco mais uma mudan\u00e7a introduzida pela Lei n\u00ba 13.467, datada de 13 de julho de 2017, e que se encontra em vigor desde 11 de novembro de 2017. Atrav\u00e9s da Lei 13.467\/17, e conforme previa o artigo 134 da CLT, as f\u00e9rias eram decididas pelo","inLanguage":"pt-BR","isPartOf":{"@id":"https:\/\/newsinfoco.com.br\/inicio\/#website"},"breadcrumb":{"@id":"https:\/\/newsinfoco.com.br\/inicio\/as-ferias-do-trabalhador-mudaram-para-melhor-com-a-reforma-trabalhista-de-2017-por-paulo-ott\/#breadcrumblist"},"author":{"@id":"https:\/\/newsinfoco.com.br\/inicio\/author\/administrador\/#author"},"creator":{"@id":"https:\/\/newsinfoco.com.br\/inicio\/author\/administrador\/#author"},"image":{"@type":"ImageObject","url":"https:\/\/newsinfoco.com.br\/inicio\/wp-content\/uploads\/2018\/02\/FOTO-48-270x180.jpg","@id":"https:\/\/newsinfoco.com.br\/inicio\/as-ferias-do-trabalhador-mudaram-para-melhor-com-a-reforma-trabalhista-de-2017-por-paulo-ott\/#mainImage","width":500,"height":333,"caption":"Dr. Paulo Ott"},"primaryImageOfPage":{"@id":"https:\/\/newsinfoco.com.br\/inicio\/as-ferias-do-trabalhador-mudaram-para-melhor-com-a-reforma-trabalhista-de-2017-por-paulo-ott\/#mainImage"},"datePublished":"2019-02-21T14:15:21-03:00","dateModified":"2019-02-21T14:15:21-03:00"},{"@type":"WebSite","@id":"https:\/\/newsinfoco.com.br\/inicio\/#website","url":"https:\/\/newsinfoco.com.br\/inicio\/","name":"News In Foco - Editado por Caio Pimenta","description":"O principal site de noticias de Alagoinhas e regi\u00e3o","inLanguage":"pt-BR","publisher":{"@id":"https:\/\/newsinfoco.com.br\/inicio\/#organization"}}]},"og:locale":"pt_BR","og:site_name":"News In Foco - Editado por Caio Pimenta - O principal site de noticias de Alagoinhas e regi\u00e3o","og:type":"article","og:title":"As f\u00e9rias do trabalhador mudaram para melhor com a Reforma Trabalhista de 2017 \u2013 Por Paulo Ott - News In Foco - Editado por Caio Pimenta","og:description":"[sg_popup id=&quot;11418&quot; event=&quot;inherit&quot;][\/sg_popup]Trago para os senhores leitores do site News Infoco mais uma mudan\u00e7a introduzida pela Lei n\u00ba 13.467, datada de 13 de julho de 2017, e que se encontra em vigor desde 11 de novembro de 2017. Atrav\u00e9s da Lei 13.467\/17, e conforme previa o artigo 134 da CLT, as f\u00e9rias eram decididas pelo","og:url":"https:\/\/newsinfoco.com.br\/inicio\/as-ferias-do-trabalhador-mudaram-para-melhor-com-a-reforma-trabalhista-de-2017-por-paulo-ott\/","article:published_time":"2019-02-21T17:15:21+00:00","article:modified_time":"2019-02-21T17:15:21+00:00","twitter:card":"summary_large_image","twitter:title":"As f\u00e9rias do trabalhador mudaram para melhor com a Reforma Trabalhista de 2017 \u2013 Por Paulo Ott - News In Foco - Editado por Caio Pimenta","twitter:description":"[sg_popup id=&quot;11418&quot; event=&quot;inherit&quot;][\/sg_popup]Trago para os senhores leitores do site News Infoco mais uma mudan\u00e7a introduzida pela Lei n\u00ba 13.467, datada de 13 de julho de 2017, e que se encontra em vigor desde 11 de novembro de 2017. Atrav\u00e9s da Lei 13.467\/17, e conforme previa o artigo 134 da CLT, as f\u00e9rias eram decididas pelo"},"aioseo_meta_data":{"post_id":"13691","title":null,"description":null,"keywords":null,"keyphrases":null,"primary_term":null,"canonical_url":null,"og_title":null,"og_description":null,"og_object_type":"default","og_image_type":"default","og_image_url":null,"og_image_width":null,"og_image_height":null,"og_image_custom_url":null,"og_image_custom_fields":null,"og_video":null,"og_custom_url":null,"og_article_section":null,"og_article_tags":null,"twitter_use_og":false,"twitter_card":"default","twitter_image_type":"default","twitter_image_url":null,"twitter_image_custom_url":null,"twitter_image_custom_fields":null,"twitter_title":null,"twitter_description":null,"schema":{"blockGraphs":[],"customGraphs":[],"default":{"data":{"Article":[],"Course":[],"Dataset":[],"FAQPage":[],"Movie":[],"Person":[],"Product":[],"ProductReview":[],"Car":[],"Recipe":[],"Service":[],"SoftwareApplication":[],"WebPage":[]},"graphName":"","isEnabled":true},"graphs":[]},"schema_type":"default","schema_type_options":null,"pillar_content":false,"robots_default":true,"robots_noindex":false,"robots_noarchive":false,"robots_nosnippet":false,"robots_nofollow":false,"robots_noimageindex":false,"robots_noodp":false,"robots_notranslate":false,"robots_max_snippet":null,"robots_max_videopreview":null,"robots_max_imagepreview":"large","priority":null,"frequency":null,"local_seo":null,"breadcrumb_settings":null,"limit_modified_date":false,"ai":null,"created":"2023-06-12 12:32:52","updated":"2025-07-10 23:25:48","seo_analyzer_scan_date":null},"aioseo_breadcrumb":"<div class=\"aioseo-breadcrumbs\"><span class=\"aioseo-breadcrumb\">\n\t\t\t<a href=\"https:\/\/newsinfoco.com.br\/inicio\" title=\"In\u00edcio\">In\u00edcio<\/a>\n\t\t<\/span><span class=\"aioseo-breadcrumb-separator\">&raquo;<\/span><span class=\"aioseo-breadcrumb\">\n\t\t\t<a href=\"https:\/\/newsinfoco.com.br\/inicio\/category\/falando-direito-dr-paulo-ott\/\" title=\"Paulo Ott\">Paulo Ott<\/a>\n\t\t<\/span><span class=\"aioseo-breadcrumb-separator\">&raquo;<\/span><span class=\"aioseo-breadcrumb\">\n\t\t\tAs f\u00e9rias do trabalhador mudaram para melhor com a Reforma Trabalhista de 2017 \u2013 Por Paulo Ott\n\t\t<\/span><\/div>","aioseo_breadcrumb_json":[{"label":"In\u00edcio","link":"https:\/\/newsinfoco.com.br\/inicio"},{"label":"Paulo Ott","link":"https:\/\/newsinfoco.com.br\/inicio\/category\/falando-direito-dr-paulo-ott\/"},{"label":"As f\u00e9rias do trabalhador mudaram para melhor com a Reforma Trabalhista de 2017 &#8211; Por Paulo Ott","link":"https:\/\/newsinfoco.com.br\/inicio\/as-ferias-do-trabalhador-mudaram-para-melhor-com-a-reforma-trabalhista-de-2017-por-paulo-ott\/"}],"_links":{"self":[{"href":"https:\/\/newsinfoco.com.br\/inicio\/wp-json\/wp\/v2\/posts\/13691","targetHints":{"allow":["GET"]}}],"collection":[{"href":"https:\/\/newsinfoco.com.br\/inicio\/wp-json\/wp\/v2\/posts"}],"about":[{"href":"https:\/\/newsinfoco.com.br\/inicio\/wp-json\/wp\/v2\/types\/post"}],"author":[{"embeddable":true,"href":"https:\/\/newsinfoco.com.br\/inicio\/wp-json\/wp\/v2\/users\/1"}],"replies":[{"embeddable":true,"href":"https:\/\/newsinfoco.com.br\/inicio\/wp-json\/wp\/v2\/comments?post=13691"}],"version-history":[{"count":0,"href":"https:\/\/newsinfoco.com.br\/inicio\/wp-json\/wp\/v2\/posts\/13691\/revisions"}],"wp:featuredmedia":[{"embeddable":true,"href":"https:\/\/newsinfoco.com.br\/inicio\/wp-json\/wp\/v2\/media\/13014"}],"wp:attachment":[{"href":"https:\/\/newsinfoco.com.br\/inicio\/wp-json\/wp\/v2\/media?parent=13691"}],"wp:term":[{"taxonomy":"category","embeddable":true,"href":"https:\/\/newsinfoco.com.br\/inicio\/wp-json\/wp\/v2\/categories?post=13691"},{"taxonomy":"post_tag","embeddable":true,"href":"https:\/\/newsinfoco.com.br\/inicio\/wp-json\/wp\/v2\/tags?post=13691"}],"curies":[{"name":"wp","href":"https:\/\/api.w.org\/{rel}","templated":true}]}}