{"id":13738,"date":"2019-02-23T13:26:32","date_gmt":"2019-02-23T16:26:32","guid":{"rendered":"http:\/\/newsinfoco.com.br\/?p=13738"},"modified":"2019-02-23T13:26:32","modified_gmt":"2019-02-23T16:26:32","slug":"maduro-nao-tem-poder-moral-so-forca-bruta-diz-chanceler-brasileiro","status":"publish","type":"post","link":"https:\/\/newsinfoco.com.br\/inicio\/maduro-nao-tem-poder-moral-so-forca-bruta-diz-chanceler-brasileiro\/","title":{"rendered":"Maduro n\u00e3o tem \u2018poder moral\u2019, s\u00f3 \u2018for\u00e7a bruta\u2019, diz chanceler brasileiro"},"content":{"rendered":"<p style=\"text-align: justify;\">[sg_popup id=&#8221;11418&#8243; event=&#8221;inherit&#8221;][\/sg_popup]O ministro das Rela\u00e7\u00f5es Exteriores, Ernesto Ara\u00fajo, disse, em declara\u00e7\u00f5es \u00e0 Ag\u00eancia Efe, que o presidente da Venezuela, Nicol\u00e1s Maduro, \u201cn\u00e3o tem poder real\u201d, \u201cnem poder moral, s\u00f3 tem o poder da for\u00e7a bruta\u201d. A fala do ministro foi feita na manh\u00e3 deste s\u00e1bado, 23, quando caminh\u00f5es com ajuda humanit\u00e1ria do Brasil e da Col\u00f4mbia partiram para a fronteira com Venezuela.<\/p>\n<p style=\"text-align: justify;\">Ara\u00fajo garantiu que \u201ca queda de Maduro \u00e9 quest\u00e3o de tempo\u201d e que espera que \u201cos militares venezuelanos\u201d compreendam \u201cque devem apoiar\u201d o presidente do parlamento da Venezuela, Juan Guaid\u00f3, que se autoproclamou presidente interino do pa\u00eds em janeiro e foi reconhecido por cerca de 50 na\u00e7\u00f5es, entre elas o Brasil.<\/p><div class=\"newsi-conteudo_19\" id=\"newsi-1568907602\"><a href=\"https:\/\/www.instagram.com\/prefeituraalagoinhas?igsh=YzgzdDJ1bWR3aWI4\" aria-label=\"SAVE_20251006_221555\"><img loading=\"lazy\" decoding=\"async\" src=\"https:\/\/newsinfoco.com.br\/inicio\/wp-content\/uploads\/2025\/10\/SAVE_20251006_221555-rotated.jpg\" alt=\"\"  srcset=\"https:\/\/newsinfoco.com.br\/inicio\/wp-content\/uploads\/2025\/10\/SAVE_20251006_221555-rotated.jpg 1140w, https:\/\/newsinfoco.com.br\/inicio\/wp-content\/uploads\/2025\/10\/SAVE_20251006_221555-300x52.jpg 300w, https:\/\/newsinfoco.com.br\/inicio\/wp-content\/uploads\/2025\/10\/SAVE_20251006_221555-1024x177.jpg 1024w, https:\/\/newsinfoco.com.br\/inicio\/wp-content\/uploads\/2025\/10\/SAVE_20251006_221555-768x133.jpg 768w, https:\/\/newsinfoco.com.br\/inicio\/wp-content\/uploads\/2025\/10\/SAVE_20251006_221555-600x104.jpg 600w, https:\/\/newsinfoco.com.br\/inicio\/wp-content\/uploads\/2025\/10\/SAVE_20251006_221555-696x120.jpg 696w, https:\/\/newsinfoco.com.br\/inicio\/wp-content\/uploads\/2025\/10\/SAVE_20251006_221555-1068x185.jpg 1068w\" sizes=\"(max-width: 1140px) 100vw, 1140px\" width=\"1140\" height=\"197\"   \/><\/a><\/div>\n<p style=\"text-align: justify;\">O chanceler acompanha neste s\u00e1bado o transporte de Boa Vista, capital de Roraima, at\u00e9 Pacaraima, cidade situada na pr\u00f3pria linha fronteiri\u00e7a com a Venezuela, de parte das 200 toneladas de ajuda humanit\u00e1ria do Brasil para o pa\u00eds vizinho. \u201cA Venezuela vive um momento de mudan\u00e7a irrevers\u00edvel\u201d, disse \u00e0 Efe o ministro, momentos antes de seguir rumo a Pacaraima, que fica a 220 quil\u00f4metros de Boa Vista. No entanto, a passagem fronteiri\u00e7a permanece fechada desde a \u00faltima quinta-feira, quando Maduro decretou o bloqueio por tempo indeterminado da divisa entre os dois pa\u00edses.<\/p>\n<p style=\"text-align: justify;\">\u201cA triste realidade que a Venezuela vive n\u00e3o se sustenta\u201d, opinou Ara\u00fajo. O governo de Jair Bolsonaro esclareceu ontem que a Pol\u00edcia Rodovi\u00e1ria Federal e efetivos do ex\u00e9rcito apenas escoltar\u00e3o os dois \u201ccaminh\u00f5es venezuelanos, conduzidos por venezuelanos\u201d que partiram hoje para a fronteira, e descartou uma \u201ca\u00e7\u00e3o agressiva\u201d contra o pa\u00eds vizinho. O chanceler Ernesto Ara\u00fajo esteve ontem na cidade de C\u00facuta, na Col\u00f4mbia, pr\u00f3xima da fronteira com a Venezuela, onde acompanhou o show \u201cVenezuela Aid Live\u201d, organizado pelo magnata brit\u00e2nico Richard Branson. Ali, o ministro se encontrou com Guaid\u00f3 e com os presidentes de Col\u00f4mbia, Iv\u00e1n Duque; Chile, Sebasti\u00e1n Pi\u00f1era; e Paraguai, Mario Abdo Ben\u00edtez.<\/p>\n<p style=\"text-align: justify;\">O chanceler disse que percebeu em C\u00facuta que \u201ch\u00e1 uma energia muito intensa, muita esperan\u00e7a e absoluta indigna\u00e7\u00e3o\u201d e garantiu que j\u00e1 existem planos internacionais para a \u201creconstru\u00e7\u00e3o da Venezuela\u201d, em caso de derrocada do governo Maduro. Al\u00e9m disso, Ara\u00fajo expressou \u201cuma tristeza muito grande\u201d pelas duas pessoas que morreram e pelas 15 que ficaram feridas durante um enfrentamento ontem entre as for\u00e7as armadas venezuelanas e integrantes de uma comunidade ind\u00edgena no estado de Bol\u00edvar, que faz fronteira com o Brasil, segundo informaram deputados da oposi\u00e7\u00e3o venezuelana.<\/p>\n<h6 style=\"text-align: right;\">Estadao<\/h6>\n<div class='share-to-whatsapp-wrapper'><div class='share-on-whsp'>Share on: <\/div><a data-text='Maduro n\u00e3o tem \u2018poder moral\u2019, s\u00f3 \u2018for\u00e7a bruta\u2019, diz chanceler brasileiro' data-link='https:\/\/newsinfoco.com.br\/inicio\/maduro-nao-tem-poder-moral-so-forca-bruta-diz-chanceler-brasileiro\/' class='whatsapp-button whatsapp-share'>WhatsApp<\/a><div class='clear '><\/div><\/div>","protected":false},"excerpt":{"rendered":"<p>[sg_popup id=&#8221;11418&#8243; event=&#8221;inherit&#8221;][\/sg_popup]O ministro das Rela\u00e7\u00f5es Exteriores, Ernesto Ara\u00fajo, disse, em declara\u00e7\u00f5es \u00e0 Ag\u00eancia Efe, que o presidente da Venezuela, Nicol\u00e1s Maduro, \u201cn\u00e3o tem poder real\u201d, \u201cnem poder moral, s\u00f3 tem o poder da for\u00e7a bruta\u201d. A fala do ministro foi feita na manh\u00e3 deste s\u00e1bado, 23, quando caminh\u00f5es com ajuda humanit\u00e1ria do Brasil e [&hellip;]<\/p>\n","protected":false},"author":1,"featured_media":13739,"comment_status":"open","ping_status":"open","sticky":false,"template":"","format":"standard","meta":{"om_disable_all_campaigns":false,"_exactmetrics_skip_tracking":false,"_exactmetrics_sitenote_active":false,"_exactmetrics_sitenote_note":"","_exactmetrics_sitenote_category":0,"footnotes":""},"categories":[21],"tags":[],"class_list":["post-13738","post","type-post","status-publish","format-standard","has-post-thumbnail","hentry","category-brasil"],"aioseo_notices":[],"_links":{"self":[{"href":"https:\/\/newsinfoco.com.br\/inicio\/wp-json\/wp\/v2\/posts\/13738","targetHints":{"allow":["GET"]}}],"collection":[{"href":"https:\/\/newsinfoco.com.br\/inicio\/wp-json\/wp\/v2\/posts"}],"about":[{"href":"https:\/\/newsinfoco.com.br\/inicio\/wp-json\/wp\/v2\/types\/post"}],"author":[{"embeddable":true,"href":"https:\/\/newsinfoco.com.br\/inicio\/wp-json\/wp\/v2\/users\/1"}],"replies":[{"embeddable":true,"href":"https:\/\/newsinfoco.com.br\/inicio\/wp-json\/wp\/v2\/comments?post=13738"}],"version-history":[{"count":0,"href":"https:\/\/newsinfoco.com.br\/inicio\/wp-json\/wp\/v2\/posts\/13738\/revisions"}],"wp:featuredmedia":[{"embeddable":true,"href":"https:\/\/newsinfoco.com.br\/inicio\/wp-json\/wp\/v2\/media\/13739"}],"wp:attachment":[{"href":"https:\/\/newsinfoco.com.br\/inicio\/wp-json\/wp\/v2\/media?parent=13738"}],"wp:term":[{"taxonomy":"category","embeddable":true,"href":"https:\/\/newsinfoco.com.br\/inicio\/wp-json\/wp\/v2\/categories?post=13738"},{"taxonomy":"post_tag","embeddable":true,"href":"https:\/\/newsinfoco.com.br\/inicio\/wp-json\/wp\/v2\/tags?post=13738"}],"curies":[{"name":"wp","href":"https:\/\/api.w.org\/{rel}","templated":true}]}}