{"id":13741,"date":"2019-02-23T13:30:25","date_gmt":"2019-02-23T16:30:25","guid":{"rendered":"http:\/\/newsinfoco.com.br\/?p=13741"},"modified":"2019-02-23T13:30:25","modified_gmt":"2019-02-23T16:30:25","slug":"chanceler-brasileiro-espera-que-venezuela-libere-passagem-de-ajuda-humanitaria","status":"publish","type":"post","link":"https:\/\/newsinfoco.com.br\/inicio\/chanceler-brasileiro-espera-que-venezuela-libere-passagem-de-ajuda-humanitaria\/","title":{"rendered":"Chanceler brasileiro espera que Venezuela libere passagem de ajuda humanit\u00e1ria"},"content":{"rendered":"<p style=\"text-align: justify;\">[sg_popup id=&#8221;11418&#8243; event=&#8221;inherit&#8221;][\/sg_popup]O chanceler Ernesto Ara\u00fajo disse, em entrevista coletiva na manh\u00e3 deste s\u00e1bado em Pacaraima, que espera que autoridades venezuelanas liberem a passagem de ajuda humanit\u00e1ria enviada do Brasil para a Venezuela enviada desde a Base de Boa Vista por um dever moral e pol\u00edtico.<\/p>\n<p style=\"text-align: justify;\">\u201cA expectativa \u00e9 de que se libere o ingresso\u201d disse Ara\u00fajo, ao lado da embaixadora do l\u00edder opositor Juan Guaid\u00f3, Maria Teresa Belandria e de autoridades diplom\u00e1ticas americanas. \u201d A entrega ser\u00e1 conduzida pela equipe do governo leg\u00edtimo do presidente Guaid\u00f3\u201d. Ainda de acordo com o chanceler, s\u00e3o 178 toneladas de rem\u00e9dios e alimentos n\u00e3o perec\u00edveis como feij\u00e3o, arroz a\u00e7\u00facar e leite em p\u00f3.<\/p><div class=\"newsi-conteudo_19\" id=\"newsi-583181498\"><a href=\"https:\/\/www.instagram.com\/prefeituraalagoinhas?igsh=YzgzdDJ1bWR3aWI4\" aria-label=\"SAVE_20251006_221555\"><img loading=\"lazy\" decoding=\"async\" src=\"https:\/\/newsinfoco.com.br\/inicio\/wp-content\/uploads\/2025\/10\/SAVE_20251006_221555-rotated.jpg\" alt=\"\"  srcset=\"https:\/\/newsinfoco.com.br\/inicio\/wp-content\/uploads\/2025\/10\/SAVE_20251006_221555-rotated.jpg 1140w, https:\/\/newsinfoco.com.br\/inicio\/wp-content\/uploads\/2025\/10\/SAVE_20251006_221555-300x52.jpg 300w, https:\/\/newsinfoco.com.br\/inicio\/wp-content\/uploads\/2025\/10\/SAVE_20251006_221555-1024x177.jpg 1024w, https:\/\/newsinfoco.com.br\/inicio\/wp-content\/uploads\/2025\/10\/SAVE_20251006_221555-768x133.jpg 768w, https:\/\/newsinfoco.com.br\/inicio\/wp-content\/uploads\/2025\/10\/SAVE_20251006_221555-600x104.jpg 600w, https:\/\/newsinfoco.com.br\/inicio\/wp-content\/uploads\/2025\/10\/SAVE_20251006_221555-696x120.jpg 696w, https:\/\/newsinfoco.com.br\/inicio\/wp-content\/uploads\/2025\/10\/SAVE_20251006_221555-1068x185.jpg 1068w\" sizes=\"(max-width: 1140px) 100vw, 1140px\" width=\"1140\" height=\"197\"   \/><\/a><\/div>\n<p style=\"text-align: justify;\">A embaixadora lembrou que em C\u00facuta durante a noite guardas da Guarda Nacional Bolivariana desbloquearam uma parte da ponte e esperam o mesmo procedimento aqui. Segundo ela, Maduro dificultou a sa\u00edda de caminh\u00f5es venezuelanos para o Brasil por meio de pressao junto a empresas de transporte.<\/p>\n<p style=\"text-align: justify;\">Ainda de acordo com Ara\u00fajo, a movimenta\u00e7\u00e3o de seguran\u00e7a do lado brasileiro da fronteira \u00e9 normal e o Itamaraty trabalhar\u00e1 junto a autoridades venezuelanas para que brasileiros que ficaram em Santa Elena do Uairen antes do fechamento da fronteira retornem ao Pa\u00eds.<\/p>\n<h6 style=\"text-align: right;\">Estadao<\/h6>\n<div class='share-to-whatsapp-wrapper'><div class='share-on-whsp'>Share on: <\/div><a data-text='Chanceler brasileiro espera que Venezuela libere passagem de ajuda humanit\u00e1ria' data-link='https:\/\/newsinfoco.com.br\/inicio\/chanceler-brasileiro-espera-que-venezuela-libere-passagem-de-ajuda-humanitaria\/' class='whatsapp-button whatsapp-share'>WhatsApp<\/a><div class='clear '><\/div><\/div>","protected":false},"excerpt":{"rendered":"<p>[sg_popup id=&#8221;11418&#8243; event=&#8221;inherit&#8221;][\/sg_popup]O chanceler Ernesto Ara\u00fajo disse, em entrevista coletiva na manh\u00e3 deste s\u00e1bado em Pacaraima, que espera que autoridades venezuelanas liberem a passagem de ajuda humanit\u00e1ria enviada do Brasil para a Venezuela enviada desde a Base de Boa Vista por um dever moral e pol\u00edtico. \u201cA expectativa \u00e9 de que se libere o ingresso\u201d [&hellip;]<\/p>\n","protected":false},"author":1,"featured_media":13739,"comment_status":"open","ping_status":"open","sticky":false,"template":"","format":"standard","meta":{"om_disable_all_campaigns":false,"_exactmetrics_skip_tracking":false,"_exactmetrics_sitenote_active":false,"_exactmetrics_sitenote_note":"","_exactmetrics_sitenote_category":0,"footnotes":""},"categories":[21],"tags":[],"class_list":["post-13741","post","type-post","status-publish","format-standard","has-post-thumbnail","hentry","category-brasil"],"aioseo_notices":[],"_links":{"self":[{"href":"https:\/\/newsinfoco.com.br\/inicio\/wp-json\/wp\/v2\/posts\/13741","targetHints":{"allow":["GET"]}}],"collection":[{"href":"https:\/\/newsinfoco.com.br\/inicio\/wp-json\/wp\/v2\/posts"}],"about":[{"href":"https:\/\/newsinfoco.com.br\/inicio\/wp-json\/wp\/v2\/types\/post"}],"author":[{"embeddable":true,"href":"https:\/\/newsinfoco.com.br\/inicio\/wp-json\/wp\/v2\/users\/1"}],"replies":[{"embeddable":true,"href":"https:\/\/newsinfoco.com.br\/inicio\/wp-json\/wp\/v2\/comments?post=13741"}],"version-history":[{"count":0,"href":"https:\/\/newsinfoco.com.br\/inicio\/wp-json\/wp\/v2\/posts\/13741\/revisions"}],"wp:featuredmedia":[{"embeddable":true,"href":"https:\/\/newsinfoco.com.br\/inicio\/wp-json\/wp\/v2\/media\/13739"}],"wp:attachment":[{"href":"https:\/\/newsinfoco.com.br\/inicio\/wp-json\/wp\/v2\/media?parent=13741"}],"wp:term":[{"taxonomy":"category","embeddable":true,"href":"https:\/\/newsinfoco.com.br\/inicio\/wp-json\/wp\/v2\/categories?post=13741"},{"taxonomy":"post_tag","embeddable":true,"href":"https:\/\/newsinfoco.com.br\/inicio\/wp-json\/wp\/v2\/tags?post=13741"}],"curies":[{"name":"wp","href":"https:\/\/api.w.org\/{rel}","templated":true}]}}