{"id":13751,"date":"2019-02-24T12:45:57","date_gmt":"2019-02-24T15:45:57","guid":{"rendered":"http:\/\/newsinfoco.com.br\/?p=13751"},"modified":"2019-02-24T12:45:57","modified_gmt":"2019-02-24T15:45:57","slug":"presidente-do-pt-gleisi-hoffmann-critica-ajuda-a-venezuela-e-diz-que-brasil-se-submete-aos-eua","status":"publish","type":"post","link":"https:\/\/newsinfoco.com.br\/inicio\/presidente-do-pt-gleisi-hoffmann-critica-ajuda-a-venezuela-e-diz-que-brasil-se-submete-aos-eua\/","title":{"rendered":"Presidente do PT, Gleisi Hoffmann, critica ajuda \u00e0 Venezuela e diz que Brasil se submete aos EUA"},"content":{"rendered":"<p style=\"text-align: justify;\">[sg_popup id=&#8221;11418&#8243; event=&#8221;inherit&#8221;][\/sg_popup]A presidente do PT, Gleisi Hoffmann, comentou em seu perfil no Twitter sobre a situa\u00e7\u00e3o na Venezuela neste s\u00e1bado, em que a oposi\u00e7\u00e3o ao governo de Nicol\u00e1s Maduro coordena assist\u00eancia humanit\u00e1ria com apoio estrangeiro, inclusive do Brasil.<\/p>\n<p style=\"text-align: justify;\">A mensagem de Gleisi refor\u00e7ou o discurso feito pouco antes em Caracas, pelo presidente venezuelano Nicol\u00e1s Maduro, para quem a ajuda humanit\u00e1ria est\u00e1 a servi\u00e7o do \u201cimperialismo\u201d norte-americano.<\/p><div class=\"newsi-conteudo_19\" id=\"newsi-3883622132\"><a href=\"https:\/\/www.instagram.com\/prefeituraalagoinhas?igsh=YzgzdDJ1bWR3aWI4\" aria-label=\"SAVE_20251006_221555\"><img loading=\"lazy\" decoding=\"async\" src=\"https:\/\/newsinfoco.com.br\/inicio\/wp-content\/uploads\/2025\/10\/SAVE_20251006_221555-rotated.jpg\" alt=\"\"  srcset=\"https:\/\/newsinfoco.com.br\/inicio\/wp-content\/uploads\/2025\/10\/SAVE_20251006_221555-rotated.jpg 1140w, https:\/\/newsinfoco.com.br\/inicio\/wp-content\/uploads\/2025\/10\/SAVE_20251006_221555-300x52.jpg 300w, https:\/\/newsinfoco.com.br\/inicio\/wp-content\/uploads\/2025\/10\/SAVE_20251006_221555-1024x177.jpg 1024w, https:\/\/newsinfoco.com.br\/inicio\/wp-content\/uploads\/2025\/10\/SAVE_20251006_221555-768x133.jpg 768w, https:\/\/newsinfoco.com.br\/inicio\/wp-content\/uploads\/2025\/10\/SAVE_20251006_221555-600x104.jpg 600w, https:\/\/newsinfoco.com.br\/inicio\/wp-content\/uploads\/2025\/10\/SAVE_20251006_221555-696x120.jpg 696w, https:\/\/newsinfoco.com.br\/inicio\/wp-content\/uploads\/2025\/10\/SAVE_20251006_221555-1068x185.jpg 1068w\" sizes=\"(max-width: 1140px) 100vw, 1140px\" width=\"1140\" height=\"197\"   \/><\/a><\/div>\n<p style=\"text-align: justify;\">\u201cDias tristes nos esperam na Am\u00e9rica Latina com essa interven\u00e7\u00e3o fantasiada de ajuda na Venezuela. Sofreremos por essa posi\u00e7\u00e3o do Brasil de se submeter aos interesses dos EUA. N\u00e3o ser\u00e3o eles a viver os efeitos desse conflito. Alertei tempos atr\u00e1s\u201d, escreveu Gleisi.<\/p>\n<blockquote class=\"twitter-tweet\" data-width=\"550\" data-dnt=\"true\">\n<p lang=\"pt\" dir=\"ltr\">Dias tristes nos esperam na Am\u00e9rica Latina com essa interven\u00e7\u00e3o fantasiada de ajuda na Venezuela. Sofreremos por essa posi\u00e7\u00e3o do Brasil de se submeter aos interesses dos EUA. N\u00e3o ser\u00e3o eles a viver os efeitos desse conflito. Alertei tempos atr\u00e1s.<a href=\"https:\/\/t.co\/AlcAq2vzoC\">https:\/\/t.co\/AlcAq2vzoC<\/a><\/p>\n<p>&mdash; Gleisi Lula Hoffmann (@gleisi) <a href=\"https:\/\/twitter.com\/gleisi\/status\/1099388973577834497?ref_src=twsrc%5Etfw\">February 23, 2019<\/a><\/p><\/blockquote>\n<p><script async src=\"https:\/\/platform.twitter.com\/widgets.js\" charset=\"utf-8\"><\/script><\/p>\n<h6 style=\"text-align: right;\">Estadao<\/h6>\n<div class='share-to-whatsapp-wrapper'><div class='share-on-whsp'>Share on: <\/div><a data-text='Presidente do PT, Gleisi Hoffmann, critica ajuda \u00e0 Venezuela e diz que Brasil se submete aos EUA' data-link='https:\/\/newsinfoco.com.br\/inicio\/presidente-do-pt-gleisi-hoffmann-critica-ajuda-a-venezuela-e-diz-que-brasil-se-submete-aos-eua\/' class='whatsapp-button whatsapp-share'>WhatsApp<\/a><div class='clear '><\/div><\/div>","protected":false},"excerpt":{"rendered":"<p>[sg_popup id=&#8221;11418&#8243; event=&#8221;inherit&#8221;][\/sg_popup]A presidente do PT, Gleisi Hoffmann, comentou em seu perfil no Twitter sobre a situa\u00e7\u00e3o na Venezuela neste s\u00e1bado, em que a oposi\u00e7\u00e3o ao governo de Nicol\u00e1s Maduro coordena assist\u00eancia humanit\u00e1ria com apoio estrangeiro, inclusive do Brasil. A mensagem de Gleisi refor\u00e7ou o discurso feito pouco antes em Caracas, pelo presidente venezuelano Nicol\u00e1s [&hellip;]<\/p>\n","protected":false},"author":1,"featured_media":12105,"comment_status":"open","ping_status":"open","sticky":false,"template":"","format":"standard","meta":{"om_disable_all_campaigns":false,"_exactmetrics_skip_tracking":false,"_exactmetrics_sitenote_active":false,"_exactmetrics_sitenote_note":"","_exactmetrics_sitenote_category":0,"footnotes":""},"categories":[21],"tags":[],"class_list":["post-13751","post","type-post","status-publish","format-standard","has-post-thumbnail","hentry","category-brasil"],"aioseo_notices":[],"_links":{"self":[{"href":"https:\/\/newsinfoco.com.br\/inicio\/wp-json\/wp\/v2\/posts\/13751","targetHints":{"allow":["GET"]}}],"collection":[{"href":"https:\/\/newsinfoco.com.br\/inicio\/wp-json\/wp\/v2\/posts"}],"about":[{"href":"https:\/\/newsinfoco.com.br\/inicio\/wp-json\/wp\/v2\/types\/post"}],"author":[{"embeddable":true,"href":"https:\/\/newsinfoco.com.br\/inicio\/wp-json\/wp\/v2\/users\/1"}],"replies":[{"embeddable":true,"href":"https:\/\/newsinfoco.com.br\/inicio\/wp-json\/wp\/v2\/comments?post=13751"}],"version-history":[{"count":0,"href":"https:\/\/newsinfoco.com.br\/inicio\/wp-json\/wp\/v2\/posts\/13751\/revisions"}],"wp:featuredmedia":[{"embeddable":true,"href":"https:\/\/newsinfoco.com.br\/inicio\/wp-json\/wp\/v2\/media\/12105"}],"wp:attachment":[{"href":"https:\/\/newsinfoco.com.br\/inicio\/wp-json\/wp\/v2\/media?parent=13751"}],"wp:term":[{"taxonomy":"category","embeddable":true,"href":"https:\/\/newsinfoco.com.br\/inicio\/wp-json\/wp\/v2\/categories?post=13751"},{"taxonomy":"post_tag","embeddable":true,"href":"https:\/\/newsinfoco.com.br\/inicio\/wp-json\/wp\/v2\/tags?post=13751"}],"curies":[{"name":"wp","href":"https:\/\/api.w.org\/{rel}","templated":true}]}}