{"id":13755,"date":"2019-02-24T12:56:08","date_gmt":"2019-02-24T15:56:08","guid":{"rendered":"http:\/\/newsinfoco.com.br\/?p=13755"},"modified":"2019-02-24T12:56:08","modified_gmt":"2019-02-24T15:56:08","slug":"sus-apesar-da-fila-15-pessoas-sao-internadas-por-dia-com-transtornos-mentais-na-bahia","status":"publish","type":"post","link":"https:\/\/newsinfoco.com.br\/inicio\/sus-apesar-da-fila-15-pessoas-sao-internadas-por-dia-com-transtornos-mentais-na-bahia\/","title":{"rendered":"SUS: Apesar da fila, 15 pessoas s\u00e3o internadas por dia com transtornos mentais na Bahia"},"content":{"rendered":"<div class=\"text-descricao\">\n<p style=\"text-align: justify;\">[sg_popup id=&#8221;11418&#8243; event=&#8221;inherit&#8221;][\/sg_popup]Com uma m\u00e9dia di\u00e1ria de 15 internamentos di\u00e1rios na Bahia, o transtorno mental levou 5.568 pessoas a buscarem atendimento pelo Servi\u00e7o \u00danico de Sa\u00fade (SUS) em 2018. Segundo levantamento do Correio da Bahia, houve um crescimento de 31,2% no n\u00famero de pacientes em rela\u00e7\u00e3o a 2017.<\/p>\n<p style=\"text-align: justify;\">Ainda de acordo com a mat\u00e9ria, baseada em dados do DataSus, no ano passado, a maioria dos pacientes internados tinha entre 30 e 39 anos. J\u00e1 a principal causa, especialmente entre a faixa de idade de 15 a 49 anos, foi esquizofrenia &#8211; transtornos esquizot\u00edpicos e transtornos delirantes. Em rela\u00e7\u00e3o ao grupo que abrange 50 e 69 anos, os atendimentos s\u00e3o, na maior parte dos casos, relativos ao alcoolismo.<\/p><div class=\"newsi-conteudo_19\" id=\"newsi-12508685\"><a href=\"https:\/\/www.instagram.com\/prefeituraalagoinhas?igsh=YzgzdDJ1bWR3aWI4\" aria-label=\"SAVE_20251006_221555\"><img loading=\"lazy\" decoding=\"async\" src=\"https:\/\/newsinfoco.com.br\/inicio\/wp-content\/uploads\/2025\/10\/SAVE_20251006_221555-rotated.jpg\" alt=\"\"  srcset=\"https:\/\/newsinfoco.com.br\/inicio\/wp-content\/uploads\/2025\/10\/SAVE_20251006_221555-rotated.jpg 1140w, https:\/\/newsinfoco.com.br\/inicio\/wp-content\/uploads\/2025\/10\/SAVE_20251006_221555-300x52.jpg 300w, https:\/\/newsinfoco.com.br\/inicio\/wp-content\/uploads\/2025\/10\/SAVE_20251006_221555-1024x177.jpg 1024w, https:\/\/newsinfoco.com.br\/inicio\/wp-content\/uploads\/2025\/10\/SAVE_20251006_221555-768x133.jpg 768w, https:\/\/newsinfoco.com.br\/inicio\/wp-content\/uploads\/2025\/10\/SAVE_20251006_221555-600x104.jpg 600w, https:\/\/newsinfoco.com.br\/inicio\/wp-content\/uploads\/2025\/10\/SAVE_20251006_221555-696x120.jpg 696w, https:\/\/newsinfoco.com.br\/inicio\/wp-content\/uploads\/2025\/10\/SAVE_20251006_221555-1068x185.jpg 1068w\" sizes=\"(max-width: 1140px) 100vw, 1140px\" width=\"1140\" height=\"197\"   \/><\/a><\/div>\n<p style=\"text-align: justify;\">Vale ressaltar que apesar da demanda, houve uma diminui\u00e7\u00e3o de leitos destinados a esse tipo de tratamento no Estado. Uma pesquisa do Conselho Federal de Medicina (CFM), divulgada no ano passado, mostrou que a Bahia perdeu 1.916 leitos nesse per\u00edodo, uma redu\u00e7\u00e3o de quase 8%.<\/p>\n<p>&nbsp;<\/p>\n<\/div>\n<div class='share-to-whatsapp-wrapper'><div class='share-on-whsp'>Share on: <\/div><a data-text='SUS: Apesar da fila, 15 pessoas s\u00e3o internadas por dia com transtornos mentais na Bahia' data-link='https:\/\/newsinfoco.com.br\/inicio\/sus-apesar-da-fila-15-pessoas-sao-internadas-por-dia-com-transtornos-mentais-na-bahia\/' class='whatsapp-button whatsapp-share'>WhatsApp<\/a><div class='clear '><\/div><\/div>","protected":false},"excerpt":{"rendered":"<p>[sg_popup id=&#8221;11418&#8243; event=&#8221;inherit&#8221;][\/sg_popup]Com uma m\u00e9dia di\u00e1ria de 15 internamentos di\u00e1rios na Bahia, o transtorno mental levou 5.568 pessoas a buscarem atendimento pelo Servi\u00e7o \u00danico de Sa\u00fade (SUS) em 2018. Segundo levantamento do Correio da Bahia, houve um crescimento de 31,2% no n\u00famero de pacientes em rela\u00e7\u00e3o a 2017. Ainda de acordo com a mat\u00e9ria, baseada [&hellip;]<\/p>\n","protected":false},"author":1,"featured_media":13756,"comment_status":"open","ping_status":"open","sticky":false,"template":"","format":"standard","meta":{"om_disable_all_campaigns":false,"_exactmetrics_skip_tracking":false,"_exactmetrics_sitenote_active":false,"_exactmetrics_sitenote_note":"","_exactmetrics_sitenote_category":0,"footnotes":""},"categories":[19],"tags":[],"class_list":["post-13755","post","type-post","status-publish","format-standard","has-post-thumbnail","hentry","category-bahia"],"aioseo_notices":[],"_links":{"self":[{"href":"https:\/\/newsinfoco.com.br\/inicio\/wp-json\/wp\/v2\/posts\/13755","targetHints":{"allow":["GET"]}}],"collection":[{"href":"https:\/\/newsinfoco.com.br\/inicio\/wp-json\/wp\/v2\/posts"}],"about":[{"href":"https:\/\/newsinfoco.com.br\/inicio\/wp-json\/wp\/v2\/types\/post"}],"author":[{"embeddable":true,"href":"https:\/\/newsinfoco.com.br\/inicio\/wp-json\/wp\/v2\/users\/1"}],"replies":[{"embeddable":true,"href":"https:\/\/newsinfoco.com.br\/inicio\/wp-json\/wp\/v2\/comments?post=13755"}],"version-history":[{"count":0,"href":"https:\/\/newsinfoco.com.br\/inicio\/wp-json\/wp\/v2\/posts\/13755\/revisions"}],"wp:featuredmedia":[{"embeddable":true,"href":"https:\/\/newsinfoco.com.br\/inicio\/wp-json\/wp\/v2\/media\/13756"}],"wp:attachment":[{"href":"https:\/\/newsinfoco.com.br\/inicio\/wp-json\/wp\/v2\/media?parent=13755"}],"wp:term":[{"taxonomy":"category","embeddable":true,"href":"https:\/\/newsinfoco.com.br\/inicio\/wp-json\/wp\/v2\/categories?post=13755"},{"taxonomy":"post_tag","embeddable":true,"href":"https:\/\/newsinfoco.com.br\/inicio\/wp-json\/wp\/v2\/tags?post=13755"}],"curies":[{"name":"wp","href":"https:\/\/api.w.org\/{rel}","templated":true}]}}