{"id":13758,"date":"2019-02-24T12:58:48","date_gmt":"2019-02-24T15:58:48","guid":{"rendered":"http:\/\/newsinfoco.com.br\/?p=13758"},"modified":"2019-02-24T12:58:48","modified_gmt":"2019-02-24T15:58:48","slug":"se-eu-for-candidato-sera-a-prefeito-de-salvador-diz-joao-gualberto-em-entrevista","status":"publish","type":"post","link":"https:\/\/newsinfoco.com.br\/inicio\/se-eu-for-candidato-sera-a-prefeito-de-salvador-diz-joao-gualberto-em-entrevista\/","title":{"rendered":"\u2018Se eu for candidato, ser\u00e1 a prefeito de Salvador\u2019, diz Jo\u00e3o Gualberto em entrevista"},"content":{"rendered":"<p style=\"text-align: justify;\">[sg_popup id=&#8221;11418&#8243; event=&#8221;inherit&#8221;][\/sg_popup]Depois de o deputado federal Adolfo Viana (PSDB) declarar que o presidente do PSDB na Bahia, o ex-parlamentar Jo\u00e3o Gualberto, n\u00e3o est\u00e1 fora do mundo pol\u00edtico, o pr\u00f3prio Gualberto disse em entrevista ao jornal Tribuna da Bahia que pode ser candidato na elei\u00e7\u00e3o de 2020. Ex-prefeito de Mata de S\u00e3o Jo\u00e3o, o empres\u00e1rio afirmou que pode mirar a sucess\u00e3o de ACM Neto (DEM).<\/p>\n<p style=\"text-align: justify;\">\u201cDeputado n\u00e3o vou mais ser. N\u00e3o me identifiquei. Legislativo n\u00e3o vou mais. Agora, posso e n\u00e3o posso ser candidato \u00e0 majorit\u00e1ria. Se for para ser candidato, \u00e9 a prefeito de Salvador. Agora, \u00e9 muito cedo. Tem que costurar\u201d, disse Gualberto, em entrevista \u00e0 Tribuna.<\/p><div class=\"newsi-conteudo_19\" id=\"newsi-3976066100\"><a href=\"https:\/\/www.instagram.com\/prefeituraalagoinhas?igsh=YzgzdDJ1bWR3aWI4\" aria-label=\"SAVE_20251006_221555\"><img loading=\"lazy\" decoding=\"async\" src=\"https:\/\/newsinfoco.com.br\/inicio\/wp-content\/uploads\/2025\/10\/SAVE_20251006_221555-rotated.jpg\" alt=\"\"  srcset=\"https:\/\/newsinfoco.com.br\/inicio\/wp-content\/uploads\/2025\/10\/SAVE_20251006_221555-rotated.jpg 1140w, https:\/\/newsinfoco.com.br\/inicio\/wp-content\/uploads\/2025\/10\/SAVE_20251006_221555-300x52.jpg 300w, https:\/\/newsinfoco.com.br\/inicio\/wp-content\/uploads\/2025\/10\/SAVE_20251006_221555-1024x177.jpg 1024w, https:\/\/newsinfoco.com.br\/inicio\/wp-content\/uploads\/2025\/10\/SAVE_20251006_221555-768x133.jpg 768w, https:\/\/newsinfoco.com.br\/inicio\/wp-content\/uploads\/2025\/10\/SAVE_20251006_221555-600x104.jpg 600w, https:\/\/newsinfoco.com.br\/inicio\/wp-content\/uploads\/2025\/10\/SAVE_20251006_221555-696x120.jpg 696w, https:\/\/newsinfoco.com.br\/inicio\/wp-content\/uploads\/2025\/10\/SAVE_20251006_221555-1068x185.jpg 1068w\" sizes=\"(max-width: 1140px) 100vw, 1140px\" width=\"1140\" height=\"197\"   \/><\/a><\/div>\n<p style=\"text-align: justify;\">Na sexta-feira (22), em entrevista \u00e0 r\u00e1dio Metr\u00f3pole, o deputado Adolfo Viana avisou que Gualberto, embora n\u00e3o tenha disputado a reelei\u00e7\u00e3o para C\u00e2mara dos Deputados, estava no jogo pol\u00edtico. \u201cEle espera uma oportunidade na majorit\u00e1ria. Numa vaga para o Executivo. Ele entende que vai aparecer uma oportunidade no futuro. Ele est\u00e1 aguardando. N\u00e3o tem ansiedade ao mesmo tempo ele n\u00e3o saiu da pol\u00edtica. Ele se reposicionou no jogo\u201d, afirmou.<\/p>\n<p style=\"text-align: justify;\">Gualberto n\u00e3o apareceu na primeira pesquisa para o Pal\u00e1cio Thom\u00e9 de Souza encomendada pelo site Bahia Not\u00edcias e pela R\u00e1dio Metr\u00f3pole. No levantamento, aparecem Irm\u00e3o L\u00e1zaro (PR) em primeiro com 12,3%, seguido por Alice Portugal (PCdoB), com 11,8%; Bruno Reis (DEM).<\/p>\n<p style=\"text-align: justify;\">\u201cTem muita coisa ainda. \u00c9 cedo. A popula\u00e7\u00e3o s\u00f3 vai entrar em campo em setembro de 2020. Quem fala de pol\u00edtica agora \u00e9 pol\u00edtico\u201d, ressaltou o ex-parlamentar. Na elei\u00e7\u00e3o passada, Gualberto foi convidado para integrar a chapa de ACM Neto ao governo da Bahia, como postulante a vice, mas o democrata desistiu de competir pelo Pal\u00e1cio de Ondina.<\/p>\n<p style=\"text-align: justify;\">Para o empres\u00e1rio, o prefeito soteropolitano \u00e9 \u201ccandidato natural\u201d ao governo em 2022. \u201cCom grandes chances de ganhar\u201d, salientou. Perguntado se a dobradinha poderia se concretizar ent\u00e3o daqui a tr\u00eas anos, Gualberto disse: \u201cN\u00e3o existe candidato a vice\u201d.<\/p>\n<p style=\"text-align: justify;\">O empres\u00e1rio contou, ainda, que no final de abril vai ocorrer a elei\u00e7\u00e3o para a presid\u00eancia do PSDB da Bahia. \u201cEu vou apoiar Adolfo Viana. J\u00e1 s\u00e3o quatro anos meus e temos que renovar\u201d, pontuou. As informa\u00e7\u00f5es s\u00e3o do jornal Tribuna da Bahia.<\/p>\n<div class='share-to-whatsapp-wrapper'><div class='share-on-whsp'>Share on: <\/div><a data-text='\u2018Se eu for candidato, ser\u00e1 a prefeito de Salvador\u2019, diz Jo\u00e3o Gualberto em entrevista' data-link='https:\/\/newsinfoco.com.br\/inicio\/se-eu-for-candidato-sera-a-prefeito-de-salvador-diz-joao-gualberto-em-entrevista\/' class='whatsapp-button whatsapp-share'>WhatsApp<\/a><div class='clear '><\/div><\/div>","protected":false},"excerpt":{"rendered":"<p>[sg_popup id=&#8221;11418&#8243; event=&#8221;inherit&#8221;][\/sg_popup]Depois de o deputado federal Adolfo Viana (PSDB) declarar que o presidente do PSDB na Bahia, o ex-parlamentar Jo\u00e3o Gualberto, n\u00e3o est\u00e1 fora do mundo pol\u00edtico, o pr\u00f3prio Gualberto disse em entrevista ao jornal Tribuna da Bahia que pode ser candidato na elei\u00e7\u00e3o de 2020. Ex-prefeito de Mata de S\u00e3o Jo\u00e3o, o empres\u00e1rio [&hellip;]<\/p>\n","protected":false},"author":1,"featured_media":10340,"comment_status":"open","ping_status":"open","sticky":false,"template":"","format":"standard","meta":{"om_disable_all_campaigns":false,"_exactmetrics_skip_tracking":false,"_exactmetrics_sitenote_active":false,"_exactmetrics_sitenote_note":"","_exactmetrics_sitenote_category":0,"footnotes":""},"categories":[19],"tags":[],"class_list":["post-13758","post","type-post","status-publish","format-standard","has-post-thumbnail","hentry","category-bahia"],"aioseo_notices":[],"_links":{"self":[{"href":"https:\/\/newsinfoco.com.br\/inicio\/wp-json\/wp\/v2\/posts\/13758","targetHints":{"allow":["GET"]}}],"collection":[{"href":"https:\/\/newsinfoco.com.br\/inicio\/wp-json\/wp\/v2\/posts"}],"about":[{"href":"https:\/\/newsinfoco.com.br\/inicio\/wp-json\/wp\/v2\/types\/post"}],"author":[{"embeddable":true,"href":"https:\/\/newsinfoco.com.br\/inicio\/wp-json\/wp\/v2\/users\/1"}],"replies":[{"embeddable":true,"href":"https:\/\/newsinfoco.com.br\/inicio\/wp-json\/wp\/v2\/comments?post=13758"}],"version-history":[{"count":0,"href":"https:\/\/newsinfoco.com.br\/inicio\/wp-json\/wp\/v2\/posts\/13758\/revisions"}],"wp:featuredmedia":[{"embeddable":true,"href":"https:\/\/newsinfoco.com.br\/inicio\/wp-json\/wp\/v2\/media\/10340"}],"wp:attachment":[{"href":"https:\/\/newsinfoco.com.br\/inicio\/wp-json\/wp\/v2\/media?parent=13758"}],"wp:term":[{"taxonomy":"category","embeddable":true,"href":"https:\/\/newsinfoco.com.br\/inicio\/wp-json\/wp\/v2\/categories?post=13758"},{"taxonomy":"post_tag","embeddable":true,"href":"https:\/\/newsinfoco.com.br\/inicio\/wp-json\/wp\/v2\/tags?post=13758"}],"curies":[{"name":"wp","href":"https:\/\/api.w.org\/{rel}","templated":true}]}}