{"id":13775,"date":"2019-02-28T18:37:41","date_gmt":"2019-02-28T21:37:41","guid":{"rendered":"http:\/\/newsinfoco.com.br\/?p=13775"},"modified":"2019-02-28T18:37:41","modified_gmt":"2019-02-28T21:37:41","slug":"secretario-walter-pinheiro-destaca-inovacoes-com-foco-no-social-no-mobile-world-congress-2019","status":"publish","type":"post","link":"https:\/\/newsinfoco.com.br\/inicio\/secretario-walter-pinheiro-destaca-inovacoes-com-foco-no-social-no-mobile-world-congress-2019\/","title":{"rendered":"Secret\u00e1rio Walter Pinheiro destaca inova\u00e7\u00f5es com foco no social no Mobile World Congress 2019"},"content":{"rendered":"<div id=\"gmail-story_text\">\n<div align=\"justify\">\n<div align=\"justify\"><span style=\"color: #333333;\">[sg_popup id=&#8221;11418&#8243; event=&#8221;inherit&#8221;][\/sg_popup]O Mobile World Congress (MWC) 2019, que aconteceu at\u00e9 esta quinta-feira (28), em Barcelona (Espanha), apresentou para o mundo as recentes tecnologias que trazem solu\u00e7\u00f5es e servi\u00e7os inovadores para as mais diversas \u00e1reas. O secret\u00e1rio do Planejamento do Estado da Bahia, Walter Pinheiro, participou deste que \u00e9 o maior evento mundial de tecnologias m\u00f3veis, iniciado na segunda-feira (25).\u00a0<\/span><\/div>\n<div align=\"justify\"><span style=\"color: #333333;\">\u00a0<\/span><\/div>\n<div align=\"justify\"><span style=\"color: #333333;\">&#8220;O mais importante do MWC n\u00e3o \u00e9 o clamor das novas tecnologias e sim como o 5G, por exemplo, pode ajudar na inclus\u00e3o, na acessibilidade dos servi\u00e7os de governo para todos e na resolu\u00e7\u00e3o dos problemas dessa nova sociedade digital que ainda peca pela exclus\u00e3o de parte da popula\u00e7\u00e3o. A apresenta\u00e7\u00e3o de solu\u00e7\u00f5es para a vida das pessoas marca o momento, no mundo, como um novo eixo para aplica\u00e7\u00e3o de sistemas, tal como servi\u00e7os nas cidades para todos os cidad\u00e3os&#8221;, ressaltou Pinheiro.<\/span><\/div>\n<div align=\"justify\"><span style=\"color: #333333;\">\u00a0<\/span><\/div>\n<div align=\"justify\"><span style=\"color: #333333;\">O secret\u00e1rio destacou algumas das \u00e1reas mais importantes para na aplica\u00e7\u00e3o dessas novas tecnologias de forma integrada. &#8220;Sistemas de seguran\u00e7a, reconhecimento facial e registro de presen\u00e7a, an\u00e1lise de imagens, gest\u00e3o de crises, integra\u00e7\u00e3o de sistemas de transportes, uso para agricultura, produtividade e solo, com integra\u00e7\u00e3o de servi\u00e7os, em geral, para os cidad\u00e3os. S\u00e3o tecnologias aplic\u00e1veis na Sa\u00fade, Educa\u00e7\u00e3o, Seguran\u00e7a, Ind\u00fastria, Desenvolvimento Econ\u00f4mico e Social, e que configuram a forma\u00e7\u00e3o de uma nova frente de gera\u00e7\u00e3o de trabalho&#8221;, explicou.<\/span><\/div>\n<div align=\"justify\"><span style=\"color: #333333;\">\u00a0<\/span><\/div>\n<div align=\"justify\"><span style=\"color: #333333;\">Pinheiro integrou a delega\u00e7\u00e3o brasileira, junto com representantes da Associa\u00e7\u00e3o para Promo\u00e7\u00e3o da Excel\u00eancia do Software Brasileiro \u2013 Softex, do Governo Federal, de ag\u00eancias reguladoras e de empresas brasileiras da \u00e1rea de Tecnologia da Informa\u00e7\u00e3o (TIC). O MWC re\u00fane anualmente as mais recentes inova\u00e7\u00f5es e tecnologias de ponta de mais de 2.400 empresas l\u00edderes, com um amplo e representativo programa de confer\u00eancias e semin\u00e1rios. O tema do evento este ano foi &#8220;Conectividade Inteligente&#8221; &#8211; termo usado para descrever a combina\u00e7\u00e3o de redes 5G flex\u00edveis e de alta velocidade, a Internet das Coisas (IoT), intelig\u00eancia artificial (IA) e big data.<\/span><\/div>\n<\/div>\n<\/div>\n<div class='share-to-whatsapp-wrapper'><div class='share-on-whsp'>Share on: <\/div><a data-text='Secret\u00e1rio Walter Pinheiro destaca inova\u00e7\u00f5es com foco no social no Mobile World Congress 2019' data-link='https:\/\/newsinfoco.com.br\/inicio\/secretario-walter-pinheiro-destaca-inovacoes-com-foco-no-social-no-mobile-world-congress-2019\/' class='whatsapp-button whatsapp-share'>WhatsApp<\/a><div class='clear '><\/div><\/div>","protected":false},"excerpt":{"rendered":"<p>[sg_popup id=&#8221;11418&#8243; event=&#8221;inherit&#8221;][\/sg_popup]O Mobile World Congress (MWC) 2019, que aconteceu at\u00e9 esta quinta-feira (28), em Barcelona (Espanha), apresentou para o mundo as recentes tecnologias que trazem solu\u00e7\u00f5es e servi\u00e7os inovadores para as mais diversas \u00e1reas. O secret\u00e1rio do Planejamento do Estado da Bahia, Walter Pinheiro, participou deste que \u00e9 o maior evento mundial de tecnologias [&hellip;]<\/p>\n","protected":false},"author":1,"featured_media":13776,"comment_status":"open","ping_status":"open","sticky":false,"template":"","format":"standard","meta":{"om_disable_all_campaigns":false,"_exactmetrics_skip_tracking":false,"_exactmetrics_sitenote_active":false,"_exactmetrics_sitenote_note":"","_exactmetrics_sitenote_category":0,"footnotes":""},"categories":[19],"tags":[],"class_list":["post-13775","post","type-post","status-publish","format-standard","has-post-thumbnail","hentry","category-bahia"],"aioseo_notices":[],"_links":{"self":[{"href":"https:\/\/newsinfoco.com.br\/inicio\/wp-json\/wp\/v2\/posts\/13775","targetHints":{"allow":["GET"]}}],"collection":[{"href":"https:\/\/newsinfoco.com.br\/inicio\/wp-json\/wp\/v2\/posts"}],"about":[{"href":"https:\/\/newsinfoco.com.br\/inicio\/wp-json\/wp\/v2\/types\/post"}],"author":[{"embeddable":true,"href":"https:\/\/newsinfoco.com.br\/inicio\/wp-json\/wp\/v2\/users\/1"}],"replies":[{"embeddable":true,"href":"https:\/\/newsinfoco.com.br\/inicio\/wp-json\/wp\/v2\/comments?post=13775"}],"version-history":[{"count":0,"href":"https:\/\/newsinfoco.com.br\/inicio\/wp-json\/wp\/v2\/posts\/13775\/revisions"}],"wp:featuredmedia":[{"embeddable":true,"href":"https:\/\/newsinfoco.com.br\/inicio\/wp-json\/wp\/v2\/media\/13776"}],"wp:attachment":[{"href":"https:\/\/newsinfoco.com.br\/inicio\/wp-json\/wp\/v2\/media?parent=13775"}],"wp:term":[{"taxonomy":"category","embeddable":true,"href":"https:\/\/newsinfoco.com.br\/inicio\/wp-json\/wp\/v2\/categories?post=13775"},{"taxonomy":"post_tag","embeddable":true,"href":"https:\/\/newsinfoco.com.br\/inicio\/wp-json\/wp\/v2\/tags?post=13775"}],"curies":[{"name":"wp","href":"https:\/\/api.w.org\/{rel}","templated":true}]}}