{"id":13778,"date":"2019-02-28T19:07:00","date_gmt":"2019-02-28T22:07:00","guid":{"rendered":"http:\/\/newsinfoco.com.br\/?p=13778"},"modified":"2019-02-28T19:07:00","modified_gmt":"2019-02-28T22:07:00","slug":"rui-costa-se-reune-com-nucleo-dirigente-da-rede-escolar-para-alinhar-planejamento-de-acoes","status":"publish","type":"post","link":"https:\/\/newsinfoco.com.br\/inicio\/rui-costa-se-reune-com-nucleo-dirigente-da-rede-escolar-para-alinhar-planejamento-de-acoes\/","title":{"rendered":"Rui Costa se re\u00fane com n\u00facleo dirigente da rede escolar para alinhar planejamento de a\u00e7\u00f5es"},"content":{"rendered":"<p style=\"text-align: justify;\">[sg_popup id=&#8221;11418&#8243; event=&#8221;inherit&#8221;][\/sg_popup]O governador Rui Costa (PT) se reuniu, nesta quinta-feira (28), na Governadoria, com o secret\u00e1rio da Educa\u00e7\u00e3o, Jer\u00f4nimo Rodrigues, e com o n\u00facleo dirigente da rede escolar do Estado, para alinhar o planejamento das a\u00e7\u00f5es concretas para o per\u00edodo 2019-2022.<\/p>\n<p style=\"text-align: justify;\">As a\u00e7\u00f5es incluem melhoria da infraestrutura e fortalecimento do processo de forma\u00e7\u00e3o de professores e coordenadores. Segundo o secret\u00e1rio Jer\u00f4nimo, entre as obras previstas nas unidades escolares est\u00e3o qualifica\u00e7\u00f5es e melhorias que incluem quadras cobertas, piscinas semiol\u00edmpicas, bibliotecas, espa\u00e7os pedag\u00f3gicos, laborat\u00f3rios, audit\u00f3rios, especialmente nas de maior porte. \u201cTamb\u00e9m estamos verificando quais escolas est\u00e3o com aus\u00eancia de professores e coordenadores pedag\u00f3gicos\u201d.<\/p><div class=\"newsi-conteudo_19\" id=\"newsi-614941671\"><a href=\"https:\/\/www.instagram.com\/prefeituraalagoinhas?igsh=YzgzdDJ1bWR3aWI4\" aria-label=\"SAVE_20251006_221555\"><img loading=\"lazy\" decoding=\"async\" src=\"https:\/\/newsinfoco.com.br\/inicio\/wp-content\/uploads\/2025\/10\/SAVE_20251006_221555-rotated.jpg\" alt=\"\"  srcset=\"https:\/\/newsinfoco.com.br\/inicio\/wp-content\/uploads\/2025\/10\/SAVE_20251006_221555-rotated.jpg 1140w, https:\/\/newsinfoco.com.br\/inicio\/wp-content\/uploads\/2025\/10\/SAVE_20251006_221555-300x52.jpg 300w, https:\/\/newsinfoco.com.br\/inicio\/wp-content\/uploads\/2025\/10\/SAVE_20251006_221555-1024x177.jpg 1024w, https:\/\/newsinfoco.com.br\/inicio\/wp-content\/uploads\/2025\/10\/SAVE_20251006_221555-768x133.jpg 768w, https:\/\/newsinfoco.com.br\/inicio\/wp-content\/uploads\/2025\/10\/SAVE_20251006_221555-600x104.jpg 600w, https:\/\/newsinfoco.com.br\/inicio\/wp-content\/uploads\/2025\/10\/SAVE_20251006_221555-696x120.jpg 696w, https:\/\/newsinfoco.com.br\/inicio\/wp-content\/uploads\/2025\/10\/SAVE_20251006_221555-1068x185.jpg 1068w\" sizes=\"(max-width: 1140px) 100vw, 1140px\" width=\"1140\" height=\"197\"   \/><\/a><\/div>\n<p style=\"text-align: justify;\">Jer\u00f4nimo destacou ainda que est\u00e1 sendo iniciada uma a\u00e7\u00e3o firme de forma\u00e7\u00e3o de professores, coordenadores pedag\u00f3gicos, diretores e vices, inclusive dos profissionais que trabalham na alimenta\u00e7\u00e3o escolar e das lideran\u00e7as estudantis. \u201cA ideia \u00e9 que possamos fazer uma grande mobiliza\u00e7\u00e3o no entorno da qualidade da autoestima de todos os envolvidos e da qualidade da aprendizagem dos nossos alunos\u201d.<\/p>\n<p style=\"text-align: justify;\">Jer\u00f4nimo tamb\u00e9m ressaltou que o n\u00famero de Escolas Culturais previsto no atual planejamento, de 120 em todo o estado, deve ser ampliado. \u201cE temos ainda uma demanda colocada pelo governador ao longo dos tempos que \u00e9 o refor\u00e7o e a amplia\u00e7\u00e3o das Escolas Culturais, que foram lan\u00e7adas no governo passado e j\u00e1 s\u00e3o 85 implantadas. Tamb\u00e9m queremos investir nos Jogos Estudantis, junto com uma grande movimenta\u00e7\u00e3o para que a comunidade escolar possa cuidar bem da nossa escola\u201d.<\/p>\n<div class='share-to-whatsapp-wrapper'><div class='share-on-whsp'>Share on: <\/div><a data-text='Rui Costa se re\u00fane com n\u00facleo dirigente da rede escolar para alinhar planejamento de a\u00e7\u00f5es' data-link='https:\/\/newsinfoco.com.br\/inicio\/rui-costa-se-reune-com-nucleo-dirigente-da-rede-escolar-para-alinhar-planejamento-de-acoes\/' class='whatsapp-button whatsapp-share'>WhatsApp<\/a><div class='clear '><\/div><\/div>","protected":false},"excerpt":{"rendered":"<p>[sg_popup id=&#8221;11418&#8243; event=&#8221;inherit&#8221;][\/sg_popup]O governador Rui Costa (PT) se reuniu, nesta quinta-feira (28), na Governadoria, com o secret\u00e1rio da Educa\u00e7\u00e3o, Jer\u00f4nimo Rodrigues, e com o n\u00facleo dirigente da rede escolar do Estado, para alinhar o planejamento das a\u00e7\u00f5es concretas para o per\u00edodo 2019-2022. As a\u00e7\u00f5es incluem melhoria da infraestrutura e fortalecimento do processo de forma\u00e7\u00e3o de [&hellip;]<\/p>\n","protected":false},"author":1,"featured_media":13779,"comment_status":"open","ping_status":"open","sticky":false,"template":"","format":"standard","meta":{"om_disable_all_campaigns":false,"_exactmetrics_skip_tracking":false,"_exactmetrics_sitenote_active":false,"_exactmetrics_sitenote_note":"","_exactmetrics_sitenote_category":0,"footnotes":""},"categories":[19],"tags":[],"class_list":["post-13778","post","type-post","status-publish","format-standard","has-post-thumbnail","hentry","category-bahia"],"aioseo_notices":[],"_links":{"self":[{"href":"https:\/\/newsinfoco.com.br\/inicio\/wp-json\/wp\/v2\/posts\/13778","targetHints":{"allow":["GET"]}}],"collection":[{"href":"https:\/\/newsinfoco.com.br\/inicio\/wp-json\/wp\/v2\/posts"}],"about":[{"href":"https:\/\/newsinfoco.com.br\/inicio\/wp-json\/wp\/v2\/types\/post"}],"author":[{"embeddable":true,"href":"https:\/\/newsinfoco.com.br\/inicio\/wp-json\/wp\/v2\/users\/1"}],"replies":[{"embeddable":true,"href":"https:\/\/newsinfoco.com.br\/inicio\/wp-json\/wp\/v2\/comments?post=13778"}],"version-history":[{"count":0,"href":"https:\/\/newsinfoco.com.br\/inicio\/wp-json\/wp\/v2\/posts\/13778\/revisions"}],"wp:featuredmedia":[{"embeddable":true,"href":"https:\/\/newsinfoco.com.br\/inicio\/wp-json\/wp\/v2\/media\/13779"}],"wp:attachment":[{"href":"https:\/\/newsinfoco.com.br\/inicio\/wp-json\/wp\/v2\/media?parent=13778"}],"wp:term":[{"taxonomy":"category","embeddable":true,"href":"https:\/\/newsinfoco.com.br\/inicio\/wp-json\/wp\/v2\/categories?post=13778"},{"taxonomy":"post_tag","embeddable":true,"href":"https:\/\/newsinfoco.com.br\/inicio\/wp-json\/wp\/v2\/tags?post=13778"}],"curies":[{"name":"wp","href":"https:\/\/api.w.org\/{rel}","templated":true}]}}