{"id":13786,"date":"2019-02-28T19:16:55","date_gmt":"2019-02-28T22:16:55","guid":{"rendered":"http:\/\/newsinfoco.com.br\/?p=13786"},"modified":"2019-02-28T19:16:55","modified_gmt":"2019-02-28T22:16:55","slug":"guaido-diz-que-encontro-com-bolsonaro-marca-relacionamento-positivo","status":"publish","type":"post","link":"https:\/\/newsinfoco.com.br\/inicio\/guaido-diz-que-encontro-com-bolsonaro-marca-relacionamento-positivo\/","title":{"rendered":"Guaid\u00f3 diz que encontro com Bolsonaro marca relacionamento positivo"},"content":{"rendered":"<p style=\"text-align: justify;\">[sg_popup id=&#8221;11418&#8243; event=&#8221;inherit&#8221;][\/sg_popup]Ap\u00f3s cerca de 50 minutos de reuni\u00e3o, o presidente Jair Bolsonaro e o autoproclamado presidente interino da Venezuela, Juan Guaid\u00f3, deram uma declara\u00e7\u00e3o \u00e0 imprensa, no Pal\u00e1cio do Planalto. Guaid\u00f3 agradeceu em nome do povo venezuelano a reuni\u00e3o com Bolsonaro que, segundo ele, marca um rito importante na hist\u00f3ria da regi\u00e3o.<\/p>\n<p style=\"text-align: justify;\">\u201cMarca um relacionamento positivo entre Venezuela, Brasil e a regi\u00e3o ap\u00f3s a c\u00fapula hist\u00f3rica do Grupo de Lima, em Bogot\u00e1\u201d, disse o venezuelano. Ele chegou ao Pal\u00e1cio do Planalto \u00e0s 13h50, acompanhado pelo ministro das Rela\u00e7\u00f5es Exteriores, Ernesto Ara\u00fajo, e passou pelo tapete vermelho estendido em uma das portarias laterais do edif\u00edcio principal. Os Drag\u00f5es da Independ\u00eancia fizeram as honras na entrada.<\/p><div class=\"newsi-conteudo_19\" id=\"newsi-1336356702\"><a href=\"https:\/\/www.instagram.com\/prefeituraalagoinhas?igsh=YzgzdDJ1bWR3aWI4\" aria-label=\"SAVE_20251006_221555\"><img loading=\"lazy\" decoding=\"async\" src=\"https:\/\/newsinfoco.com.br\/inicio\/wp-content\/uploads\/2025\/10\/SAVE_20251006_221555-rotated.jpg\" alt=\"\"  srcset=\"https:\/\/newsinfoco.com.br\/inicio\/wp-content\/uploads\/2025\/10\/SAVE_20251006_221555-rotated.jpg 1140w, https:\/\/newsinfoco.com.br\/inicio\/wp-content\/uploads\/2025\/10\/SAVE_20251006_221555-300x52.jpg 300w, https:\/\/newsinfoco.com.br\/inicio\/wp-content\/uploads\/2025\/10\/SAVE_20251006_221555-1024x177.jpg 1024w, https:\/\/newsinfoco.com.br\/inicio\/wp-content\/uploads\/2025\/10\/SAVE_20251006_221555-768x133.jpg 768w, https:\/\/newsinfoco.com.br\/inicio\/wp-content\/uploads\/2025\/10\/SAVE_20251006_221555-600x104.jpg 600w, https:\/\/newsinfoco.com.br\/inicio\/wp-content\/uploads\/2025\/10\/SAVE_20251006_221555-696x120.jpg 696w, https:\/\/newsinfoco.com.br\/inicio\/wp-content\/uploads\/2025\/10\/SAVE_20251006_221555-1068x185.jpg 1068w\" sizes=\"(max-width: 1140px) 100vw, 1140px\" width=\"1140\" height=\"197\"   \/><\/a><\/div>\n<p style=\"text-align: justify;\">Apesar de o Brasil reconhecer Guaid\u00f3 como presidente interino da Venezuela, o encontro n\u00e3o \u00e9 considerado uma visita de Estado, mas acontece no gabinete de Bolsonaro. O tamb\u00e9m presidente da Assembleia Nacional da Venezuela ainda deve se encontrar com o presidente do Congresso Nacional, senador Davi Alcolumbre (DEM-AP).<\/p>\n<p style=\"text-align: justify;\">Guaid\u00f3 chegou ao Brasil na madrugada desta quinta-feira (28). Por meio de sua conta pessoal no Twitter, ele disse que veio ao Brasil em busca de apoio para a transi\u00e7\u00e3o de governo na Venezuela. Antes do encontro com Bolsonaro, ele esteve com representantes diplom\u00e1ticos de outros pa\u00edses no escrit\u00f3rio da delega\u00e7\u00e3o da Uni\u00e3o Europeia, em Bras\u00edlia.<\/p>\n<p style=\"text-align: justify;\">\u201cEm nosso encontro com os embaixadores dos pa\u00edses da Uni\u00e3o Europeia, continuamos a fortalecer as rela\u00e7\u00f5es com na\u00e7\u00f5es que reconheceram nossos esfor\u00e7os para recuperar a democracia na Venezuela e obter elei\u00e7\u00f5es livres\u201d, escreveu.<\/p>\n<p style=\"text-align: justify;\">\u201cApreciamos o forte apoio internacional dado \u00e0 nossa rota e apoio \u00e0 ajuda humanit\u00e1ria. \u00c9 hora de avan\u00e7ar para conseguir a cessa\u00e7\u00e3o da usurpa\u00e7\u00e3o que por\u00e1 fim \u00e0 crise na Venezuela, recuperar\u00e1 nosso pa\u00eds e estabilizar\u00e1 a regi\u00e3o\u201d, completou. Mais cedo, tamb\u00e9m pelo Twitter, o ministro Ernesto Ara\u00fajo disse que a diplomacia brasileira continua com seu \u201capoio irrevers\u00edvel e incondicional \u00e0 liberta\u00e7\u00e3o\u201d do pa\u00eds vizinho.<\/p>\n<p style=\"text-align: right;\">Agencia Brasil<\/p>\n<div class='share-to-whatsapp-wrapper'><div class='share-on-whsp'>Share on: <\/div><a data-text='Guaid\u00f3 diz que encontro com Bolsonaro marca relacionamento positivo' data-link='https:\/\/newsinfoco.com.br\/inicio\/guaido-diz-que-encontro-com-bolsonaro-marca-relacionamento-positivo\/' class='whatsapp-button whatsapp-share'>WhatsApp<\/a><div class='clear '><\/div><\/div>","protected":false},"excerpt":{"rendered":"<p>[sg_popup id=&#8221;11418&#8243; event=&#8221;inherit&#8221;][\/sg_popup]Ap\u00f3s cerca de 50 minutos de reuni\u00e3o, o presidente Jair Bolsonaro e o autoproclamado presidente interino da Venezuela, Juan Guaid\u00f3, deram uma declara\u00e7\u00e3o \u00e0 imprensa, no Pal\u00e1cio do Planalto. Guaid\u00f3 agradeceu em nome do povo venezuelano a reuni\u00e3o com Bolsonaro que, segundo ele, marca um rito importante na hist\u00f3ria da regi\u00e3o. \u201cMarca um [&hellip;]<\/p>\n","protected":false},"author":1,"featured_media":13787,"comment_status":"open","ping_status":"open","sticky":false,"template":"","format":"standard","meta":{"om_disable_all_campaigns":false,"_exactmetrics_skip_tracking":false,"_exactmetrics_sitenote_active":false,"_exactmetrics_sitenote_note":"","_exactmetrics_sitenote_category":0,"footnotes":""},"categories":[21],"tags":[],"class_list":["post-13786","post","type-post","status-publish","format-standard","has-post-thumbnail","hentry","category-brasil"],"aioseo_notices":[],"_links":{"self":[{"href":"https:\/\/newsinfoco.com.br\/inicio\/wp-json\/wp\/v2\/posts\/13786","targetHints":{"allow":["GET"]}}],"collection":[{"href":"https:\/\/newsinfoco.com.br\/inicio\/wp-json\/wp\/v2\/posts"}],"about":[{"href":"https:\/\/newsinfoco.com.br\/inicio\/wp-json\/wp\/v2\/types\/post"}],"author":[{"embeddable":true,"href":"https:\/\/newsinfoco.com.br\/inicio\/wp-json\/wp\/v2\/users\/1"}],"replies":[{"embeddable":true,"href":"https:\/\/newsinfoco.com.br\/inicio\/wp-json\/wp\/v2\/comments?post=13786"}],"version-history":[{"count":0,"href":"https:\/\/newsinfoco.com.br\/inicio\/wp-json\/wp\/v2\/posts\/13786\/revisions"}],"wp:featuredmedia":[{"embeddable":true,"href":"https:\/\/newsinfoco.com.br\/inicio\/wp-json\/wp\/v2\/media\/13787"}],"wp:attachment":[{"href":"https:\/\/newsinfoco.com.br\/inicio\/wp-json\/wp\/v2\/media?parent=13786"}],"wp:term":[{"taxonomy":"category","embeddable":true,"href":"https:\/\/newsinfoco.com.br\/inicio\/wp-json\/wp\/v2\/categories?post=13786"},{"taxonomy":"post_tag","embeddable":true,"href":"https:\/\/newsinfoco.com.br\/inicio\/wp-json\/wp\/v2\/tags?post=13786"}],"curies":[{"name":"wp","href":"https:\/\/api.w.org\/{rel}","templated":true}]}}