{"id":14318,"date":"2019-03-28T14:29:35","date_gmt":"2019-03-28T17:29:35","guid":{"rendered":"http:\/\/newsinfoco.com.br\/?p=14318"},"modified":"2019-03-28T14:29:35","modified_gmt":"2019-03-28T17:29:35","slug":"bahia-vence-o-atletico-de-alagoinhas-e-garante-vaga-na-final-do-baianao-2019","status":"publish","type":"post","link":"https:\/\/newsinfoco.com.br\/inicio\/bahia-vence-o-atletico-de-alagoinhas-e-garante-vaga-na-final-do-baianao-2019\/","title":{"rendered":"Bahia vence o Atl\u00e9tico de Alagoinhas e garante vaga na final do Baian\u00e3o 2019"},"content":{"rendered":"<p dir=\"auto\" style=\"text-align: justify;\">Mais uma vez prevaleceu a maior qualidade t\u00e9cnica do Bahia que j\u00e1 havia vencido a primeira partida semana passada por 3 tentos a zero sobre o Atl\u00e9tico de Alagoinhas.<\/p>\n<p dir=\"auto\" style=\"text-align: justify;\">Na partida dessa quarta, em Alagoinhas, o Atl\u00e9tico entrou disposto a tentar reverter a vantagem do tricolor baiano. Logo nos primeiros minutos, o time atleticano partiu com tudo para buscar seu primeiro gol, mas acabou sendo prejudicado com a expuls\u00e3o do zagueiro Bremer por uma falta no atacante Fernand\u00e3o do Bahia.<\/p><div class=\"newsi-conteudo_19\" id=\"newsi-2467721512\"><a href=\"https:\/\/www.instagram.com\/prefeituraalagoinhas?igsh=YzgzdDJ1bWR3aWI4\" aria-label=\"SAVE_20251006_221555\"><img loading=\"lazy\" decoding=\"async\" src=\"https:\/\/newsinfoco.com.br\/inicio\/wp-content\/uploads\/2025\/10\/SAVE_20251006_221555-rotated.jpg\" alt=\"\"  srcset=\"https:\/\/newsinfoco.com.br\/inicio\/wp-content\/uploads\/2025\/10\/SAVE_20251006_221555-rotated.jpg 1140w, https:\/\/newsinfoco.com.br\/inicio\/wp-content\/uploads\/2025\/10\/SAVE_20251006_221555-300x52.jpg 300w, https:\/\/newsinfoco.com.br\/inicio\/wp-content\/uploads\/2025\/10\/SAVE_20251006_221555-1024x177.jpg 1024w, https:\/\/newsinfoco.com.br\/inicio\/wp-content\/uploads\/2025\/10\/SAVE_20251006_221555-768x133.jpg 768w, https:\/\/newsinfoco.com.br\/inicio\/wp-content\/uploads\/2025\/10\/SAVE_20251006_221555-600x104.jpg 600w, https:\/\/newsinfoco.com.br\/inicio\/wp-content\/uploads\/2025\/10\/SAVE_20251006_221555-696x120.jpg 696w, https:\/\/newsinfoco.com.br\/inicio\/wp-content\/uploads\/2025\/10\/SAVE_20251006_221555-1068x185.jpg 1068w\" sizes=\"(max-width: 1140px) 100vw, 1140px\" width=\"1140\" height=\"197\"   \/><\/a><\/div>\n<p dir=\"auto\" style=\"text-align: justify;\">Mesmo com um homem a menos o Carcar\u00e1 seguiu com mais disposi\u00e7\u00e3o, mas aos 48 minutos Fernand\u00e3o marcou para os visitantes, Bahia 1&#215;0.<\/p>\n<p dir=\"auto\" style=\"text-align: justify;\">Veio a segunda etapa e o Bahia continuou administrando a vantagem at\u00e9 que Shaylon marcou o segundo do esquadr\u00e3o, Bahia 2&#215;0 Atletico de Alagoinhas.<\/p>\n<p dir=\"auto\" style=\"text-align: justify;\">O Atletico formou e perdeu com: Diego; Edcarlos, Iran, Bremer e Vicentes( Raldinei); Hercules, Guto( Tulio), Sobral e Gabriel Esteves; Peixoto ( Kel Baiano) e Jo\u00e3o Neto.<\/p>\n<div dir=\"auto\">\n<div class=\"gs\">\n<div class=\"\">\n<div id=\":nl\" class=\"a3s aXjCH \">\n<div dir=\"auto\">\n<div dir=\"auto\">Para um publico de 4.506. E uma renda 82.620 reais, o Atl\u00e9tico foi eliminado do Campeonato baiano. Agora o Carcar\u00e1 aguarda a partida entre Bahia de Feira e Vit\u00f3ria da Conquista, caso o Bahia de feira elimine o Vitoria da Conquista, o Atletico de Alagoinhas garante vaga na Copa do Brasil 2020, por ficar na terceira coloca\u00e7\u00e3o na classifica\u00e7\u00e3o geral do campeonato baiano.<\/div>\n<\/div>\n<\/div>\n<div dir=\"auto\">\n<h6 style=\"text-align: right;\">Por Andr\u00e9 Luiz para o News Infoco<\/h6>\n<\/div>\n<div id=\":nl\" class=\"a3s aXjCH \">\n<div class=\"adL\"><\/div>\n<\/div>\n<p class=\"hi\" style=\"text-align: justify;\">\n<\/div>\n<\/div>\n<\/div>\n<div class='share-to-whatsapp-wrapper'><div class='share-on-whsp'>Share on: <\/div><a data-text='Bahia vence o Atl\u00e9tico de Alagoinhas e garante vaga na final do Baian\u00e3o 2019' data-link='https:\/\/newsinfoco.com.br\/inicio\/bahia-vence-o-atletico-de-alagoinhas-e-garante-vaga-na-final-do-baianao-2019\/' class='whatsapp-button whatsapp-share'>WhatsApp<\/a><div class='clear '><\/div><\/div>","protected":false},"excerpt":{"rendered":"<p>Mais uma vez prevaleceu a maior qualidade t\u00e9cnica do Bahia que j\u00e1 havia vencido a primeira partida semana passada por 3 tentos a zero sobre o Atl\u00e9tico de Alagoinhas. Na partida dessa quarta, em Alagoinhas, o Atl\u00e9tico entrou disposto a tentar reverter a vantagem do tricolor baiano. Logo nos primeiros minutos, o time atleticano partiu [&hellip;]<\/p>\n","protected":false},"author":1,"featured_media":14319,"comment_status":"open","ping_status":"open","sticky":false,"template":"","format":"standard","meta":{"om_disable_all_campaigns":false,"_exactmetrics_skip_tracking":false,"_exactmetrics_sitenote_active":false,"_exactmetrics_sitenote_note":"","_exactmetrics_sitenote_category":0,"footnotes":""},"categories":[36],"tags":[],"class_list":["post-14318","post","type-post","status-publish","format-standard","has-post-thumbnail","hentry","category-esporte"],"aioseo_notices":[],"_links":{"self":[{"href":"https:\/\/newsinfoco.com.br\/inicio\/wp-json\/wp\/v2\/posts\/14318","targetHints":{"allow":["GET"]}}],"collection":[{"href":"https:\/\/newsinfoco.com.br\/inicio\/wp-json\/wp\/v2\/posts"}],"about":[{"href":"https:\/\/newsinfoco.com.br\/inicio\/wp-json\/wp\/v2\/types\/post"}],"author":[{"embeddable":true,"href":"https:\/\/newsinfoco.com.br\/inicio\/wp-json\/wp\/v2\/users\/1"}],"replies":[{"embeddable":true,"href":"https:\/\/newsinfoco.com.br\/inicio\/wp-json\/wp\/v2\/comments?post=14318"}],"version-history":[{"count":0,"href":"https:\/\/newsinfoco.com.br\/inicio\/wp-json\/wp\/v2\/posts\/14318\/revisions"}],"wp:featuredmedia":[{"embeddable":true,"href":"https:\/\/newsinfoco.com.br\/inicio\/wp-json\/wp\/v2\/media\/14319"}],"wp:attachment":[{"href":"https:\/\/newsinfoco.com.br\/inicio\/wp-json\/wp\/v2\/media?parent=14318"}],"wp:term":[{"taxonomy":"category","embeddable":true,"href":"https:\/\/newsinfoco.com.br\/inicio\/wp-json\/wp\/v2\/categories?post=14318"},{"taxonomy":"post_tag","embeddable":true,"href":"https:\/\/newsinfoco.com.br\/inicio\/wp-json\/wp\/v2\/tags?post=14318"}],"curies":[{"name":"wp","href":"https:\/\/api.w.org\/{rel}","templated":true}]}}