{"id":14326,"date":"2019-03-30T12:08:35","date_gmt":"2019-03-30T15:08:35","guid":{"rendered":"http:\/\/newsinfoco.com.br\/?p=14326"},"modified":"2019-03-30T12:08:35","modified_gmt":"2019-03-30T15:08:35","slug":"jaques-wagner-perde-prazo-para-se-manifestar-em-acao-de-improbidade-administrativa","status":"publish","type":"post","link":"https:\/\/newsinfoco.com.br\/inicio\/jaques-wagner-perde-prazo-para-se-manifestar-em-acao-de-improbidade-administrativa\/","title":{"rendered":"Jaques Wagner perde prazo para se manifestar em a\u00e7\u00e3o de improbidade administrativa"},"content":{"rendered":"<div class=\"entry-content\">\n<p style=\"text-align: justify;\">O senador Jaques Wagner (PT) perdeu prazo para se manifestar na a\u00e7\u00e3o de improbidade administrativa movida contra ele na 3\u00aa Vara C\u00edvel da Justi\u00e7a Federal de Bras\u00edlia. O caso \u00e9 relativo \u00e0 nomea\u00e7\u00e3o do marido da ex-ministra Ideli Salvatti (PT), o tenente do Ex\u00e9rcito Jeferson Figueiredo, para um cargo do governo brasileiro na Junta Interamericana de Defesa, em Washington.<\/p>\n<p style=\"text-align: justify;\">O ato, considerado irregular, ocorreu em agosto de 2015, quando Wagner era ministro da Defesa. Segundo a coluna Sat\u00e9lite, do jornal Correio*, a defesa do senador deveria apresentar alega\u00e7\u00f5es pr\u00e9vias at\u00e9 o \u00faltimo dia 12. Como n\u00e3o fez, a Justi\u00e7a considerou o prazo decorrido.<\/p><div class=\"newsi-conteudo_19\" id=\"newsi-3101948413\"><a href=\"https:\/\/www.instagram.com\/prefeituraalagoinhas?igsh=YzgzdDJ1bWR3aWI4\" aria-label=\"SAVE_20251006_221555\"><img loading=\"lazy\" decoding=\"async\" src=\"https:\/\/newsinfoco.com.br\/inicio\/wp-content\/uploads\/2025\/10\/SAVE_20251006_221555-rotated.jpg\" alt=\"\"  srcset=\"https:\/\/newsinfoco.com.br\/inicio\/wp-content\/uploads\/2025\/10\/SAVE_20251006_221555-rotated.jpg 1140w, https:\/\/newsinfoco.com.br\/inicio\/wp-content\/uploads\/2025\/10\/SAVE_20251006_221555-300x52.jpg 300w, https:\/\/newsinfoco.com.br\/inicio\/wp-content\/uploads\/2025\/10\/SAVE_20251006_221555-1024x177.jpg 1024w, https:\/\/newsinfoco.com.br\/inicio\/wp-content\/uploads\/2025\/10\/SAVE_20251006_221555-768x133.jpg 768w, https:\/\/newsinfoco.com.br\/inicio\/wp-content\/uploads\/2025\/10\/SAVE_20251006_221555-600x104.jpg 600w, https:\/\/newsinfoco.com.br\/inicio\/wp-content\/uploads\/2025\/10\/SAVE_20251006_221555-696x120.jpg 696w, https:\/\/newsinfoco.com.br\/inicio\/wp-content\/uploads\/2025\/10\/SAVE_20251006_221555-1068x185.jpg 1068w\" sizes=\"(max-width: 1140px) 100vw, 1140px\" width=\"1140\" height=\"197\"   \/><\/a><\/div>\n<\/div>\n<div class=\"social cf\" style=\"text-align: justify;\"><\/div>\n<div class='share-to-whatsapp-wrapper'><div class='share-on-whsp'>Share on: <\/div><a data-text='Jaques Wagner perde prazo para se manifestar em a\u00e7\u00e3o de improbidade administrativa' data-link='https:\/\/newsinfoco.com.br\/inicio\/jaques-wagner-perde-prazo-para-se-manifestar-em-acao-de-improbidade-administrativa\/' class='whatsapp-button whatsapp-share'>WhatsApp<\/a><div class='clear '><\/div><\/div>","protected":false},"excerpt":{"rendered":"<p>O senador Jaques Wagner (PT) perdeu prazo para se manifestar na a\u00e7\u00e3o de improbidade administrativa movida contra ele na 3\u00aa Vara C\u00edvel da Justi\u00e7a Federal de Bras\u00edlia. O caso \u00e9 relativo \u00e0 nomea\u00e7\u00e3o do marido da ex-ministra Ideli Salvatti (PT), o tenente do Ex\u00e9rcito Jeferson Figueiredo, para um cargo do governo brasileiro na Junta Interamericana [&hellip;]<\/p>\n","protected":false},"author":1,"featured_media":4975,"comment_status":"open","ping_status":"open","sticky":false,"template":"","format":"standard","meta":{"om_disable_all_campaigns":false,"_exactmetrics_skip_tracking":false,"_exactmetrics_sitenote_active":false,"_exactmetrics_sitenote_note":"","_exactmetrics_sitenote_category":0,"footnotes":""},"categories":[19,30],"tags":[],"class_list":["post-14326","post","type-post","status-publish","format-standard","has-post-thumbnail","hentry","category-bahia","category-destaque"],"aioseo_notices":[],"_links":{"self":[{"href":"https:\/\/newsinfoco.com.br\/inicio\/wp-json\/wp\/v2\/posts\/14326","targetHints":{"allow":["GET"]}}],"collection":[{"href":"https:\/\/newsinfoco.com.br\/inicio\/wp-json\/wp\/v2\/posts"}],"about":[{"href":"https:\/\/newsinfoco.com.br\/inicio\/wp-json\/wp\/v2\/types\/post"}],"author":[{"embeddable":true,"href":"https:\/\/newsinfoco.com.br\/inicio\/wp-json\/wp\/v2\/users\/1"}],"replies":[{"embeddable":true,"href":"https:\/\/newsinfoco.com.br\/inicio\/wp-json\/wp\/v2\/comments?post=14326"}],"version-history":[{"count":0,"href":"https:\/\/newsinfoco.com.br\/inicio\/wp-json\/wp\/v2\/posts\/14326\/revisions"}],"wp:featuredmedia":[{"embeddable":true,"href":"https:\/\/newsinfoco.com.br\/inicio\/wp-json\/wp\/v2\/media\/4975"}],"wp:attachment":[{"href":"https:\/\/newsinfoco.com.br\/inicio\/wp-json\/wp\/v2\/media?parent=14326"}],"wp:term":[{"taxonomy":"category","embeddable":true,"href":"https:\/\/newsinfoco.com.br\/inicio\/wp-json\/wp\/v2\/categories?post=14326"},{"taxonomy":"post_tag","embeddable":true,"href":"https:\/\/newsinfoco.com.br\/inicio\/wp-json\/wp\/v2\/tags?post=14326"}],"curies":[{"name":"wp","href":"https:\/\/api.w.org\/{rel}","templated":true}]}}