{"id":14329,"date":"2019-03-30T12:15:45","date_gmt":"2019-03-30T15:15:45","guid":{"rendered":"http:\/\/newsinfoco.com.br\/?p=14329"},"modified":"2019-03-30T12:15:45","modified_gmt":"2019-03-30T15:15:45","slug":"pecs-na-camara-mantem-pressao-sobre-o-planalto-apos-semana-de-atritos","status":"publish","type":"post","link":"https:\/\/newsinfoco.com.br\/inicio\/pecs-na-camara-mantem-pressao-sobre-o-planalto-apos-semana-de-atritos\/","title":{"rendered":"PECs na C\u00e2mara mant\u00eam press\u00e3o sobre o Planalto ap\u00f3s semana de atritos"},"content":{"rendered":"<p style=\"text-align: justify;\">Quatro dias ap\u00f3s aprovarem uma Proposta de Emenda \u00e0 Constitui\u00e7\u00e3o (PEC) que engessa o Or\u00e7amento, deputados amea\u00e7am lan\u00e7ar novo cap\u00edtulo do \u201cpacote de maldades\u201d para emparedar o governo. Descrentes do discurso de \u201cpacifica\u00e7\u00e3o\u201d feito pelo presidente Jair Bolsonaro, l\u00edderes de partidos querem dar mais um susto no Pal\u00e1cio do Planalto, caso voltem a ser atacados.<\/p>\n<p style=\"text-align: justify;\">A ideia \u00e9 tirar \u201cesqueletos do arm\u00e1rio\u201d e diminuir o poder de Bolsonaro para editar medidas provis\u00f3rias, al\u00e9m de impor ao governo limites mais r\u00edgidos sobre o bloqueio de verbas or\u00e7ament\u00e1rias.<\/p><div class=\"newsi-conteudo_19\" id=\"newsi-604387638\"><a href=\"https:\/\/www.instagram.com\/prefeituraalagoinhas?igsh=YzgzdDJ1bWR3aWI4\" aria-label=\"SAVE_20251006_221555\"><img loading=\"lazy\" decoding=\"async\" src=\"https:\/\/newsinfoco.com.br\/inicio\/wp-content\/uploads\/2025\/10\/SAVE_20251006_221555-rotated.jpg\" alt=\"\"  srcset=\"https:\/\/newsinfoco.com.br\/inicio\/wp-content\/uploads\/2025\/10\/SAVE_20251006_221555-rotated.jpg 1140w, https:\/\/newsinfoco.com.br\/inicio\/wp-content\/uploads\/2025\/10\/SAVE_20251006_221555-300x52.jpg 300w, https:\/\/newsinfoco.com.br\/inicio\/wp-content\/uploads\/2025\/10\/SAVE_20251006_221555-1024x177.jpg 1024w, https:\/\/newsinfoco.com.br\/inicio\/wp-content\/uploads\/2025\/10\/SAVE_20251006_221555-768x133.jpg 768w, https:\/\/newsinfoco.com.br\/inicio\/wp-content\/uploads\/2025\/10\/SAVE_20251006_221555-600x104.jpg 600w, https:\/\/newsinfoco.com.br\/inicio\/wp-content\/uploads\/2025\/10\/SAVE_20251006_221555-696x120.jpg 696w, https:\/\/newsinfoco.com.br\/inicio\/wp-content\/uploads\/2025\/10\/SAVE_20251006_221555-1068x185.jpg 1068w\" sizes=\"(max-width: 1140px) 100vw, 1140px\" width=\"1140\" height=\"197\"   \/><\/a><\/div>\n<p style=\"text-align: justify;\">Embora Bolsonaro tenha prometido se reunir a partir da pr\u00f3xima quinta-feira, 4, quando retornar da viagem a Israel, com presidentes de partidos que apoiaram sua elei\u00e7\u00e3o, deputados n\u00e3o esperam muito dessas conversas. Nos bastidores, muitos dizem que ele jogou a opini\u00e3o p\u00fablica contra o Congresso ao criar uma disputa entre a \u201cvelha pol\u00edtica\u201d e a \u201cnova pol\u00edtica\u201d e n\u00e3o acreditam na ret\u00f3rica da \u201cp\u00e1gina virada\u201d.<\/p>\n<p style=\"text-align: justify;\">Al\u00e9m da nova ofensiva na dire\u00e7\u00e3o do Planalto, a depender do \u201ccomportamento\u201d do presidente, o plano de siglas como DEM, PP, PR, PRB e Solidariedade \u2013 que formam o Centr\u00e3o \u2013 tamb\u00e9m prev\u00ea uma defesa mais enf\u00e1tica do presidente da C\u00e2mara, Rodrigo Maia (DEM-RJ), para mostrar que suas a\u00e7\u00f5es t\u00eam o respaldo dos parlamentares.<\/p>\n<p style=\"text-align: justify;\">Uma das PECs que os deputados querem ressuscitar \u00e9 de 2011. Foi apresentada pelo ent\u00e3o senador Jos\u00e9 Sarney (MDB-AP) e j\u00e1 passou por todas as comiss\u00f5es, estando pronta para ir ao plen\u00e1rio da C\u00e2mara. O texto fixa novos prazos de aprecia\u00e7\u00e3o pelo Congresso das medidas provis\u00f3rias, que hoje t\u00eam 120 dias para serem aprovadas nas duas Casas Legislativas. As MPs s\u00e3o instrumentos com for\u00e7a de lei. Em tese, devem ser adotadas pelo presidente apenas em casos de \u201crelev\u00e2ncia e urg\u00eancia\u201d, mas, na pr\u00e1tica, viraram rotina na administra\u00e7\u00e3o. Deputados pedem que Maia ponha a proposta na pauta porque querem reduzir a margem de manobra de Bolsonaro na edi\u00e7\u00e3o de MPs \u2013 em menos de cem dias de governo, por exemplo, ele j\u00e1 enviou nove ao Congresso.<\/p>\n<p style=\"text-align: justify;\">O presidente da C\u00e2mara, por\u00e9m, resiste \u00e0 press\u00e3o. \u201cIsso n\u00e3o est\u00e1 na minha agenda\u201d, disse Maia ao Estado. Nesta quinta-feira, 28, depois de v\u00e1rios dias de embate p\u00fablico por causa da vota\u00e7\u00e3o da proposta de reforma da Previd\u00eancia, Bolsonaro e Maia anunciaram uma tr\u00e9gua. Mesmo assim, l\u00edderes de partidos tamb\u00e9m pretendem desengavetar uma PEC de 2000, apresentada pelo senador Antonio Carlos Magalh\u00e3es, morto em 2007, que exige explica\u00e7\u00f5es do presidente ao Congresso em caso de contingenciamento de despesas. O pente-fino nos projetos foi feito por interlocutores de Maia, dentro e fora da C\u00e2mara.<\/p>\n<p style=\"text-align: justify;\">As amea\u00e7as de vota\u00e7\u00e3o servem como recado de que o Congresso tem muni\u00e7\u00e3o suficiente para fazer o contra-ataque a Bolsonaro, mas somente devem ser levadas ao plen\u00e1rio caso ele volte a tumultuar o ambiente pol\u00edtico, atrapalhando a aprova\u00e7\u00e3o da reforma da Previd\u00eancia. \u201cO momento \u00e9 de ter serenidade e boa-f\u00e9. Antes de mais nada, vamos aguardar o bom senso do presidente, que tem a delega\u00e7\u00e3o do povo para conduzir o Pa\u00eds\u201d, afirmou o deputado Aguinaldo Ribeiro (PP-PB), l\u00edder da Maioria na C\u00e2mara.<\/p>\n<p style=\"text-align: justify;\">\u201cO governo nos procurou, escutou as nossas preces, passou a dialogar e assumiu os erros da reforma da Previd\u00eancia. Tinha de nos dar a faca para cortar esse abacaxi e deu. Agora, n\u00e3o acreditamos que Maia permitir\u00e1 qualquer retalia\u00e7\u00e3o\u201d, disse o deputado Delegado Waldir (GO), l\u00edder da bancada do PSL, partido de Bolsonaro.<\/p>\n<p style=\"text-align: justify;\">Em uma estrat\u00e9gia para se contrapor \u00e0 C\u00e2mara, que tem imposto derrotas ao governo, um grupo de senadores experientes combinou de segurar \u201cpautas-bomba\u201d aprovadas por deputados e trabalhar por mudan\u00e7as na aposentadoria. Nesta quinta-feira, em um encontro que reuniu o presidente do Senado, Davi Alcolumbre (DEM-AP), e seus colegas Tasso Jereissati (PSDB-CE), Simone Tebet (MDB-MS), Jos\u00e9 Serra (PSDB-SP) e Antonio Anastasia (PSDB-MG), a avalia\u00e7\u00e3o foi a de que a articula\u00e7\u00e3o do governo \u00e9 \u201cca\u00f3tica\u201d e, diante da crise, todos precisam ajudar a distensionar as rela\u00e7\u00f5es.<\/p>\n<p style=\"text-align: justify;\">Alcolumbre foi alertado de que a defesa feita por alguns senadores em rela\u00e7\u00e3o \u00e0 proposta de impeachment de ministros do Supremo Tribunal Federal (STF) e tamb\u00e9m o apoio a uma CPI da Lava Toga \u2013 j\u00e1 enterrada duas vezes \u2013 criam um conflito desnecess\u00e1rio. \u201cOs \u00e2nimos est\u00e3o acirrados, mas n\u00e3o podemos cometer erros. O Senado \u00e9 a Casa da modera\u00e7\u00e3o e temos de atuar sempre como bombeiros\u201d, argumentou Simone.<\/p>\n<h6 style=\"text-align: right;\">Estadao<\/h6>\n<div class='share-to-whatsapp-wrapper'><div class='share-on-whsp'>Share on: <\/div><a data-text='PECs na C\u00e2mara mant\u00eam press\u00e3o sobre o Planalto ap\u00f3s semana de atritos' data-link='https:\/\/newsinfoco.com.br\/inicio\/pecs-na-camara-mantem-pressao-sobre-o-planalto-apos-semana-de-atritos\/' class='whatsapp-button whatsapp-share'>WhatsApp<\/a><div class='clear '><\/div><\/div>","protected":false},"excerpt":{"rendered":"<p>Quatro dias ap\u00f3s aprovarem uma Proposta de Emenda \u00e0 Constitui\u00e7\u00e3o (PEC) que engessa o Or\u00e7amento, deputados amea\u00e7am lan\u00e7ar novo cap\u00edtulo do \u201cpacote de maldades\u201d para emparedar o governo. Descrentes do discurso de \u201cpacifica\u00e7\u00e3o\u201d feito pelo presidente Jair Bolsonaro, l\u00edderes de partidos querem dar mais um susto no Pal\u00e1cio do Planalto, caso voltem a ser atacados. [&hellip;]<\/p>\n","protected":false},"author":1,"featured_media":11966,"comment_status":"open","ping_status":"open","sticky":false,"template":"","format":"standard","meta":{"om_disable_all_campaigns":false,"_exactmetrics_skip_tracking":false,"_exactmetrics_sitenote_active":false,"_exactmetrics_sitenote_note":"","_exactmetrics_sitenote_category":0,"footnotes":""},"categories":[21,30],"tags":[],"class_list":["post-14329","post","type-post","status-publish","format-standard","has-post-thumbnail","hentry","category-brasil","category-destaque"],"aioseo_notices":[],"_links":{"self":[{"href":"https:\/\/newsinfoco.com.br\/inicio\/wp-json\/wp\/v2\/posts\/14329","targetHints":{"allow":["GET"]}}],"collection":[{"href":"https:\/\/newsinfoco.com.br\/inicio\/wp-json\/wp\/v2\/posts"}],"about":[{"href":"https:\/\/newsinfoco.com.br\/inicio\/wp-json\/wp\/v2\/types\/post"}],"author":[{"embeddable":true,"href":"https:\/\/newsinfoco.com.br\/inicio\/wp-json\/wp\/v2\/users\/1"}],"replies":[{"embeddable":true,"href":"https:\/\/newsinfoco.com.br\/inicio\/wp-json\/wp\/v2\/comments?post=14329"}],"version-history":[{"count":0,"href":"https:\/\/newsinfoco.com.br\/inicio\/wp-json\/wp\/v2\/posts\/14329\/revisions"}],"wp:featuredmedia":[{"embeddable":true,"href":"https:\/\/newsinfoco.com.br\/inicio\/wp-json\/wp\/v2\/media\/11966"}],"wp:attachment":[{"href":"https:\/\/newsinfoco.com.br\/inicio\/wp-json\/wp\/v2\/media?parent=14329"}],"wp:term":[{"taxonomy":"category","embeddable":true,"href":"https:\/\/newsinfoco.com.br\/inicio\/wp-json\/wp\/v2\/categories?post=14329"},{"taxonomy":"post_tag","embeddable":true,"href":"https:\/\/newsinfoco.com.br\/inicio\/wp-json\/wp\/v2\/tags?post=14329"}],"curies":[{"name":"wp","href":"https:\/\/api.w.org\/{rel}","templated":true}]}}