{"id":14334,"date":"2019-03-30T12:35:21","date_gmt":"2019-03-30T15:35:21","guid":{"rendered":"http:\/\/newsinfoco.com.br\/?p=14334"},"modified":"2019-03-30T12:35:21","modified_gmt":"2019-03-30T15:35:21","slug":"exercito-segue-orientacao-de-bolsonaro-e-faz-atos-pro-64-justica-veta-solenidade","status":"publish","type":"post","link":"https:\/\/newsinfoco.com.br\/inicio\/exercito-segue-orientacao-de-bolsonaro-e-faz-atos-pro-64-justica-veta-solenidade\/","title":{"rendered":"Ex\u00e9rcito segue orienta\u00e7\u00e3o de Bolsonaro e faz atos pr\u00f3-64; Justi\u00e7a veta solenidade"},"content":{"rendered":"<p style=\"text-align: justify;\">Cumprindo o que recomendou o presidente da Rep\u00fablica, Jair Bolsonaro, o Ex\u00e9rcito realizou nesta sexta-feira, 29, no Comando Militar do Planalto, em Bras\u00edlia, cerim\u00f4nia para relembrar o anivers\u00e1rio de 55 anos do golpe militar que derrubou o presidente Jo\u00e3o Goulart, em 31 de mar\u00e7o de 1964.<\/p>\n<p style=\"text-align: justify;\">Na solenidade, que contou com a presen\u00e7a do comandante da For\u00e7a, general Edson Leal Pujol, o epis\u00f3dio foi tratado como \u201cmovimento c\u00edvico-militar\u201d. Conforme revelou o Estado, Bolsonaro orientou os quart\u00e9is a celebrarem a data hist\u00f3rica, que havia sido retirada do calend\u00e1rio de comemora\u00e7\u00f5es das For\u00e7as Armadas desde 2011, no governo de Dilma Rousseff. Os oito comandos do Ex\u00e9rcito realizaram cerim\u00f4nias \u2013 dois deles na quinta-feira, 29, (Sul e Sudeste) e seis nesta sexta-feira, 29. Horas depois de encerrada as celebra\u00e7\u00f5es nos grandes comandos de \u00e1rea, uma decis\u00e3o da Justi\u00e7a Federal proibiu as comemora\u00e7\u00f5es.<\/p><div class=\"newsi-conteudo_19\" id=\"newsi-373309627\"><a href=\"https:\/\/www.instagram.com\/prefeituraalagoinhas?igsh=YzgzdDJ1bWR3aWI4\" aria-label=\"SAVE_20251006_221555\"><img loading=\"lazy\" decoding=\"async\" src=\"https:\/\/newsinfoco.com.br\/inicio\/wp-content\/uploads\/2025\/10\/SAVE_20251006_221555-rotated.jpg\" alt=\"\"  srcset=\"https:\/\/newsinfoco.com.br\/inicio\/wp-content\/uploads\/2025\/10\/SAVE_20251006_221555-rotated.jpg 1140w, https:\/\/newsinfoco.com.br\/inicio\/wp-content\/uploads\/2025\/10\/SAVE_20251006_221555-300x52.jpg 300w, https:\/\/newsinfoco.com.br\/inicio\/wp-content\/uploads\/2025\/10\/SAVE_20251006_221555-1024x177.jpg 1024w, https:\/\/newsinfoco.com.br\/inicio\/wp-content\/uploads\/2025\/10\/SAVE_20251006_221555-768x133.jpg 768w, https:\/\/newsinfoco.com.br\/inicio\/wp-content\/uploads\/2025\/10\/SAVE_20251006_221555-600x104.jpg 600w, https:\/\/newsinfoco.com.br\/inicio\/wp-content\/uploads\/2025\/10\/SAVE_20251006_221555-696x120.jpg 696w, https:\/\/newsinfoco.com.br\/inicio\/wp-content\/uploads\/2025\/10\/SAVE_20251006_221555-1068x185.jpg 1068w\" sizes=\"(max-width: 1140px) 100vw, 1140px\" width=\"1140\" height=\"197\"   \/><\/a><\/div>\n<p style=\"text-align: justify;\">O ato no Comando Militar do Planalto durou menos de uma hora, a exemplo do que ocorrera um dia antes em S\u00e3o Paulo. Al\u00e9m de desfile de apresenta\u00e7\u00e3o das tropas e do Hino Nacional, ele teve a leitura do texto da Ordem do Dia, unificado em todos os quart\u00e9is tamb\u00e9m por ordem do presidente. Bolsonaro n\u00e3o foi ao evento, mas participou ontem do hasteamento da bandeira no Pal\u00e1cio do Alvorada, e publicou um v\u00eddeo que registra esse momento em sua conta no Twitter. Questionado se a participa\u00e7\u00e3o do presidente no hasteamento da bandeira foi uma alus\u00e3o a 1964, o porta-voz da Presid\u00eancia, general R\u00eago Barros, respondeu conclamando a todos que fa\u00e7am o mesmo uma vez por semana. \u201cGostaria muito que toda a sociedade tivesse a disponibilidade e o patriotismo de prostrar-se diante da bandeira ao menos uma vez por semana para caracterizar, por meio desse gesto, o seu apre\u00e7o \u00e0 soberania que essa bandeira representa\u201d, disse.<\/p>\n<p style=\"text-align: justify;\">Horas depois de encerrada a solenidade no Comando Militar do Planalto, a ju\u00edza Ivani Silva da Luz, da 6\u00aa Vara da Justi\u00e7a Federal em Bras\u00edlia, decidiu ontem proibir os atos de comemora\u00e7\u00e3o do anivers\u00e1rio de 55 anos do golpe. Em decis\u00e3o liminar, a ju\u00edza atendeu a um pedido apresentado pela Defensoria P\u00fablica da Uni\u00e3o (DPU), e afirmou que o ato impugnado contraria o princ\u00edpio da legalidade previsto na Constitui\u00e7\u00e3o, uma vez que a legisla\u00e7\u00e3o estabelece que a proposi\u00e7\u00e3o de data comemorativa deve estar prevista em lei.<\/p>\n<p style=\"text-align: justify;\">\u201cDefiro o pedido de tutela de urg\u00eancia para determinar \u00e0 Uni\u00e3o que se abstenha da Ordem do Dia alusiva ao 31 de mar\u00e7o de 1964, prevista pelo ministro da Defesa Defesa e comandantes do Ex\u00e9rcito, Marinha e Aeron\u00e1utica\u201d, decidiu.<\/p>\n<p style=\"text-align: justify;\">Durante a semana, a Procuradoria Federal dos Direitos do Cidad\u00e3o (PFDC), do MPF, j\u00e1 havia divulgado recomenda\u00e7\u00e3o para que estruturas p\u00fablicas n\u00e3o fossem usadas para \u201cdefender e celebrar crimes constitucionais e internacionais\u201d, pois poderia caracterizar ato de improbidade administrativa. Para os procuradores, a transgress\u00e3o ocorre porque a comemora\u00e7\u00e3o do golpe \u201catenta contra os mais b\u00e1sicos princ\u00edpios da administra\u00e7\u00e3o p\u00fablica\u201d.<\/p>\n<p style=\"text-align: justify;\">O Instituto Herzog e a Ordem dos Advogados do Brasil enviaram \u00e0 Organiza\u00e7\u00e3o das Na\u00e7\u00f5es Unidas uma den\u00fancia contra Bolsonaro. O documento diz que o presidente e outros membros do governo tentam \u201cmodificar a narrativa hist\u00f3rica do golpe que instaurou uma ditadura militar\u201d. O documento lido pelos militares nos quart\u00e9is caracteriza o 31 de Mar\u00e7o como um \u201cepis\u00f3dio simb\u00f3lico\u201d. Diz que o golpe interrompeu \u201ca escalada em dire\u00e7\u00e3o ao totalitarismo\u201d. \u201cAs For\u00e7as Armadas, atendendo ao clamor da ampla maioria da popula\u00e7\u00e3o e da imprensa brasileira, assumiram o papel de estabiliza\u00e7\u00e3o daquele processo\u201d.<\/p>\n<h6 style=\"text-align: right;\">Estadao<\/h6>\n<div class='share-to-whatsapp-wrapper'><div class='share-on-whsp'>Share on: <\/div><a data-text='Ex\u00e9rcito segue orienta\u00e7\u00e3o de Bolsonaro e faz atos pr\u00f3-64; Justi\u00e7a veta solenidade' data-link='https:\/\/newsinfoco.com.br\/inicio\/exercito-segue-orientacao-de-bolsonaro-e-faz-atos-pro-64-justica-veta-solenidade\/' class='whatsapp-button whatsapp-share'>WhatsApp<\/a><div class='clear '><\/div><\/div>","protected":false},"excerpt":{"rendered":"<p>Cumprindo o que recomendou o presidente da Rep\u00fablica, Jair Bolsonaro, o Ex\u00e9rcito realizou nesta sexta-feira, 29, no Comando Militar do Planalto, em Bras\u00edlia, cerim\u00f4nia para relembrar o anivers\u00e1rio de 55 anos do golpe militar que derrubou o presidente Jo\u00e3o Goulart, em 31 de mar\u00e7o de 1964. Na solenidade, que contou com a presen\u00e7a do comandante [&hellip;]<\/p>\n","protected":false},"author":1,"featured_media":14335,"comment_status":"open","ping_status":"open","sticky":false,"template":"","format":"standard","meta":{"om_disable_all_campaigns":false,"_exactmetrics_skip_tracking":false,"_exactmetrics_sitenote_active":false,"_exactmetrics_sitenote_note":"","_exactmetrics_sitenote_category":0,"footnotes":""},"categories":[21,30],"tags":[],"class_list":["post-14334","post","type-post","status-publish","format-standard","has-post-thumbnail","hentry","category-brasil","category-destaque"],"aioseo_notices":[],"_links":{"self":[{"href":"https:\/\/newsinfoco.com.br\/inicio\/wp-json\/wp\/v2\/posts\/14334","targetHints":{"allow":["GET"]}}],"collection":[{"href":"https:\/\/newsinfoco.com.br\/inicio\/wp-json\/wp\/v2\/posts"}],"about":[{"href":"https:\/\/newsinfoco.com.br\/inicio\/wp-json\/wp\/v2\/types\/post"}],"author":[{"embeddable":true,"href":"https:\/\/newsinfoco.com.br\/inicio\/wp-json\/wp\/v2\/users\/1"}],"replies":[{"embeddable":true,"href":"https:\/\/newsinfoco.com.br\/inicio\/wp-json\/wp\/v2\/comments?post=14334"}],"version-history":[{"count":0,"href":"https:\/\/newsinfoco.com.br\/inicio\/wp-json\/wp\/v2\/posts\/14334\/revisions"}],"wp:featuredmedia":[{"embeddable":true,"href":"https:\/\/newsinfoco.com.br\/inicio\/wp-json\/wp\/v2\/media\/14335"}],"wp:attachment":[{"href":"https:\/\/newsinfoco.com.br\/inicio\/wp-json\/wp\/v2\/media?parent=14334"}],"wp:term":[{"taxonomy":"category","embeddable":true,"href":"https:\/\/newsinfoco.com.br\/inicio\/wp-json\/wp\/v2\/categories?post=14334"},{"taxonomy":"post_tag","embeddable":true,"href":"https:\/\/newsinfoco.com.br\/inicio\/wp-json\/wp\/v2\/tags?post=14334"}],"curies":[{"name":"wp","href":"https:\/\/api.w.org\/{rel}","templated":true}]}}