{"id":14340,"date":"2019-03-30T12:49:25","date_gmt":"2019-03-30T15:49:25","guid":{"rendered":"http:\/\/newsinfoco.com.br\/?p=14340"},"modified":"2019-03-30T12:49:25","modified_gmt":"2019-03-30T15:49:25","slug":"bloqueio-de-r-36-bi-do-orcamento-atinge-emendas-e-parlamentares-veem-retaliacao","status":"publish","type":"post","link":"https:\/\/newsinfoco.com.br\/inicio\/bloqueio-de-r-36-bi-do-orcamento-atinge-emendas-e-parlamentares-veem-retaliacao\/","title":{"rendered":"Bloqueio de R$ 36 bi do Or\u00e7amento atinge emendas e parlamentares veem retalia\u00e7\u00e3o"},"content":{"rendered":"<p style=\"text-align: justify;\">No desfecho de uma semana marcada por atritos entre o Pal\u00e1cio do Planalto e o Congresso Nacional, o presidente Jair Bolsonaro editou decreto que bloqueia quase R$ 3 bilh\u00f5es nas emendas parlamentares, um dos principais instrumentos de negocia\u00e7\u00e3o pol\u00edtica do governo com os congressistas.<\/p>\n<p style=\"text-align: justify;\">A medida contraria a promessa do ministro-chefe da Casa Civil, Onyx Lorenzoni, de blindar as emendas de qualquer tesourada no Or\u00e7amento e j\u00e1 realimenta promessas de retalia\u00e7\u00e3o de parlamentares nas vota\u00e7\u00f5es no Legislativo. O corte faz parte do contingenciamento de R$ 29,8 bilh\u00f5es do Or\u00e7amento, decis\u00e3o preventiva para assegurar o cumprimento da meta fiscal para 2019, diante da frustra\u00e7\u00e3o de receitas esperadas para o ano. No decreto publicado ontem, o aperto inicial foi maior, de R$ 36 bilh\u00f5es, para contemplar uma reserva que ser\u00e1 usada para dar f\u00f4lego a \u00f3rg\u00e3os que precisem de mais dinheiro nos pr\u00f3ximos meses.<\/p><div class=\"newsi-conteudo_19\" id=\"newsi-981399868\"><a href=\"https:\/\/www.instagram.com\/prefeituraalagoinhas?igsh=YzgzdDJ1bWR3aWI4\" aria-label=\"SAVE_20251006_221555\"><img loading=\"lazy\" decoding=\"async\" src=\"https:\/\/newsinfoco.com.br\/inicio\/wp-content\/uploads\/2025\/10\/SAVE_20251006_221555-rotated.jpg\" alt=\"\"  srcset=\"https:\/\/newsinfoco.com.br\/inicio\/wp-content\/uploads\/2025\/10\/SAVE_20251006_221555-rotated.jpg 1140w, https:\/\/newsinfoco.com.br\/inicio\/wp-content\/uploads\/2025\/10\/SAVE_20251006_221555-300x52.jpg 300w, https:\/\/newsinfoco.com.br\/inicio\/wp-content\/uploads\/2025\/10\/SAVE_20251006_221555-1024x177.jpg 1024w, https:\/\/newsinfoco.com.br\/inicio\/wp-content\/uploads\/2025\/10\/SAVE_20251006_221555-768x133.jpg 768w, https:\/\/newsinfoco.com.br\/inicio\/wp-content\/uploads\/2025\/10\/SAVE_20251006_221555-600x104.jpg 600w, https:\/\/newsinfoco.com.br\/inicio\/wp-content\/uploads\/2025\/10\/SAVE_20251006_221555-696x120.jpg 696w, https:\/\/newsinfoco.com.br\/inicio\/wp-content\/uploads\/2025\/10\/SAVE_20251006_221555-1068x185.jpg 1068w\" sizes=\"(max-width: 1140px) 100vw, 1140px\" width=\"1140\" height=\"197\"   \/><\/a><\/div>\n<p style=\"text-align: justify;\">Educa\u00e7\u00e3o e Defesa foram as \u00e1reas mais atingidas. As emendas s\u00e3o usadas pelos deputados e senadores para destinar recursos a obras e projetos em suas bases eleitorais. Por serem impositivas, sua execu\u00e7\u00e3o \u00e9 obrigat\u00f3ria pelo governo. Quando h\u00e1 necessidade de contingenciar recursos para cumprir a meta fiscal, por\u00e9m a equipe econ\u00f4mica tem respaldo legal para bloquear as emendas na mesma propor\u00e7\u00e3o do corte. Com isso, o valor pass\u00edvel de destina\u00e7\u00e3o \u00e0s emendas caiu de R$ 13,7 bilh\u00f5es para R$ 10,8 bilh\u00f5es, segundo o decreto. S\u00e3o R$ 7,2 bilh\u00f5es liberados para emendas individuais e R$ 3,6 bilh\u00f5es para emendas de bancada. L\u00edderes ouvidos reservadamente pela reportagem interpretaram a medida como uma retalia\u00e7\u00e3o do governo \u00e0 aprova\u00e7\u00e3o, na C\u00e2mara dos Deputados, de uma proposta que engessa ainda mais o Or\u00e7amento, ao carimbar uma fatia maior de recursos para emendas de bancada.<\/p>\n<p style=\"text-align: justify;\">Diante da surpresa, o bloqueio deve ser tema de discuss\u00e3o na reuni\u00e3o de l\u00edderes no in\u00edcio da semana que vem. Para o l\u00edder do Solidariedade na C\u00e2mara, Augusto Coutinho (PE), \u00e9 preciso entender os motivos que levaram o governo a incluir as emendas no contingenciamento: \u201cO contingenciamento \u00e9 uma prerrogativa do Executivo, mas desde que seja muito bem fundamentada\u201d, disse. Questionado sobre a possibilidade de retalia\u00e7\u00e3o, afirmou que \u201cmuitos podem acabar interpretando assim\u201d. \u201cVamos esperar as explica\u00e7\u00f5es\u201d, disse. A Casa Civil informou ao Estad\u00e3o\/Broadcast, plataforma de not\u00edcias em tempo real do Grupo Estado, que se trata de uma \u201csitua\u00e7\u00e3o normal\u201d. \u201cTodo governo faz, \u00e9 uma adequa\u00e7\u00e3o \u00e0 arrecada\u00e7\u00e3o. O governo vai fazer todo o esfor\u00e7o para que as emendas sejam pagas conforme o previsto (na programa\u00e7\u00e3o original)\u201d, informou a pasta, por meio de nota.<\/p>\n<p style=\"text-align: justify;\">As informa\u00e7\u00f5es s\u00e3o do jornal O Estado de S. Paulo.<\/p>\n<div class='share-to-whatsapp-wrapper'><div class='share-on-whsp'>Share on: <\/div><a data-text='Bloqueio de R$ 36 bi do Or\u00e7amento atinge emendas e parlamentares veem retalia\u00e7\u00e3o' data-link='https:\/\/newsinfoco.com.br\/inicio\/bloqueio-de-r-36-bi-do-orcamento-atinge-emendas-e-parlamentares-veem-retaliacao\/' class='whatsapp-button whatsapp-share'>WhatsApp<\/a><div class='clear '><\/div><\/div>","protected":false},"excerpt":{"rendered":"<p>No desfecho de uma semana marcada por atritos entre o Pal\u00e1cio do Planalto e o Congresso Nacional, o presidente Jair Bolsonaro editou decreto que bloqueia quase R$ 3 bilh\u00f5es nas emendas parlamentares, um dos principais instrumentos de negocia\u00e7\u00e3o pol\u00edtica do governo com os congressistas. A medida contraria a promessa do ministro-chefe da Casa Civil, Onyx [&hellip;]<\/p>\n","protected":false},"author":1,"featured_media":8085,"comment_status":"open","ping_status":"open","sticky":false,"template":"","format":"standard","meta":{"om_disable_all_campaigns":false,"_exactmetrics_skip_tracking":false,"_exactmetrics_sitenote_active":false,"_exactmetrics_sitenote_note":"","_exactmetrics_sitenote_category":0,"footnotes":""},"categories":[21],"tags":[],"class_list":["post-14340","post","type-post","status-publish","format-standard","has-post-thumbnail","hentry","category-brasil"],"aioseo_notices":[],"_links":{"self":[{"href":"https:\/\/newsinfoco.com.br\/inicio\/wp-json\/wp\/v2\/posts\/14340","targetHints":{"allow":["GET"]}}],"collection":[{"href":"https:\/\/newsinfoco.com.br\/inicio\/wp-json\/wp\/v2\/posts"}],"about":[{"href":"https:\/\/newsinfoco.com.br\/inicio\/wp-json\/wp\/v2\/types\/post"}],"author":[{"embeddable":true,"href":"https:\/\/newsinfoco.com.br\/inicio\/wp-json\/wp\/v2\/users\/1"}],"replies":[{"embeddable":true,"href":"https:\/\/newsinfoco.com.br\/inicio\/wp-json\/wp\/v2\/comments?post=14340"}],"version-history":[{"count":0,"href":"https:\/\/newsinfoco.com.br\/inicio\/wp-json\/wp\/v2\/posts\/14340\/revisions"}],"wp:featuredmedia":[{"embeddable":true,"href":"https:\/\/newsinfoco.com.br\/inicio\/wp-json\/wp\/v2\/media\/8085"}],"wp:attachment":[{"href":"https:\/\/newsinfoco.com.br\/inicio\/wp-json\/wp\/v2\/media?parent=14340"}],"wp:term":[{"taxonomy":"category","embeddable":true,"href":"https:\/\/newsinfoco.com.br\/inicio\/wp-json\/wp\/v2\/categories?post=14340"},{"taxonomy":"post_tag","embeddable":true,"href":"https:\/\/newsinfoco.com.br\/inicio\/wp-json\/wp\/v2\/tags?post=14340"}],"curies":[{"name":"wp","href":"https:\/\/api.w.org\/{rel}","templated":true}]}}