{"id":14347,"date":"2019-03-30T13:09:05","date_gmt":"2019-03-30T16:09:05","guid":{"rendered":"http:\/\/newsinfoco.com.br\/?p=14347"},"modified":"2019-03-30T13:09:05","modified_gmt":"2019-03-30T16:09:05","slug":"embasa-deve-ser-assumida-por-ex-odebrecht-claudio-villas-boas","status":"publish","type":"post","link":"https:\/\/newsinfoco.com.br\/inicio\/embasa-deve-ser-assumida-por-ex-odebrecht-claudio-villas-boas\/","title":{"rendered":"Embasa deve ser assumida por ex-Odebrecht Cl\u00e1udio Villas Boas"},"content":{"rendered":"<div class=\"entry-content\">\n<p style=\"text-align: justify;\">O governador Rui Costa (PT) j\u00e1 teria se decidido pela indica\u00e7\u00e3o de Cl\u00e1udio Villas Boas, que j\u00e1 atuou na Odebrecht, para o comando da Embasa.\u00a0O executivo foi recomendado pelo chefe de Gabinete, C\u00edcero Monteiro, que o teria escolhido a dedo. Villas Boas ter\u00e1, entre suas miss\u00f5es, a de preparar a Embasa para a privatiza\u00e7\u00e3o. Mas Rui ainda procura um partido que possa apadrinhar a indica\u00e7\u00e3o para dar ao futuro controlador da empresa p\u00fablica alguma legitimidade pol\u00edtica.<\/p>\n<\/div>\n<div class=\"social cf\" style=\"text-align: right;\">PoliticaLivre<\/div>\n<div class='share-to-whatsapp-wrapper'><div class='share-on-whsp'>Share on: <\/div><a data-text='Embasa deve ser assumida por ex-Odebrecht Cl\u00e1udio Villas Boas' data-link='https:\/\/newsinfoco.com.br\/inicio\/embasa-deve-ser-assumida-por-ex-odebrecht-claudio-villas-boas\/' class='whatsapp-button whatsapp-share'>WhatsApp<\/a><div class='clear '><\/div><\/div>","protected":false},"excerpt":{"rendered":"<p>O governador Rui Costa (PT) j\u00e1 teria se decidido pela indica\u00e7\u00e3o de Cl\u00e1udio Villas Boas, que j\u00e1 atuou na Odebrecht, para o comando da Embasa.\u00a0O executivo foi recomendado pelo chefe de Gabinete, C\u00edcero Monteiro, que o teria escolhido a dedo. Villas Boas ter\u00e1, entre suas miss\u00f5es, a de preparar a Embasa para a privatiza\u00e7\u00e3o. Mas [&hellip;]<\/p>\n","protected":false},"author":1,"featured_media":14348,"comment_status":"open","ping_status":"open","sticky":false,"template":"","format":"standard","meta":{"om_disable_all_campaigns":false,"_exactmetrics_skip_tracking":false,"_exactmetrics_sitenote_active":false,"_exactmetrics_sitenote_note":"","_exactmetrics_sitenote_category":0,"footnotes":""},"categories":[19],"tags":[],"class_list":["post-14347","post","type-post","status-publish","format-standard","has-post-thumbnail","hentry","category-bahia"],"aioseo_notices":[],"_links":{"self":[{"href":"https:\/\/newsinfoco.com.br\/inicio\/wp-json\/wp\/v2\/posts\/14347","targetHints":{"allow":["GET"]}}],"collection":[{"href":"https:\/\/newsinfoco.com.br\/inicio\/wp-json\/wp\/v2\/posts"}],"about":[{"href":"https:\/\/newsinfoco.com.br\/inicio\/wp-json\/wp\/v2\/types\/post"}],"author":[{"embeddable":true,"href":"https:\/\/newsinfoco.com.br\/inicio\/wp-json\/wp\/v2\/users\/1"}],"replies":[{"embeddable":true,"href":"https:\/\/newsinfoco.com.br\/inicio\/wp-json\/wp\/v2\/comments?post=14347"}],"version-history":[{"count":0,"href":"https:\/\/newsinfoco.com.br\/inicio\/wp-json\/wp\/v2\/posts\/14347\/revisions"}],"wp:featuredmedia":[{"embeddable":true,"href":"https:\/\/newsinfoco.com.br\/inicio\/wp-json\/wp\/v2\/media\/14348"}],"wp:attachment":[{"href":"https:\/\/newsinfoco.com.br\/inicio\/wp-json\/wp\/v2\/media?parent=14347"}],"wp:term":[{"taxonomy":"category","embeddable":true,"href":"https:\/\/newsinfoco.com.br\/inicio\/wp-json\/wp\/v2\/categories?post=14347"},{"taxonomy":"post_tag","embeddable":true,"href":"https:\/\/newsinfoco.com.br\/inicio\/wp-json\/wp\/v2\/tags?post=14347"}],"curies":[{"name":"wp","href":"https:\/\/api.w.org\/{rel}","templated":true}]}}