{"id":14357,"date":"2019-03-30T13:30:35","date_gmt":"2019-03-30T16:30:35","guid":{"rendered":"http:\/\/newsinfoco.com.br\/?p=14357"},"modified":"2019-03-30T13:30:35","modified_gmt":"2019-03-30T16:30:35","slug":"prefeitura-de-alagoinhas-fortalece-educacao-inclusiva-com-criacao-de-cargos-de-profissional-de-apoio-a-alunos-com-deficiencia","status":"publish","type":"post","link":"https:\/\/newsinfoco.com.br\/inicio\/prefeitura-de-alagoinhas-fortalece-educacao-inclusiva-com-criacao-de-cargos-de-profissional-de-apoio-a-alunos-com-deficiencia\/","title":{"rendered":"Prefeitura de Alagoinhas fortalece educa\u00e7\u00e3o inclusiva com cria\u00e7\u00e3o de cargos de profissional de apoio a alunos com defici\u00eancia"},"content":{"rendered":"<p style=\"text-align: justify;\">A partir do 1\u00ba semestre deste ano, alunos com defici\u00eancia que precisam de suporte para desenvolver as potencialidades poder\u00e3o contar, na rede municipal de ensino, com um profissional de apoio na sala de aula.<\/p>\n<p style=\"text-align: justify;\">Isso porque, visando assegurar condi\u00e7\u00f5es de igualdade e fortalecer a\u00e7\u00f5es inclusivas no munic\u00edpio, a Prefeitura publicou, na \u00faltima semana, a Lei n\u00b0 136\/2019, que regulamenta a cria\u00e7\u00e3o do cargo de profissional de apoio a alunos com defici\u00eancia.<\/p><div class=\"newsi-conteudo_19\" id=\"newsi-3261524952\"><a href=\"https:\/\/www.instagram.com\/prefeituraalagoinhas?igsh=YzgzdDJ1bWR3aWI4\" aria-label=\"SAVE_20251006_221555\"><img loading=\"lazy\" decoding=\"async\" src=\"https:\/\/newsinfoco.com.br\/inicio\/wp-content\/uploads\/2025\/10\/SAVE_20251006_221555-rotated.jpg\" alt=\"\"  srcset=\"https:\/\/newsinfoco.com.br\/inicio\/wp-content\/uploads\/2025\/10\/SAVE_20251006_221555-rotated.jpg 1140w, https:\/\/newsinfoco.com.br\/inicio\/wp-content\/uploads\/2025\/10\/SAVE_20251006_221555-300x52.jpg 300w, https:\/\/newsinfoco.com.br\/inicio\/wp-content\/uploads\/2025\/10\/SAVE_20251006_221555-1024x177.jpg 1024w, https:\/\/newsinfoco.com.br\/inicio\/wp-content\/uploads\/2025\/10\/SAVE_20251006_221555-768x133.jpg 768w, https:\/\/newsinfoco.com.br\/inicio\/wp-content\/uploads\/2025\/10\/SAVE_20251006_221555-600x104.jpg 600w, https:\/\/newsinfoco.com.br\/inicio\/wp-content\/uploads\/2025\/10\/SAVE_20251006_221555-696x120.jpg 696w, https:\/\/newsinfoco.com.br\/inicio\/wp-content\/uploads\/2025\/10\/SAVE_20251006_221555-1068x185.jpg 1068w\" sizes=\"(max-width: 1140px) 100vw, 1140px\" width=\"1140\" height=\"197\"   \/><\/a><\/div>\n<p style=\"text-align: justify;\">Os profissionais, que ser\u00e3o contratados mediante concurso, dever\u00e3o atuar junto aos alunos em sala de aula, auxiliando tanto na mobilidade, nos casos em que houver necessidade, quanto no apoio pedag\u00f3gico para o desenvolvimento e acompanhamento das propostas dentro do ambiente escolar.<\/p>\n<p style=\"text-align: justify;\">\u201cO profissional n\u00e3o \u00e9 para todas as crian\u00e7as com defici\u00eancia. Esse apoio \u00e9 direcionado especificamente para atender \u00e0quelas crian\u00e7as que t\u00eam dificuldade de locomo\u00e7\u00e3o e n\u00e3o possuem autonomia para desenvolver as atividades em sala de aula, que n\u00e3o conseguem se alimentar sozinhas, por exemplo, mas cuja parte cognitiva n\u00e3o foi afetada. Essa avalia\u00e7\u00e3o das crian\u00e7as que precisam de apoio ser\u00e1 feita pelo N\u00facleo de Inclus\u00e3o, mediante o que \u00e9 determinado pela Lei Brasileira de Inclus\u00e3o. Nossa inten\u00e7\u00e3o, claro, \u00e9 dar subs\u00eddios para que as crian\u00e7as tenham condi\u00e7\u00f5es de desenvolver plenamente as suas potencialidades\u201d, pontuou a coordenadora da Secretaria Municipal de Educa\u00e7\u00e3o e presidente do Conselho da Pessoa com Defici\u00eancia, Rosemeire dos Santos Silva.<\/p>\n<p style=\"text-align: justify;\">Segundo ela, a previs\u00e3o \u00e9 de que 25 profissionais de apoio atuem nas escolas a partir do 1\u00ba semestre deste ano. \u201cDesde 2017, venho nessa luta. Ainda existem muitos desafios e caminhos a serem percorridos. Junto com o Conselho e com a Secretaria de Educa\u00e7\u00e3o, conseguimos fazer com que essa lei aconte\u00e7a. \u00c9 mais um avan\u00e7o do governo Joaquim Neto, que teve essa sensibilidade de estar abrindo portas para que exista uma educa\u00e7\u00e3o inclusiva de qualidade dentro do munic\u00edpio\u201d, afirmou Rosemeire Silva.<\/p>\n<p style=\"text-align: justify;\">Para a diretora pedag\u00f3gica Keite Lima, a a\u00e7\u00e3o contribui para o fortalecimento da educa\u00e7\u00e3o inclusiva e garante paridade, nas escolas, para que alunos com qualquer tipo de defici\u00eancia se desenvolvam plenamente na sua s\u00e9rie escolar, conforme preconiza a lei, fazendo valer o direito do cidad\u00e3o. \u201c\u00c9 important\u00edssimo pontuar que foi a partir de um olhar sens\u00edvel quanto \u00e0 necessidade dessas crian\u00e7as e tamb\u00e9m das fam\u00edlias que foram criados os cargos de profissionais de apoio. H\u00e1 quantos anos essas m\u00e3es v\u00eam lutando para poder trabalhar e deixar seu filho na escola com seguran\u00e7a? \u00c9 um avan\u00e7o do governo Joaquim Neto, \u00e9 um avan\u00e7o para o munic\u00edpio\u201d, enfatizou.<\/p>\n<p style=\"text-align: justify;\">Os profissionais de apoio a alunos com defici\u00eancia dever\u00e3o atuar em uma carga de 40h semanais e a previs\u00e3o \u00e9 de que estejam atuando efetivamente no munic\u00edpio a partir de maio.<\/p>\n<p style=\"text-align: justify;\">A Secretaria Municipal de Educa\u00e7\u00e3o reafirmou o compromisso com a popula\u00e7\u00e3o e informou que o governo Joaquim Neto tem trabalhado para implementar uma educa\u00e7\u00e3o inclusiva em toda a rede, que contemple em totalidade as necessidades educativas especiais.<\/p>\n<p style=\"text-align: justify;\">A Lei Complementar referente \u00e0 cria\u00e7\u00e3o dos cargos de profissional de apoio foi publicada em Di\u00e1rio Oficial.<\/p>\n<h6 style=\"text-align: right;\">Secom Alagoinhas<\/h6>\n<div class='share-to-whatsapp-wrapper'><div class='share-on-whsp'>Share on: <\/div><a data-text='Prefeitura de Alagoinhas fortalece educa\u00e7\u00e3o inclusiva com cria\u00e7\u00e3o de cargos de profissional de apoio a alunos com defici\u00eancia' data-link='https:\/\/newsinfoco.com.br\/inicio\/prefeitura-de-alagoinhas-fortalece-educacao-inclusiva-com-criacao-de-cargos-de-profissional-de-apoio-a-alunos-com-deficiencia\/' class='whatsapp-button whatsapp-share'>WhatsApp<\/a><div class='clear '><\/div><\/div>","protected":false},"excerpt":{"rendered":"<p>A partir do 1\u00ba semestre deste ano, alunos com defici\u00eancia que precisam de suporte para desenvolver as potencialidades poder\u00e3o contar, na rede municipal de ensino, com um profissional de apoio na sala de aula. Isso porque, visando assegurar condi\u00e7\u00f5es de igualdade e fortalecer a\u00e7\u00f5es inclusivas no munic\u00edpio, a Prefeitura publicou, na \u00faltima semana, a Lei [&hellip;]<\/p>\n","protected":false},"author":1,"featured_media":14358,"comment_status":"open","ping_status":"open","sticky":false,"template":"","format":"standard","meta":{"om_disable_all_campaigns":false,"_exactmetrics_skip_tracking":false,"_exactmetrics_sitenote_active":false,"_exactmetrics_sitenote_note":"","_exactmetrics_sitenote_category":0,"footnotes":""},"categories":[38],"tags":[],"class_list":["post-14357","post","type-post","status-publish","format-standard","has-post-thumbnail","hentry","category-alagoinhas-e-regiao"],"aioseo_notices":[],"_links":{"self":[{"href":"https:\/\/newsinfoco.com.br\/inicio\/wp-json\/wp\/v2\/posts\/14357","targetHints":{"allow":["GET"]}}],"collection":[{"href":"https:\/\/newsinfoco.com.br\/inicio\/wp-json\/wp\/v2\/posts"}],"about":[{"href":"https:\/\/newsinfoco.com.br\/inicio\/wp-json\/wp\/v2\/types\/post"}],"author":[{"embeddable":true,"href":"https:\/\/newsinfoco.com.br\/inicio\/wp-json\/wp\/v2\/users\/1"}],"replies":[{"embeddable":true,"href":"https:\/\/newsinfoco.com.br\/inicio\/wp-json\/wp\/v2\/comments?post=14357"}],"version-history":[{"count":0,"href":"https:\/\/newsinfoco.com.br\/inicio\/wp-json\/wp\/v2\/posts\/14357\/revisions"}],"wp:featuredmedia":[{"embeddable":true,"href":"https:\/\/newsinfoco.com.br\/inicio\/wp-json\/wp\/v2\/media\/14358"}],"wp:attachment":[{"href":"https:\/\/newsinfoco.com.br\/inicio\/wp-json\/wp\/v2\/media?parent=14357"}],"wp:term":[{"taxonomy":"category","embeddable":true,"href":"https:\/\/newsinfoco.com.br\/inicio\/wp-json\/wp\/v2\/categories?post=14357"},{"taxonomy":"post_tag","embeddable":true,"href":"https:\/\/newsinfoco.com.br\/inicio\/wp-json\/wp\/v2\/tags?post=14357"}],"curies":[{"name":"wp","href":"https:\/\/api.w.org\/{rel}","templated":true}]}}