{"id":14360,"date":"2019-03-30T13:45:39","date_gmt":"2019-03-30T16:45:39","guid":{"rendered":"http:\/\/newsinfoco.com.br\/?p=14360"},"modified":"2019-03-30T13:45:39","modified_gmt":"2019-03-30T16:45:39","slug":"camara-municipal-de-alagoinhas-aprova-mudancas-na-gac-dos-servidores-e-outras-proposicoes-de-autoria-do-executivo","status":"publish","type":"post","link":"https:\/\/newsinfoco.com.br\/inicio\/camara-municipal-de-alagoinhas-aprova-mudancas-na-gac-dos-servidores-e-outras-proposicoes-de-autoria-do-executivo\/","title":{"rendered":"C\u00e2mara Municipal de Alagoinhas aprova mudan\u00e7as na GAC dos servidores e outras proposi\u00e7\u00f5es de autoria do executivo"},"content":{"rendered":"<p style=\"text-align: justify;\">Na \u00faltima quinta-feira (28), foram aprovadas na C\u00e2mara Municipal de Alagoinhas as seguintes proposi\u00e7\u00f5es, de autoria do Poder Executivo:<\/p>\n<p style=\"text-align: justify;\">&#8211; Projeto de lei complementar n\u00ba 008\/2018: altera a lei complementar n\u00ba 081\/2012 em seu artigo 4\u00ba, que disp\u00f5e sobre a gratifica\u00e7\u00e3o de atividades colegiadas &#8211; GAC, e d\u00e1 outras provid\u00eancias.<\/p><div class=\"newsi-conteudo_19\" id=\"newsi-3057872304\"><a href=\"https:\/\/www.instagram.com\/prefeituraalagoinhas?igsh=YzgzdDJ1bWR3aWI4\" aria-label=\"SAVE_20251006_221555\"><img loading=\"lazy\" decoding=\"async\" src=\"https:\/\/newsinfoco.com.br\/inicio\/wp-content\/uploads\/2025\/10\/SAVE_20251006_221555-rotated.jpg\" alt=\"\"  srcset=\"https:\/\/newsinfoco.com.br\/inicio\/wp-content\/uploads\/2025\/10\/SAVE_20251006_221555-rotated.jpg 1140w, https:\/\/newsinfoco.com.br\/inicio\/wp-content\/uploads\/2025\/10\/SAVE_20251006_221555-300x52.jpg 300w, https:\/\/newsinfoco.com.br\/inicio\/wp-content\/uploads\/2025\/10\/SAVE_20251006_221555-1024x177.jpg 1024w, https:\/\/newsinfoco.com.br\/inicio\/wp-content\/uploads\/2025\/10\/SAVE_20251006_221555-768x133.jpg 768w, https:\/\/newsinfoco.com.br\/inicio\/wp-content\/uploads\/2025\/10\/SAVE_20251006_221555-600x104.jpg 600w, https:\/\/newsinfoco.com.br\/inicio\/wp-content\/uploads\/2025\/10\/SAVE_20251006_221555-696x120.jpg 696w, https:\/\/newsinfoco.com.br\/inicio\/wp-content\/uploads\/2025\/10\/SAVE_20251006_221555-1068x185.jpg 1068w\" sizes=\"(max-width: 1140px) 100vw, 1140px\" width=\"1140\" height=\"197\"   \/><\/a><\/div>\n<p style=\"text-align: justify;\">&#8211; Projeto de Lei n\u00ba 011\/2019: altera e acrescenta dispositivos a lei municipal n\u00ba 1487\/2002, que disp\u00f5e sobre as atividades, composi\u00e7\u00e3o e atribui\u00e7\u00f5es do Conselho Tutelar do Munic\u00edpio de Alagoinhas, e d\u00e1 outras provid\u00eancias.<\/p>\n<p style=\"text-align: justify;\">&#8211; Projeto de Lei n\u00ba 014\/2019: autoriza o Poder Executivo Municipal a conceder abono pecuni\u00e1rio de p\u00e1scoa no ano de 2019 aos servidores p\u00fablicos municipais, e d\u00e1 outras provid\u00eancias.<\/p>\n<p style=\"text-align: justify;\">Entre as proposi\u00e7\u00f5es lidas no expediente, constaram tamb\u00e9m:<\/p>\n<p style=\"text-align: justify;\">&#8211; Projeto de Lei n\u00ba 013\/2019, advindo do Poder Executivo, que disp\u00f5e sobre a regulamenta\u00e7\u00e3o do pagamento de anuidades a organiza\u00e7\u00f5es sociais sem fins lucrativos que desenvolvem atividades de defesa de pol\u00edticas, programas e a\u00e7\u00f5es em favor dos interesses do munic\u00edpio.<\/p>\n<p style=\"text-align: justify;\">&#8211; Requerimento n\u00ba 011\/2019, de autoria do vereador Luciano S\u00e9rgio, que solicita que seja realizada uma Audi\u00eancia P\u00fablica para tratar do tema: Dia Municipal da Luta contra o L\u00fapus.<\/p>\n<p style=\"text-align: justify;\">&#8211; Requerimento n\u00ba 012\/2019, de autoria do vereador Luciano Almeida, que solicita que seja realizada uma Audi\u00eancia P\u00fablica com o objetivo de tratar das quest\u00f5es atinentes ao Dia Municipal de Conscientiza\u00e7\u00e3o do Autismo.\u00a0 (Lei n\u00ba 2.216\/2013).<\/p>\n<p style=\"text-align: justify;\">&#8211; Indica\u00e7\u00f5es n\u00ba 032, n\u00ba 033 e n\u00ba 034\/2019, de autoria do vereador Cleto da Banana, solicitando ao Exmo. Prefeito que adote as seguintes provid\u00eancias: a\u00e7\u00f5es de melhoria no campo de futebol e pavimenta\u00e7\u00e3o asf\u00e1ltica na Comunidade do Parque S\u00e3o Bernardo, e constru\u00e7\u00e3o de uma pra\u00e7a p\u00fablica na Comunidade de Baixa da Areia, em Santa Terezinha.<\/p>\n<p style=\"text-align: justify;\">A pr\u00f3xima sess\u00e3o ordin\u00e1ria ser\u00e1 realizada no dia 02 de abril no hor\u00e1rio regimental, \u00e0s 15h.<\/p>\n<p>Ascom Camara<\/p>\n<div class='share-to-whatsapp-wrapper'><div class='share-on-whsp'>Share on: <\/div><a data-text='C\u00e2mara Municipal de Alagoinhas aprova mudan\u00e7as na GAC dos servidores e outras proposi\u00e7\u00f5es de autoria do executivo' data-link='https:\/\/newsinfoco.com.br\/inicio\/camara-municipal-de-alagoinhas-aprova-mudancas-na-gac-dos-servidores-e-outras-proposicoes-de-autoria-do-executivo\/' class='whatsapp-button whatsapp-share'>WhatsApp<\/a><div class='clear '><\/div><\/div>","protected":false},"excerpt":{"rendered":"<p>Na \u00faltima quinta-feira (28), foram aprovadas na C\u00e2mara Municipal de Alagoinhas as seguintes proposi\u00e7\u00f5es, de autoria do Poder Executivo: &#8211; Projeto de lei complementar n\u00ba 008\/2018: altera a lei complementar n\u00ba 081\/2012 em seu artigo 4\u00ba, que disp\u00f5e sobre a gratifica\u00e7\u00e3o de atividades colegiadas &#8211; GAC, e d\u00e1 outras provid\u00eancias. &#8211; Projeto de Lei n\u00ba [&hellip;]<\/p>\n","protected":false},"author":1,"featured_media":1068,"comment_status":"open","ping_status":"open","sticky":false,"template":"","format":"standard","meta":{"om_disable_all_campaigns":false,"_exactmetrics_skip_tracking":false,"_exactmetrics_sitenote_active":false,"_exactmetrics_sitenote_note":"","_exactmetrics_sitenote_category":0,"footnotes":""},"categories":[38],"tags":[],"class_list":["post-14360","post","type-post","status-publish","format-standard","has-post-thumbnail","hentry","category-alagoinhas-e-regiao"],"aioseo_notices":[],"_links":{"self":[{"href":"https:\/\/newsinfoco.com.br\/inicio\/wp-json\/wp\/v2\/posts\/14360","targetHints":{"allow":["GET"]}}],"collection":[{"href":"https:\/\/newsinfoco.com.br\/inicio\/wp-json\/wp\/v2\/posts"}],"about":[{"href":"https:\/\/newsinfoco.com.br\/inicio\/wp-json\/wp\/v2\/types\/post"}],"author":[{"embeddable":true,"href":"https:\/\/newsinfoco.com.br\/inicio\/wp-json\/wp\/v2\/users\/1"}],"replies":[{"embeddable":true,"href":"https:\/\/newsinfoco.com.br\/inicio\/wp-json\/wp\/v2\/comments?post=14360"}],"version-history":[{"count":0,"href":"https:\/\/newsinfoco.com.br\/inicio\/wp-json\/wp\/v2\/posts\/14360\/revisions"}],"wp:featuredmedia":[{"embeddable":true,"href":"https:\/\/newsinfoco.com.br\/inicio\/wp-json\/wp\/v2\/media\/1068"}],"wp:attachment":[{"href":"https:\/\/newsinfoco.com.br\/inicio\/wp-json\/wp\/v2\/media?parent=14360"}],"wp:term":[{"taxonomy":"category","embeddable":true,"href":"https:\/\/newsinfoco.com.br\/inicio\/wp-json\/wp\/v2\/categories?post=14360"},{"taxonomy":"post_tag","embeddable":true,"href":"https:\/\/newsinfoco.com.br\/inicio\/wp-json\/wp\/v2\/tags?post=14360"}],"curies":[{"name":"wp","href":"https:\/\/api.w.org\/{rel}","templated":true}]}}