{"id":14362,"date":"2019-03-30T13:52:12","date_gmt":"2019-03-30T16:52:12","guid":{"rendered":"http:\/\/newsinfoco.com.br\/?p=14362"},"modified":"2019-03-30T13:52:12","modified_gmt":"2019-03-30T16:52:12","slug":"prefeitura-de-alagoinhas-reinaugura-mais-uma-escola-completamente-requalificada-neste-domingo-31","status":"publish","type":"post","link":"https:\/\/newsinfoco.com.br\/inicio\/prefeitura-de-alagoinhas-reinaugura-mais-uma-escola-completamente-requalificada-neste-domingo-31\/","title":{"rendered":"Prefeitura de Alagoinhas reinaugura mais uma escola completamente requalificada neste domingo (31)"},"content":{"rendered":"<p style=\"text-align: justify;\">Dando continuidade \u00e0s obras de requalifica\u00e7\u00e3o das unidades escolares de Alagoinhas e visando garantir um ambiente seguro e equipado para atender \u00e0s necessidades pedag\u00f3gicas dos alunos matriculados na rede de ensino, a Prefeitura reinaugura, neste domingo (31), a Escola Municipal Joana D\u00b4Arc, completamente reformada pela Administra\u00e7\u00e3o Municipal.<\/p>\n<p style=\"text-align: justify;\">Localizada no Parque Senhor do Bonfim, a escola passou por uma amplia\u00e7\u00e3o, com revis\u00e3o el\u00e9trica, reforma da cozinha, da \u00e1rea de conviv\u00eancia, dos sanit\u00e1rios e dos ambientes de estudo, al\u00e9m de pintura e interven\u00e7\u00f5es no telhado, entre outros ajustes estruturais.<\/p><div class=\"newsi-conteudo_19\" id=\"newsi-990685220\"><a href=\"https:\/\/www.instagram.com\/prefeituraalagoinhas?igsh=YzgzdDJ1bWR3aWI4\" aria-label=\"SAVE_20251006_221555\"><img loading=\"lazy\" decoding=\"async\" src=\"https:\/\/newsinfoco.com.br\/inicio\/wp-content\/uploads\/2025\/10\/SAVE_20251006_221555-rotated.jpg\" alt=\"\"  srcset=\"https:\/\/newsinfoco.com.br\/inicio\/wp-content\/uploads\/2025\/10\/SAVE_20251006_221555-rotated.jpg 1140w, https:\/\/newsinfoco.com.br\/inicio\/wp-content\/uploads\/2025\/10\/SAVE_20251006_221555-300x52.jpg 300w, https:\/\/newsinfoco.com.br\/inicio\/wp-content\/uploads\/2025\/10\/SAVE_20251006_221555-1024x177.jpg 1024w, https:\/\/newsinfoco.com.br\/inicio\/wp-content\/uploads\/2025\/10\/SAVE_20251006_221555-768x133.jpg 768w, https:\/\/newsinfoco.com.br\/inicio\/wp-content\/uploads\/2025\/10\/SAVE_20251006_221555-600x104.jpg 600w, https:\/\/newsinfoco.com.br\/inicio\/wp-content\/uploads\/2025\/10\/SAVE_20251006_221555-696x120.jpg 696w, https:\/\/newsinfoco.com.br\/inicio\/wp-content\/uploads\/2025\/10\/SAVE_20251006_221555-1068x185.jpg 1068w\" sizes=\"(max-width: 1140px) 100vw, 1140px\" width=\"1140\" height=\"197\"   \/><\/a><\/div>\n<p style=\"text-align: justify;\">A partir de agora, a unidade de ensino conta com mais 2 salas, todas climatizadas, e deve assegurar um ambiente de qualidade para os alunos da regi\u00e3o.<\/p>\n<p style=\"text-align: justify;\">A requalifica\u00e7\u00e3o foi conduzida pela diretoria de obras da Secretaria Municipal de Educa\u00e7\u00e3o (SEDUC), que entrega, neste domingo (31), a partir das 8h, a escola \u00e0 comunidade.<\/p>\n<p style=\"text-align: justify;\">A SEDUC informou ainda que, al\u00e9m da reinaugura\u00e7\u00e3o do espa\u00e7o, haver\u00e1 tamb\u00e9m a distribui\u00e7\u00e3o dos kits escolares aos estudantes matriculados na unidade.<\/p>\n<p style=\"text-align: justify;\"><strong>Servi\u00e7o<\/strong><br \/>\nREINAUGURA\u00c7\u00c3O DA ESCOLA MUNICIPAL JOANA D\u00b4ARC E ENTREGA DE KITS DA EDUCA\u00c7\u00c3O INFANTIL<br \/>\n<strong>Data:<\/strong>\u00a031\/03\/2019 (Domingo)<br \/>\n<strong>Hor\u00e1rio:<\/strong>\u00a08h<br \/>\n<strong>Local:<\/strong>\u00a0Escola Municipal Joana D\u00b4Arc (Parque Senhor do Bonfim, S\/N \u2013 2 de Julho)<\/p>\n<h6 style=\"text-align: right;\">secom Alagoinhas<\/h6>\n<div class='share-to-whatsapp-wrapper'><div class='share-on-whsp'>Share on: <\/div><a data-text='Prefeitura de Alagoinhas reinaugura mais uma escola completamente requalificada neste domingo (31)' data-link='https:\/\/newsinfoco.com.br\/inicio\/prefeitura-de-alagoinhas-reinaugura-mais-uma-escola-completamente-requalificada-neste-domingo-31\/' class='whatsapp-button whatsapp-share'>WhatsApp<\/a><div class='clear '><\/div><\/div>","protected":false},"excerpt":{"rendered":"<p>Dando continuidade \u00e0s obras de requalifica\u00e7\u00e3o das unidades escolares de Alagoinhas e visando garantir um ambiente seguro e equipado para atender \u00e0s necessidades pedag\u00f3gicas dos alunos matriculados na rede de ensino, a Prefeitura reinaugura, neste domingo (31), a Escola Municipal Joana D\u00b4Arc, completamente reformada pela Administra\u00e7\u00e3o Municipal. Localizada no Parque Senhor do Bonfim, a escola [&hellip;]<\/p>\n","protected":false},"author":1,"featured_media":14363,"comment_status":"open","ping_status":"open","sticky":false,"template":"","format":"standard","meta":{"om_disable_all_campaigns":false,"_exactmetrics_skip_tracking":false,"_exactmetrics_sitenote_active":false,"_exactmetrics_sitenote_note":"","_exactmetrics_sitenote_category":0,"footnotes":""},"categories":[38],"tags":[],"class_list":["post-14362","post","type-post","status-publish","format-standard","has-post-thumbnail","hentry","category-alagoinhas-e-regiao"],"aioseo_notices":[],"_links":{"self":[{"href":"https:\/\/newsinfoco.com.br\/inicio\/wp-json\/wp\/v2\/posts\/14362","targetHints":{"allow":["GET"]}}],"collection":[{"href":"https:\/\/newsinfoco.com.br\/inicio\/wp-json\/wp\/v2\/posts"}],"about":[{"href":"https:\/\/newsinfoco.com.br\/inicio\/wp-json\/wp\/v2\/types\/post"}],"author":[{"embeddable":true,"href":"https:\/\/newsinfoco.com.br\/inicio\/wp-json\/wp\/v2\/users\/1"}],"replies":[{"embeddable":true,"href":"https:\/\/newsinfoco.com.br\/inicio\/wp-json\/wp\/v2\/comments?post=14362"}],"version-history":[{"count":0,"href":"https:\/\/newsinfoco.com.br\/inicio\/wp-json\/wp\/v2\/posts\/14362\/revisions"}],"wp:featuredmedia":[{"embeddable":true,"href":"https:\/\/newsinfoco.com.br\/inicio\/wp-json\/wp\/v2\/media\/14363"}],"wp:attachment":[{"href":"https:\/\/newsinfoco.com.br\/inicio\/wp-json\/wp\/v2\/media?parent=14362"}],"wp:term":[{"taxonomy":"category","embeddable":true,"href":"https:\/\/newsinfoco.com.br\/inicio\/wp-json\/wp\/v2\/categories?post=14362"},{"taxonomy":"post_tag","embeddable":true,"href":"https:\/\/newsinfoco.com.br\/inicio\/wp-json\/wp\/v2\/tags?post=14362"}],"curies":[{"name":"wp","href":"https:\/\/api.w.org\/{rel}","templated":true}]}}