{"id":14378,"date":"2019-03-31T12:52:53","date_gmt":"2019-03-31T15:52:53","guid":{"rendered":"http:\/\/newsinfoco.com.br\/?p=14378"},"modified":"2019-03-31T13:43:29","modified_gmt":"2019-03-31T16:43:29","slug":"a-partir-de-amanha01-o-usuario-da-zona-azul-de-alagoinhas-tera-ate-24-horas-para-pagar-a-tarifa-de-utilizacao-da-vaga-antes-o-prazo-era-de-15-minutos","status":"publish","type":"post","link":"https:\/\/newsinfoco.com.br\/inicio\/a-partir-de-amanha01-o-usuario-da-zona-azul-de-alagoinhas-tera-ate-24-horas-para-pagar-a-tarifa-de-utilizacao-da-vaga-antes-o-prazo-era-de-15-minutos\/","title":{"rendered":"A partir de amanh\u00e3(01) o usu\u00e1rio da zona azul de Alagoinhas ter\u00e1 at\u00e9 24 horas para pagar a tarifa de utiliza\u00e7\u00e3o da vaga; antes o prazo era de 15 minutos"},"content":{"rendered":"<p style=\"text-align: justify;\">A partir desta segunda-feira(01) come\u00e7a a valer as mudan\u00e7as na cobran\u00e7a das tarifas na zona azul de Alagoinhas anunciadas pela Superintendencia Municipal de Transporte e Transito de Alagoinhas(SMTT) e a empresa concession\u00e1ria do sistema de estacionamento rotativo da cidade, E-Parking, anunciados na \u00faltima segunda-feira(25).<\/p>\n<p style=\"text-align: justify;\">A partir de agora o usu\u00e1rio ter\u00e1 at\u00e9 24 horas para efetuar o pagamento da tarifa de utiliza\u00e7\u00e3o da vaga do estacionamento rotativo, caso ele n\u00e3o efetue o pagamento nesse prazo ter\u00e1 que pagar a tarifa de p\u00f3s utiliza\u00e7\u00e3o(R$20,00 carro e R$6,40 moto). Antes o usu\u00e1rio tinha o prazo de 15 minutos ap\u00f3s utiliza\u00e7\u00e3o da vaga para efetuar o pagamento e n\u00e3o sofrer a incid\u00eancia da tarifa p\u00f3s-paga.<\/p><div class=\"newsi-conteudo_19\" id=\"newsi-3923783367\"><a href=\"https:\/\/www.instagram.com\/prefeituraalagoinhas?igsh=YzgzdDJ1bWR3aWI4\" aria-label=\"SAVE_20251006_221555\"><img loading=\"lazy\" decoding=\"async\" src=\"https:\/\/newsinfoco.com.br\/inicio\/wp-content\/uploads\/2025\/10\/SAVE_20251006_221555-rotated.jpg\" alt=\"\"  srcset=\"https:\/\/newsinfoco.com.br\/inicio\/wp-content\/uploads\/2025\/10\/SAVE_20251006_221555-rotated.jpg 1140w, https:\/\/newsinfoco.com.br\/inicio\/wp-content\/uploads\/2025\/10\/SAVE_20251006_221555-300x52.jpg 300w, https:\/\/newsinfoco.com.br\/inicio\/wp-content\/uploads\/2025\/10\/SAVE_20251006_221555-1024x177.jpg 1024w, https:\/\/newsinfoco.com.br\/inicio\/wp-content\/uploads\/2025\/10\/SAVE_20251006_221555-768x133.jpg 768w, https:\/\/newsinfoco.com.br\/inicio\/wp-content\/uploads\/2025\/10\/SAVE_20251006_221555-600x104.jpg 600w, https:\/\/newsinfoco.com.br\/inicio\/wp-content\/uploads\/2025\/10\/SAVE_20251006_221555-696x120.jpg 696w, https:\/\/newsinfoco.com.br\/inicio\/wp-content\/uploads\/2025\/10\/SAVE_20251006_221555-1068x185.jpg 1068w\" sizes=\"(max-width: 1140px) 100vw, 1140px\" width=\"1140\" height=\"197\"   \/><\/a><\/div>\n<p style=\"text-align: justify;\">Outra mudan\u00e7a \u00e9 justamente com rela\u00e7\u00e3o a cobran\u00e7a da tarifa p\u00f3s-paga(R$ 20,00 para carro e R$6,80 para moto). Agora ap\u00f3s o prazo de 24 horas que o usu\u00e1rio tem para pagar a tarifa correspondente ao tempo utiliza\u00e7\u00e3o da vaga, ele ter\u00e1 mais 48 horas para poder pagar a tarifa de p\u00f3s-utiliza\u00e7\u00e3o( R$20,00 para carro e R$6,40 para moto). Caso ele n\u00e3o efetue o pagamento nesse prazo, o usu\u00e1rio ser\u00e1 enquadrado na infra\u00e7\u00e3o de transito com cobran\u00e7a de multa e pontua\u00e7\u00e3o na carteira pela SMTT.<\/p>\n<p style=\"text-align: right;\">Por Caio Pimentta para o News Infoco<\/p>\n<div class='share-to-whatsapp-wrapper'><div class='share-on-whsp'>Share on: <\/div><a data-text='A partir de amanh\u00e3(01) o usu\u00e1rio da zona azul de Alagoinhas ter\u00e1 at\u00e9 24 horas para pagar a tarifa de utiliza\u00e7\u00e3o da vaga; antes o prazo era de 15 minutos' data-link='https:\/\/newsinfoco.com.br\/inicio\/a-partir-de-amanha01-o-usuario-da-zona-azul-de-alagoinhas-tera-ate-24-horas-para-pagar-a-tarifa-de-utilizacao-da-vaga-antes-o-prazo-era-de-15-minutos\/' class='whatsapp-button whatsapp-share'>WhatsApp<\/a><div class='clear '><\/div><\/div>","protected":false},"excerpt":{"rendered":"<p>A partir desta segunda-feira(01) come\u00e7a a valer as mudan\u00e7as na cobran\u00e7a das tarifas na zona azul de Alagoinhas anunciadas pela Superintendencia Municipal de Transporte e Transito de Alagoinhas(SMTT) e a empresa concession\u00e1ria do sistema de estacionamento rotativo da cidade, E-Parking, anunciados na \u00faltima segunda-feira(25). A partir de agora o usu\u00e1rio ter\u00e1 at\u00e9 24 horas para [&hellip;]<\/p>\n","protected":false},"author":1,"featured_media":12753,"comment_status":"open","ping_status":"open","sticky":false,"template":"","format":"standard","meta":{"om_disable_all_campaigns":false,"_exactmetrics_skip_tracking":false,"_exactmetrics_sitenote_active":false,"_exactmetrics_sitenote_note":"","_exactmetrics_sitenote_category":0,"footnotes":""},"categories":[38],"tags":[],"class_list":["post-14378","post","type-post","status-publish","format-standard","has-post-thumbnail","hentry","category-alagoinhas-e-regiao"],"aioseo_notices":[],"_links":{"self":[{"href":"https:\/\/newsinfoco.com.br\/inicio\/wp-json\/wp\/v2\/posts\/14378","targetHints":{"allow":["GET"]}}],"collection":[{"href":"https:\/\/newsinfoco.com.br\/inicio\/wp-json\/wp\/v2\/posts"}],"about":[{"href":"https:\/\/newsinfoco.com.br\/inicio\/wp-json\/wp\/v2\/types\/post"}],"author":[{"embeddable":true,"href":"https:\/\/newsinfoco.com.br\/inicio\/wp-json\/wp\/v2\/users\/1"}],"replies":[{"embeddable":true,"href":"https:\/\/newsinfoco.com.br\/inicio\/wp-json\/wp\/v2\/comments?post=14378"}],"version-history":[{"count":0,"href":"https:\/\/newsinfoco.com.br\/inicio\/wp-json\/wp\/v2\/posts\/14378\/revisions"}],"wp:featuredmedia":[{"embeddable":true,"href":"https:\/\/newsinfoco.com.br\/inicio\/wp-json\/wp\/v2\/media\/12753"}],"wp:attachment":[{"href":"https:\/\/newsinfoco.com.br\/inicio\/wp-json\/wp\/v2\/media?parent=14378"}],"wp:term":[{"taxonomy":"category","embeddable":true,"href":"https:\/\/newsinfoco.com.br\/inicio\/wp-json\/wp\/v2\/categories?post=14378"},{"taxonomy":"post_tag","embeddable":true,"href":"https:\/\/newsinfoco.com.br\/inicio\/wp-json\/wp\/v2\/tags?post=14378"}],"curies":[{"name":"wp","href":"https:\/\/api.w.org\/{rel}","templated":true}]}}