{"id":14385,"date":"2019-03-31T18:57:59","date_gmt":"2019-03-31T21:57:59","guid":{"rendered":"http:\/\/newsinfoco.com.br\/?p=14385"},"modified":"2019-03-31T18:57:59","modified_gmt":"2019-03-31T21:57:59","slug":"paulo-cezar-mantem-alinhamento-politico-com-rui-costa-e-segue-com-indicacao-da-adab","status":"publish","type":"post","link":"https:\/\/newsinfoco.com.br\/inicio\/paulo-cezar-mantem-alinhamento-politico-com-rui-costa-e-segue-com-indicacao-da-adab\/","title":{"rendered":"Paulo Cezar mant\u00e9m alinhamento pol\u00edtico com Rui Costa e segue com indica\u00e7\u00e3o da ADAB"},"content":{"rendered":"<p dir=\"auto\" style=\"text-align: justify;\">A alian\u00e7a pol\u00edtica entre o governador Rui Costa e o ex-prefeito de Alagoinhas, Paulo Cezar, segue em alta, prova disso \u00e9 que, mesmo ap\u00f3s descompatibilizar do cargo de diretor-geral da Ag\u00eancia de Defesa Agropecu\u00e1ria (ADAB), para concorrer a uma vaga na Assembleia Legislativa, mant\u00e9m no \u00f3rg\u00e3o o indicado pol\u00edtico, Bruno Almeida.<\/p>\n<p dir=\"auto\" style=\"text-align: justify;\">Rumores do meio pol\u00edtico d\u00e3o conta que por estarem fazendo um trabalho de excel\u00eancia, o grupo de Paulo Cezar deve permanecer a frente do \u00f3rg\u00e3o, que faz parte do segundo escal\u00e3o do governo, apesar do governado Rui Costa estar postergando o anuncio de nomea\u00e7\u00f5es no segundo escal\u00e3o, que deve ocasionar mudan\u00e7as em algumas diretorias.<\/p><div class=\"newsi-conteudo_19\" id=\"newsi-1580296791\"><a href=\"https:\/\/www.instagram.com\/prefeituraalagoinhas?igsh=YzgzdDJ1bWR3aWI4\" aria-label=\"SAVE_20251006_221555\"><img loading=\"lazy\" decoding=\"async\" src=\"https:\/\/newsinfoco.com.br\/inicio\/wp-content\/uploads\/2025\/10\/SAVE_20251006_221555-rotated.jpg\" alt=\"\"  srcset=\"https:\/\/newsinfoco.com.br\/inicio\/wp-content\/uploads\/2025\/10\/SAVE_20251006_221555-rotated.jpg 1140w, https:\/\/newsinfoco.com.br\/inicio\/wp-content\/uploads\/2025\/10\/SAVE_20251006_221555-300x52.jpg 300w, https:\/\/newsinfoco.com.br\/inicio\/wp-content\/uploads\/2025\/10\/SAVE_20251006_221555-1024x177.jpg 1024w, https:\/\/newsinfoco.com.br\/inicio\/wp-content\/uploads\/2025\/10\/SAVE_20251006_221555-768x133.jpg 768w, https:\/\/newsinfoco.com.br\/inicio\/wp-content\/uploads\/2025\/10\/SAVE_20251006_221555-600x104.jpg 600w, https:\/\/newsinfoco.com.br\/inicio\/wp-content\/uploads\/2025\/10\/SAVE_20251006_221555-696x120.jpg 696w, https:\/\/newsinfoco.com.br\/inicio\/wp-content\/uploads\/2025\/10\/SAVE_20251006_221555-1068x185.jpg 1068w\" sizes=\"(max-width: 1140px) 100vw, 1140px\" width=\"1140\" height=\"197\"   \/><\/a><\/div>\n<p dir=\"auto\" style=\"text-align: justify;\">Segundo apurou o site News Infoco, o grupo de, Paulo Cezar, segue alcan\u00e7ando \u00edndices de excel\u00eancia na ag\u00eancia. Em contato com o editor do site o atual diretor-geral, Bruno Almeida, disse que o trabalho de continuidade e o sentimento de grupo est\u00e3o cada vez mais fortes.<\/p>\n<p dir=\"auto\" style=\"text-align: justify;\">&#8220;Paulo Cezar \u00e9 o nosso l\u00edder pol\u00edtico, o nosso indicador. N\u00f3s fazemos parte de um grupo que est\u00e1, completamente, alinhado com o Governador, Rui Costa. Temos gratid\u00e3o pela indica\u00e7\u00e3o e honrar a miss\u00e3o que nos foi confiada da melhor forma que \u00e9 manter o legado de trabalho que ele deixou na ADAB&#8221;.<\/p>\n<p dir=\"auto\" style=\"text-align: justify;\">Ainda segundo Almeida, &#8220;Paulo tem papel fundamental na ag\u00eancia. Foi idealizador de importantes projetos que est\u00e3o sendo executados. Constru\u00edmos juntos uma gest\u00e3o administrativa eficiente, que reflete diretamente na atua\u00e7\u00e3o fim da ag\u00eancia que \u00e9 a defesa agropecu\u00e1ria. Estamos alinhados com a base parlamentar e governista, inclusive para um poss\u00edvel projeto em 2020&#8221;.<\/p>\n<p dir=\"auto\" style=\"text-align: justify;\">Sobre o retorno de Paulo Cezar a ag\u00eancia, Bruno garantiu que a conversa dele com o Governador \u00e9 que vai definir as diretrizes sobre o futuro. &#8220;Paulo \u00e9 um nome forte para 2020 em Alagoinhas, seja na cabe\u00e7a ou apoiando. Vamos continuar trabalhando. Ele \u00e9 bem vindo em qualquer cen\u00e1rio e estamos aqui para ajudar, sou um colaborador&#8221;.<\/p>\n<p dir=\"auto\" style=\"text-align: justify;\">Sempre virtual candidato \u00e0 prefeitura de Alagoinhas, Paulo Cezar deve disputar as elei\u00e7\u00f5es do pr\u00f3ximo ano por um partido da base do governador Rui Costa. O PP do vice-governado Jo\u00e3o Le\u00e3o sai na frente como sendo o futuro destino de Paulo Cezar. Apesar de ter mantido conversas com o PSD, a recente aproxima\u00e7\u00e3o do senador Otto Alencar, cacique do partido no estado, com o atual prefeito de Alagoinhas, Joaquim Neto(DEM), praticamente inviabiliza a ida de Paulo Cezar ao partido, j\u00e1 que Joaquim pretende disputar a reelei\u00e7\u00e3o.<\/p>\n<h6 dir=\"auto\" style=\"text-align: right;\">Por Caio Pimenta para o News Infoco<\/h6>\n<div dir=\"auto\">\n<p dir=\"auto\" style=\"text-align: justify;\">\n<p dir=\"auto\" style=\"text-align: justify;\">\n<\/div>\n<div class='share-to-whatsapp-wrapper'><div class='share-on-whsp'>Share on: <\/div><a data-text='Paulo Cezar mant\u00e9m alinhamento pol\u00edtico com Rui Costa e segue com indica\u00e7\u00e3o da ADAB' data-link='https:\/\/newsinfoco.com.br\/inicio\/paulo-cezar-mantem-alinhamento-politico-com-rui-costa-e-segue-com-indicacao-da-adab\/' class='whatsapp-button whatsapp-share'>WhatsApp<\/a><div class='clear '><\/div><\/div>","protected":false},"excerpt":{"rendered":"<p>A alian\u00e7a pol\u00edtica entre o governador Rui Costa e o ex-prefeito de Alagoinhas, Paulo Cezar, segue em alta, prova disso \u00e9 que, mesmo ap\u00f3s descompatibilizar do cargo de diretor-geral da Ag\u00eancia de Defesa Agropecu\u00e1ria (ADAB), para concorrer a uma vaga na Assembleia Legislativa, mant\u00e9m no \u00f3rg\u00e3o o indicado pol\u00edtico, Bruno Almeida. Rumores do meio pol\u00edtico [&hellip;]<\/p>\n","protected":false},"author":1,"featured_media":11750,"comment_status":"open","ping_status":"open","sticky":false,"template":"","format":"standard","meta":{"om_disable_all_campaigns":false,"_exactmetrics_skip_tracking":false,"_exactmetrics_sitenote_active":false,"_exactmetrics_sitenote_note":"","_exactmetrics_sitenote_category":0,"footnotes":""},"categories":[38],"tags":[],"class_list":["post-14385","post","type-post","status-publish","format-standard","has-post-thumbnail","hentry","category-alagoinhas-e-regiao"],"aioseo_notices":[],"_links":{"self":[{"href":"https:\/\/newsinfoco.com.br\/inicio\/wp-json\/wp\/v2\/posts\/14385","targetHints":{"allow":["GET"]}}],"collection":[{"href":"https:\/\/newsinfoco.com.br\/inicio\/wp-json\/wp\/v2\/posts"}],"about":[{"href":"https:\/\/newsinfoco.com.br\/inicio\/wp-json\/wp\/v2\/types\/post"}],"author":[{"embeddable":true,"href":"https:\/\/newsinfoco.com.br\/inicio\/wp-json\/wp\/v2\/users\/1"}],"replies":[{"embeddable":true,"href":"https:\/\/newsinfoco.com.br\/inicio\/wp-json\/wp\/v2\/comments?post=14385"}],"version-history":[{"count":0,"href":"https:\/\/newsinfoco.com.br\/inicio\/wp-json\/wp\/v2\/posts\/14385\/revisions"}],"wp:featuredmedia":[{"embeddable":true,"href":"https:\/\/newsinfoco.com.br\/inicio\/wp-json\/wp\/v2\/media\/11750"}],"wp:attachment":[{"href":"https:\/\/newsinfoco.com.br\/inicio\/wp-json\/wp\/v2\/media?parent=14385"}],"wp:term":[{"taxonomy":"category","embeddable":true,"href":"https:\/\/newsinfoco.com.br\/inicio\/wp-json\/wp\/v2\/categories?post=14385"},{"taxonomy":"post_tag","embeddable":true,"href":"https:\/\/newsinfoco.com.br\/inicio\/wp-json\/wp\/v2\/tags?post=14385"}],"curies":[{"name":"wp","href":"https:\/\/api.w.org\/{rel}","templated":true}]}}