{"id":14402,"date":"2019-04-01T21:10:40","date_gmt":"2019-04-02T00:10:40","guid":{"rendered":"http:\/\/newsinfoco.com.br\/?p=14402"},"modified":"2019-04-01T21:10:40","modified_gmt":"2019-04-02T00:10:40","slug":"com-apoio-da-prefeitura-de-alagoinhas-agricultores-do-cangula-participarao-de-curso-de-tratorista-a-partir-do-dia-8-de-abril","status":"publish","type":"post","link":"https:\/\/newsinfoco.com.br\/inicio\/com-apoio-da-prefeitura-de-alagoinhas-agricultores-do-cangula-participarao-de-curso-de-tratorista-a-partir-do-dia-8-de-abril\/","title":{"rendered":"Com apoio da Prefeitura de Alagoinhas, agricultores do Cangula participar\u00e3o de curso de tratorista a partir do dia 8 de abril"},"content":{"rendered":"<p style=\"text-align: justify;\">Agricultores da comunidade quilombola do Cangula contar\u00e3o, entre os dias 8 e 12 de abril, com um curso de Tratorista B\u00e1sico voltado \u00e0 forma\u00e7\u00e3o de operadores.<\/p>\n<p style=\"text-align: justify;\">Os produtores rurais participantes dever\u00e3o aprender tamb\u00e9m sobre processos mecanizados e suas regulagens, para que desenvolvam habilidades como pulveriza\u00e7\u00e3o e aduba\u00e7\u00e3o do local com o maquin\u00e1rio.<\/p><div class=\"newsi-conteudo_19\" id=\"newsi-687353732\"><a href=\"https:\/\/www.instagram.com\/prefeituraalagoinhas?igsh=YzgzdDJ1bWR3aWI4\" aria-label=\"SAVE_20251006_221555\"><img loading=\"lazy\" decoding=\"async\" src=\"https:\/\/newsinfoco.com.br\/inicio\/wp-content\/uploads\/2025\/10\/SAVE_20251006_221555-rotated.jpg\" alt=\"\"  srcset=\"https:\/\/newsinfoco.com.br\/inicio\/wp-content\/uploads\/2025\/10\/SAVE_20251006_221555-rotated.jpg 1140w, https:\/\/newsinfoco.com.br\/inicio\/wp-content\/uploads\/2025\/10\/SAVE_20251006_221555-300x52.jpg 300w, https:\/\/newsinfoco.com.br\/inicio\/wp-content\/uploads\/2025\/10\/SAVE_20251006_221555-1024x177.jpg 1024w, https:\/\/newsinfoco.com.br\/inicio\/wp-content\/uploads\/2025\/10\/SAVE_20251006_221555-768x133.jpg 768w, https:\/\/newsinfoco.com.br\/inicio\/wp-content\/uploads\/2025\/10\/SAVE_20251006_221555-600x104.jpg 600w, https:\/\/newsinfoco.com.br\/inicio\/wp-content\/uploads\/2025\/10\/SAVE_20251006_221555-696x120.jpg 696w, https:\/\/newsinfoco.com.br\/inicio\/wp-content\/uploads\/2025\/10\/SAVE_20251006_221555-1068x185.jpg 1068w\" sizes=\"(max-width: 1140px) 100vw, 1140px\" width=\"1140\" height=\"197\"   \/><\/a><\/div>\n<p style=\"text-align: justify;\">A iniciativa \u00e9 da BSC\/Copener, em parceria com a Prefeitura de Alagoinhas e com o Servi\u00e7o Nacional de Aprendizagem Rural (SENAR), e integra o programa corporativo \u201cEmpreender com Voc\u00ea\u201d, que promove capacita\u00e7\u00f5es com foco na gera\u00e7\u00e3o de renda para as comunidades da \u00e1rea de atua\u00e7\u00e3o da empresa. O apoio \u00e9 do Sindicato Rural de Cip\u00f3.<\/p>\n<p style=\"text-align: justify;\">\u201cA Secretaria Municipal de Agricultura se responsabilizar\u00e1 pela contrata\u00e7\u00e3o de um trator com implementos que ficar\u00e1 \u00e0 disposi\u00e7\u00e3o dos alunos durante todo o per\u00edodo do curso. Com a qualifica\u00e7\u00e3o, \u00e9 poss\u00edvel reduzir os custos com o preparo da terra, al\u00e9m dos riscos de danos ao maquin\u00e1rio e ao meio ambiente. Com essa atividade, a SEMAG completa um pacote de a\u00e7\u00f5es que tem como objetivo o fortalecimento da agricultura familiar. Com a recupera\u00e7\u00e3o de estradas vicinais, a entrega de adubo org\u00e2nico para incremento \u00e0 produtividade nas lavouras, a distribui\u00e7\u00e3o de sementes e insumos e o apoio \u00e0s associa\u00e7\u00f5es rurais, por meio de capacita\u00e7\u00f5es, maquin\u00e1rio e parcerias, a Secretaria n\u00e3o apenas cumpre com a proposta de uma pol\u00edtica p\u00fablica que potencialize o desenvolvimento do campo, como tamb\u00e9m apresenta subs\u00eddios para que a produ\u00e7\u00e3o dos agricultores se torne cada vez mais eficiente\u201d, enfatizou o secret\u00e1rio municipal de agricultura, Geraldo Almeida.<\/p>\n<p style=\"text-align: justify;\">O curso ser\u00e1 ministrado na Associa\u00e7\u00e3o Comunit\u00e1ria dos Produtores Rurais do Cangula e os interessados devem entrar em contato com a associa\u00e7\u00e3o.<\/p>\n<h6 style=\"text-align: right;\">Secom Alagoinhas<\/h6>\n<div class='share-to-whatsapp-wrapper'><div class='share-on-whsp'>Share on: <\/div><a data-text='Com apoio da Prefeitura de Alagoinhas, agricultores do Cangula participar\u00e3o de curso de tratorista a partir do dia 8 de abril' data-link='https:\/\/newsinfoco.com.br\/inicio\/com-apoio-da-prefeitura-de-alagoinhas-agricultores-do-cangula-participarao-de-curso-de-tratorista-a-partir-do-dia-8-de-abril\/' class='whatsapp-button whatsapp-share'>WhatsApp<\/a><div class='clear '><\/div><\/div>","protected":false},"excerpt":{"rendered":"<p>Agricultores da comunidade quilombola do Cangula contar\u00e3o, entre os dias 8 e 12 de abril, com um curso de Tratorista B\u00e1sico voltado \u00e0 forma\u00e7\u00e3o de operadores. Os produtores rurais participantes dever\u00e3o aprender tamb\u00e9m sobre processos mecanizados e suas regulagens, para que desenvolvam habilidades como pulveriza\u00e7\u00e3o e aduba\u00e7\u00e3o do local com o maquin\u00e1rio. A iniciativa \u00e9 [&hellip;]<\/p>\n","protected":false},"author":1,"featured_media":14403,"comment_status":"open","ping_status":"open","sticky":false,"template":"","format":"standard","meta":{"om_disable_all_campaigns":false,"_exactmetrics_skip_tracking":false,"_exactmetrics_sitenote_active":false,"_exactmetrics_sitenote_note":"","_exactmetrics_sitenote_category":0,"footnotes":""},"categories":[38],"tags":[],"class_list":["post-14402","post","type-post","status-publish","format-standard","has-post-thumbnail","hentry","category-alagoinhas-e-regiao"],"aioseo_notices":[],"_links":{"self":[{"href":"https:\/\/newsinfoco.com.br\/inicio\/wp-json\/wp\/v2\/posts\/14402","targetHints":{"allow":["GET"]}}],"collection":[{"href":"https:\/\/newsinfoco.com.br\/inicio\/wp-json\/wp\/v2\/posts"}],"about":[{"href":"https:\/\/newsinfoco.com.br\/inicio\/wp-json\/wp\/v2\/types\/post"}],"author":[{"embeddable":true,"href":"https:\/\/newsinfoco.com.br\/inicio\/wp-json\/wp\/v2\/users\/1"}],"replies":[{"embeddable":true,"href":"https:\/\/newsinfoco.com.br\/inicio\/wp-json\/wp\/v2\/comments?post=14402"}],"version-history":[{"count":0,"href":"https:\/\/newsinfoco.com.br\/inicio\/wp-json\/wp\/v2\/posts\/14402\/revisions"}],"wp:featuredmedia":[{"embeddable":true,"href":"https:\/\/newsinfoco.com.br\/inicio\/wp-json\/wp\/v2\/media\/14403"}],"wp:attachment":[{"href":"https:\/\/newsinfoco.com.br\/inicio\/wp-json\/wp\/v2\/media?parent=14402"}],"wp:term":[{"taxonomy":"category","embeddable":true,"href":"https:\/\/newsinfoco.com.br\/inicio\/wp-json\/wp\/v2\/categories?post=14402"},{"taxonomy":"post_tag","embeddable":true,"href":"https:\/\/newsinfoco.com.br\/inicio\/wp-json\/wp\/v2\/tags?post=14402"}],"curies":[{"name":"wp","href":"https:\/\/api.w.org\/{rel}","templated":true}]}}