{"id":14405,"date":"2019-04-01T21:15:02","date_gmt":"2019-04-02T00:15:02","guid":{"rendered":"http:\/\/newsinfoco.com.br\/?p=14405"},"modified":"2019-04-01T21:15:02","modified_gmt":"2019-04-02T00:15:02","slug":"prefeitura-de-alagoinhas-adquire-4-novos-onibus-escolares-para-garantir-a-permanencia-dos-alunos-nas-escolas","status":"publish","type":"post","link":"https:\/\/newsinfoco.com.br\/inicio\/prefeitura-de-alagoinhas-adquire-4-novos-onibus-escolares-para-garantir-a-permanencia-dos-alunos-nas-escolas\/","title":{"rendered":"Prefeitura de Alagoinhas adquire 4 novos \u00f4nibus escolares para garantir a perman\u00eancia dos alunos nas escolas"},"content":{"rendered":"<p style=\"text-align: justify;\">Os alunos matriculados na rede p\u00fablica municipal poder\u00e3o contar, a partir deste m\u00eas, com um refor\u00e7o ao transporte escolar. \u00c9 que, com foco nos avan\u00e7os da educa\u00e7\u00e3o, a Prefeitura incrementa a frota escolar e adquire 4 novos ve\u00edculos que devem contribuir, a partir deste m\u00eas, para a mobilidade dos estudantes.<\/p>\n<p style=\"text-align: justify;\">O recurso, da ordem de R$ 1.100.000,00, \u00e9 do Fundo Nacional de Desenvolvimento da Educa\u00e7\u00e3o (FNDE), e a Prefeitura entra com uma contrapartida de R$ 85.702,00, conforme termo de compromisso assinado.<\/p><div class=\"newsi-conteudo_19\" id=\"newsi-2124322416\"><a href=\"https:\/\/www.instagram.com\/prefeituraalagoinhas?igsh=YzgzdDJ1bWR3aWI4\" aria-label=\"SAVE_20251006_221555\"><img loading=\"lazy\" decoding=\"async\" src=\"https:\/\/newsinfoco.com.br\/inicio\/wp-content\/uploads\/2025\/10\/SAVE_20251006_221555-rotated.jpg\" alt=\"\"  srcset=\"https:\/\/newsinfoco.com.br\/inicio\/wp-content\/uploads\/2025\/10\/SAVE_20251006_221555-rotated.jpg 1140w, https:\/\/newsinfoco.com.br\/inicio\/wp-content\/uploads\/2025\/10\/SAVE_20251006_221555-300x52.jpg 300w, https:\/\/newsinfoco.com.br\/inicio\/wp-content\/uploads\/2025\/10\/SAVE_20251006_221555-1024x177.jpg 1024w, https:\/\/newsinfoco.com.br\/inicio\/wp-content\/uploads\/2025\/10\/SAVE_20251006_221555-768x133.jpg 768w, https:\/\/newsinfoco.com.br\/inicio\/wp-content\/uploads\/2025\/10\/SAVE_20251006_221555-600x104.jpg 600w, https:\/\/newsinfoco.com.br\/inicio\/wp-content\/uploads\/2025\/10\/SAVE_20251006_221555-696x120.jpg 696w, https:\/\/newsinfoco.com.br\/inicio\/wp-content\/uploads\/2025\/10\/SAVE_20251006_221555-1068x185.jpg 1068w\" sizes=\"(max-width: 1140px) 100vw, 1140px\" width=\"1140\" height=\"197\"   \/><\/a><\/div>\n<p style=\"text-align: justify;\">De acordo com a Secretaria Municipal de Educa\u00e7\u00e3o (SEDUC), 2 dos \u201camarelinhos\u201d \u2013 como s\u00e3o chamados os \u00f4nibus adquiridos \u2013 j\u00e1 est\u00e3o em pleno funcionamento na rede e outros 2 devem chegar at\u00e9 o final do m\u00eas para compor a frota.<\/p>\n<p style=\"text-align: justify;\">Segundo a SEDUC, os ve\u00edculos s\u00e3o pensados para garantir a efetividade do transporte de alunos, assegurando condi\u00e7\u00f5es para a ida e perman\u00eancia dos estudantes nas escolas.<\/p>\n<p style=\"text-align: justify;\">\u201cA chegada dos novos \u00f4nibus escolares \u00e9 tamb\u00e9m reflexo do empenho da gest\u00e3o do prefeito Joaquim Neto, que tem apostado na Educa\u00e7\u00e3o como \u00e1rea priorit\u00e1ria de investimentos. Ent\u00e3o temos buscado formas de trazer melhorias \u00e0 Educa\u00e7\u00e3o nas \u00e1reas pedag\u00f3gica, de gest\u00e3o, estrutura e mobilidade, porque precisamos garantir que o nosso aluno possa chegar \u00e0 unidade de ensino em que est\u00e1 matriculado com seguran\u00e7a. \u00c9 esse o comprometimento da Secretaria de Educa\u00e7\u00e3o. Com o refor\u00e7o, teremos um aumento significativo de alunos beneficiados\u201d, pontuou o secret\u00e1rio municipal de educa\u00e7\u00e3o, T\u00e1cio Lobo.<\/p>\n<p style=\"text-align: justify;\">Com o incremento, a previs\u00e3o \u00e9 de que a SEDUC conte com 25 ve\u00edculos de transporte escolar circulando no munic\u00edpio.<\/p>\n<h6 style=\"text-align: right;\">Secom Alagoinhas<\/h6>\n<div class='share-to-whatsapp-wrapper'><div class='share-on-whsp'>Share on: <\/div><a data-text='Prefeitura de Alagoinhas adquire 4 novos \u00f4nibus escolares para garantir a perman\u00eancia dos alunos nas escolas' data-link='https:\/\/newsinfoco.com.br\/inicio\/prefeitura-de-alagoinhas-adquire-4-novos-onibus-escolares-para-garantir-a-permanencia-dos-alunos-nas-escolas\/' class='whatsapp-button whatsapp-share'>WhatsApp<\/a><div class='clear '><\/div><\/div>","protected":false},"excerpt":{"rendered":"<p>Os alunos matriculados na rede p\u00fablica municipal poder\u00e3o contar, a partir deste m\u00eas, com um refor\u00e7o ao transporte escolar. \u00c9 que, com foco nos avan\u00e7os da educa\u00e7\u00e3o, a Prefeitura incrementa a frota escolar e adquire 4 novos ve\u00edculos que devem contribuir, a partir deste m\u00eas, para a mobilidade dos estudantes. O recurso, da ordem de [&hellip;]<\/p>\n","protected":false},"author":1,"featured_media":14406,"comment_status":"open","ping_status":"open","sticky":false,"template":"","format":"standard","meta":{"om_disable_all_campaigns":false,"_exactmetrics_skip_tracking":false,"_exactmetrics_sitenote_active":false,"_exactmetrics_sitenote_note":"","_exactmetrics_sitenote_category":0,"footnotes":""},"categories":[38],"tags":[],"class_list":["post-14405","post","type-post","status-publish","format-standard","has-post-thumbnail","hentry","category-alagoinhas-e-regiao"],"aioseo_notices":[],"_links":{"self":[{"href":"https:\/\/newsinfoco.com.br\/inicio\/wp-json\/wp\/v2\/posts\/14405","targetHints":{"allow":["GET"]}}],"collection":[{"href":"https:\/\/newsinfoco.com.br\/inicio\/wp-json\/wp\/v2\/posts"}],"about":[{"href":"https:\/\/newsinfoco.com.br\/inicio\/wp-json\/wp\/v2\/types\/post"}],"author":[{"embeddable":true,"href":"https:\/\/newsinfoco.com.br\/inicio\/wp-json\/wp\/v2\/users\/1"}],"replies":[{"embeddable":true,"href":"https:\/\/newsinfoco.com.br\/inicio\/wp-json\/wp\/v2\/comments?post=14405"}],"version-history":[{"count":0,"href":"https:\/\/newsinfoco.com.br\/inicio\/wp-json\/wp\/v2\/posts\/14405\/revisions"}],"wp:featuredmedia":[{"embeddable":true,"href":"https:\/\/newsinfoco.com.br\/inicio\/wp-json\/wp\/v2\/media\/14406"}],"wp:attachment":[{"href":"https:\/\/newsinfoco.com.br\/inicio\/wp-json\/wp\/v2\/media?parent=14405"}],"wp:term":[{"taxonomy":"category","embeddable":true,"href":"https:\/\/newsinfoco.com.br\/inicio\/wp-json\/wp\/v2\/categories?post=14405"},{"taxonomy":"post_tag","embeddable":true,"href":"https:\/\/newsinfoco.com.br\/inicio\/wp-json\/wp\/v2\/tags?post=14405"}],"curies":[{"name":"wp","href":"https:\/\/api.w.org\/{rel}","templated":true}]}}