{"id":14408,"date":"2019-04-01T21:18:43","date_gmt":"2019-04-02T00:18:43","guid":{"rendered":"http:\/\/newsinfoco.com.br\/?p=14408"},"modified":"2019-04-01T21:18:43","modified_gmt":"2019-04-02T00:18:43","slug":"zona-azul-de-alagoinhas-ganhara-area-isenta-de-tarifa-para-motos","status":"publish","type":"post","link":"https:\/\/newsinfoco.com.br\/inicio\/zona-azul-de-alagoinhas-ganhara-area-isenta-de-tarifa-para-motos\/","title":{"rendered":"Zona Azul de Alagoinhas ganhar\u00e1 \u00e1rea isenta de tarifa para motos"},"content":{"rendered":"<p style=\"text-align: justify;\">Atendendo a solicita\u00e7\u00f5es da comunidade, o prefeito Joaquim Neto, em reuni\u00e3o com a Superintend\u00eancia de Transporte e Tr\u00e2nsito (SMTT) e a empresa concession\u00e1ria E-Parking,\u00a0 determinou a implanta\u00e7\u00e3o de um bols\u00e3o para motos sem a cobran\u00e7a de tarifa (\u00e1rea branca), nas proximidades do per\u00edmetro da Zona Azul. De acordo com o prefeito, a \u00e1rea ser\u00e1 criada, visando, preferencialmente, aos trabalhadores do centro da cidade.<\/p>\n<p style=\"text-align: justify;\">Com previs\u00e3o de in\u00edcio de funcionamento j\u00e1 no m\u00eas de abril, a \u00e1rea branca ficar\u00e1 localizada na Rua Coronel Jos\u00e9 Ol\u00edmpio e ter\u00e1 80 vagas. \u201d \u00c9 preciso destacar que esta \u00e1rea ser\u00e1 exclusiva para motos, e que a SMTT far\u00e1 a fiscaliza\u00e7\u00e3o e autuar\u00e1 os motoristas, em caso de estacionamento irregular\u201d, explica o superintendente da \u00a0SMTT, Raimundo Nonato.<\/p><div class=\"newsi-conteudo_19\" id=\"newsi-1745631120\"><a href=\"https:\/\/www.instagram.com\/prefeituraalagoinhas?igsh=YzgzdDJ1bWR3aWI4\" aria-label=\"SAVE_20251006_221555\"><img loading=\"lazy\" decoding=\"async\" src=\"https:\/\/newsinfoco.com.br\/inicio\/wp-content\/uploads\/2025\/10\/SAVE_20251006_221555-rotated.jpg\" alt=\"\"  srcset=\"https:\/\/newsinfoco.com.br\/inicio\/wp-content\/uploads\/2025\/10\/SAVE_20251006_221555-rotated.jpg 1140w, https:\/\/newsinfoco.com.br\/inicio\/wp-content\/uploads\/2025\/10\/SAVE_20251006_221555-300x52.jpg 300w, https:\/\/newsinfoco.com.br\/inicio\/wp-content\/uploads\/2025\/10\/SAVE_20251006_221555-1024x177.jpg 1024w, https:\/\/newsinfoco.com.br\/inicio\/wp-content\/uploads\/2025\/10\/SAVE_20251006_221555-768x133.jpg 768w, https:\/\/newsinfoco.com.br\/inicio\/wp-content\/uploads\/2025\/10\/SAVE_20251006_221555-600x104.jpg 600w, https:\/\/newsinfoco.com.br\/inicio\/wp-content\/uploads\/2025\/10\/SAVE_20251006_221555-696x120.jpg 696w, https:\/\/newsinfoco.com.br\/inicio\/wp-content\/uploads\/2025\/10\/SAVE_20251006_221555-1068x185.jpg 1068w\" sizes=\"(max-width: 1140px) 100vw, 1140px\" width=\"1140\" height=\"197\"   \/><\/a><\/div>\n<p style=\"text-align: justify;\">Segundo\u00a0Marcos Vasconcelos, administrador da E-parking, concession\u00e1ria da Zona Azul em Alagoinhas,\u00a0 a empresa aguarda um per\u00edodo de estiagem para dar in\u00edcio \u00e0 sinaliza\u00e7\u00e3o da via.<\/p>\n<h6 style=\"text-align: right;\">Secom Alagoinhas<\/h6>\n<div class='share-to-whatsapp-wrapper'><div class='share-on-whsp'>Share on: <\/div><a data-text='Zona Azul de Alagoinhas ganhar\u00e1 \u00e1rea isenta de tarifa para motos' data-link='https:\/\/newsinfoco.com.br\/inicio\/zona-azul-de-alagoinhas-ganhara-area-isenta-de-tarifa-para-motos\/' class='whatsapp-button whatsapp-share'>WhatsApp<\/a><div class='clear '><\/div><\/div>","protected":false},"excerpt":{"rendered":"<p>Atendendo a solicita\u00e7\u00f5es da comunidade, o prefeito Joaquim Neto, em reuni\u00e3o com a Superintend\u00eancia de Transporte e Tr\u00e2nsito (SMTT) e a empresa concession\u00e1ria E-Parking,\u00a0 determinou a implanta\u00e7\u00e3o de um bols\u00e3o para motos sem a cobran\u00e7a de tarifa (\u00e1rea branca), nas proximidades do per\u00edmetro da Zona Azul. De acordo com o prefeito, a \u00e1rea ser\u00e1 criada, [&hellip;]<\/p>\n","protected":false},"author":1,"featured_media":14409,"comment_status":"open","ping_status":"open","sticky":false,"template":"","format":"standard","meta":{"om_disable_all_campaigns":false,"_exactmetrics_skip_tracking":false,"_exactmetrics_sitenote_active":false,"_exactmetrics_sitenote_note":"","_exactmetrics_sitenote_category":0,"footnotes":""},"categories":[38],"tags":[],"class_list":["post-14408","post","type-post","status-publish","format-standard","has-post-thumbnail","hentry","category-alagoinhas-e-regiao"],"aioseo_notices":[],"_links":{"self":[{"href":"https:\/\/newsinfoco.com.br\/inicio\/wp-json\/wp\/v2\/posts\/14408","targetHints":{"allow":["GET"]}}],"collection":[{"href":"https:\/\/newsinfoco.com.br\/inicio\/wp-json\/wp\/v2\/posts"}],"about":[{"href":"https:\/\/newsinfoco.com.br\/inicio\/wp-json\/wp\/v2\/types\/post"}],"author":[{"embeddable":true,"href":"https:\/\/newsinfoco.com.br\/inicio\/wp-json\/wp\/v2\/users\/1"}],"replies":[{"embeddable":true,"href":"https:\/\/newsinfoco.com.br\/inicio\/wp-json\/wp\/v2\/comments?post=14408"}],"version-history":[{"count":0,"href":"https:\/\/newsinfoco.com.br\/inicio\/wp-json\/wp\/v2\/posts\/14408\/revisions"}],"wp:featuredmedia":[{"embeddable":true,"href":"https:\/\/newsinfoco.com.br\/inicio\/wp-json\/wp\/v2\/media\/14409"}],"wp:attachment":[{"href":"https:\/\/newsinfoco.com.br\/inicio\/wp-json\/wp\/v2\/media?parent=14408"}],"wp:term":[{"taxonomy":"category","embeddable":true,"href":"https:\/\/newsinfoco.com.br\/inicio\/wp-json\/wp\/v2\/categories?post=14408"},{"taxonomy":"post_tag","embeddable":true,"href":"https:\/\/newsinfoco.com.br\/inicio\/wp-json\/wp\/v2\/tags?post=14408"}],"curies":[{"name":"wp","href":"https:\/\/api.w.org\/{rel}","templated":true}]}}