{"id":1443,"date":"2018-03-21T21:10:15","date_gmt":"2018-03-22T00:10:15","guid":{"rendered":"http:\/\/newsinfoco.com.br\/?p=1443"},"modified":"2018-03-21T21:10:15","modified_gmt":"2018-03-22T00:10:15","slug":"prefeitura-de-alagoinhas-promove-reuniao-entre-cooperativas-de-reciclagem-e-empresa-de-consultoria","status":"publish","type":"post","link":"https:\/\/newsinfoco.com.br\/inicio\/prefeitura-de-alagoinhas-promove-reuniao-entre-cooperativas-de-reciclagem-e-empresa-de-consultoria\/","title":{"rendered":"Prefeitura de Alagoinhas promove reuni\u00e3o entre cooperativas de reciclagem e empresa de consultoria"},"content":{"rendered":"<p style=\"text-align: justify;\"><span style=\"color: #000000;\">A Prefeitura de Alagoinhas, por interm\u00e9dio da Secretaria Municipal de Servi\u00e7os P\u00fablicos (SESEP), promoveu a primeira reuni\u00e3o entre representantes da Cooperativa de Reciclagem Ex\u00e9rcito de Cristo (COOPERC), Cooperativa de Reciclagem de Alagoinhas (CORAL) e a empresa SER. A diretoria do aterro sanit\u00e1rio tamb\u00e9m participou da discuss\u00e3o. O di\u00e1logo entre as entidades \u00e9 fruto de um processo de cumprimento de um Termo de Ajustamento de Conduta, proposto pelo Minist\u00e9rio P\u00fablico e a empresa SER ser\u00e1 respons\u00e1vel por mediar \u00e0s adequa\u00e7\u00f5es das cooperativas de reciclagem aos novos termos.<\/span><\/p>\n<p style=\"text-align: justify;\"><span style=\"color: #000000;\">Segundo Iracema Marques, representante da SER, a empresa est\u00e1 encarregada de ouvir as cooperativas e auxiliar na reflex\u00e3o sobre os melhores caminhos para a adequa\u00e7\u00e3o. Com larga experi\u00eancia nestas media\u00e7\u00f5es, a SER n\u00e3o apenas far\u00e1 um diagn\u00f3stico sobre as quest\u00f5es legais e ambientais, mas tamb\u00e9m sobre as peculiaridades culturais das cooperativas.<\/span><\/p><div class=\"newsi-conteudo_19\" id=\"newsi-351395346\"><a href=\"https:\/\/www.instagram.com\/prefeituraalagoinhas?igsh=YzgzdDJ1bWR3aWI4\" aria-label=\"SAVE_20251006_221555\"><img loading=\"lazy\" decoding=\"async\" src=\"https:\/\/newsinfoco.com.br\/inicio\/wp-content\/uploads\/2025\/10\/SAVE_20251006_221555-rotated.jpg\" alt=\"\"  srcset=\"https:\/\/newsinfoco.com.br\/inicio\/wp-content\/uploads\/2025\/10\/SAVE_20251006_221555-rotated.jpg 1140w, https:\/\/newsinfoco.com.br\/inicio\/wp-content\/uploads\/2025\/10\/SAVE_20251006_221555-300x52.jpg 300w, https:\/\/newsinfoco.com.br\/inicio\/wp-content\/uploads\/2025\/10\/SAVE_20251006_221555-1024x177.jpg 1024w, https:\/\/newsinfoco.com.br\/inicio\/wp-content\/uploads\/2025\/10\/SAVE_20251006_221555-768x133.jpg 768w, https:\/\/newsinfoco.com.br\/inicio\/wp-content\/uploads\/2025\/10\/SAVE_20251006_221555-600x104.jpg 600w, https:\/\/newsinfoco.com.br\/inicio\/wp-content\/uploads\/2025\/10\/SAVE_20251006_221555-696x120.jpg 696w, https:\/\/newsinfoco.com.br\/inicio\/wp-content\/uploads\/2025\/10\/SAVE_20251006_221555-1068x185.jpg 1068w\" sizes=\"(max-width: 1140px) 100vw, 1140px\" width=\"1140\" height=\"197\"   \/><\/a><\/div>\n<p style=\"text-align: justify;\"><span style=\"color: #000000;\">A representante da empresa, que tem sede na capital baiana, afirmou em entrevista\u00a0 que o objetivo maior \u00e9 que COOPERC e CORAL consigam tornar-se cooperativas independentes, sustent\u00e1veis e continuem a servir Alagoinhas com melhores resultados. O m\u00e9todo inclui um comparativo com a experi\u00eancia de outras regi\u00f5es do pa\u00eds e avalia quest\u00f5es sociais como elementos norteadores do diagn\u00f3stico.<\/span><\/p>\n<p style=\"text-align: justify;\"><span style=\"color: #000000;\">Para Ticiane Queiroz Negreiro, representante da CORAL,\u00a0 \u00e9 primeira vez que aconteceu uma reuni\u00e3o t\u00e3o proveitosa e animadora. O diretor do Aterro Sanit\u00e1rio Jonatas Borges, acredita que o Ajustamento de Conduta permitir\u00e1 que as cooperativas caminhem para que sejam plenamente sustent\u00e1veis, independentes do poder p\u00fablico e da iniciativa privada. O Secret\u00e1rio Harnoldo Azi,\u00a0 endossou as palavras do diretor e reafirmou o compromisso da Secretaria de Servi\u00e7os P\u00fablicos nesta importante investida.<\/span><\/p>\n<h6 style=\"text-align: right;\"><span style=\"color: #999999;\">Fonte: SECOM SESEP Prefeitura<\/span><\/h6>\n<div class='share-to-whatsapp-wrapper'><div class='share-on-whsp'>Share on: <\/div><a data-text='Prefeitura de Alagoinhas promove reuni\u00e3o entre cooperativas de reciclagem e empresa de consultoria' data-link='https:\/\/newsinfoco.com.br\/inicio\/prefeitura-de-alagoinhas-promove-reuniao-entre-cooperativas-de-reciclagem-e-empresa-de-consultoria\/' class='whatsapp-button whatsapp-share'>WhatsApp<\/a><div class='clear '><\/div><\/div>","protected":false},"excerpt":{"rendered":"<p>A Prefeitura de Alagoinhas, por interm\u00e9dio da Secretaria Municipal de Servi\u00e7os P\u00fablicos (SESEP), promoveu a primeira reuni\u00e3o entre representantes da Cooperativa de Reciclagem Ex\u00e9rcito de Cristo (COOPERC), Cooperativa de Reciclagem de Alagoinhas (CORAL) e a empresa SER. A diretoria do aterro sanit\u00e1rio tamb\u00e9m participou da discuss\u00e3o. O di\u00e1logo entre as entidades \u00e9 fruto de um [&hellip;]<\/p>\n","protected":false},"author":1,"featured_media":1444,"comment_status":"open","ping_status":"open","sticky":false,"template":"","format":"standard","meta":{"om_disable_all_campaigns":false,"_exactmetrics_skip_tracking":false,"_exactmetrics_sitenote_active":false,"_exactmetrics_sitenote_note":"","_exactmetrics_sitenote_category":0,"footnotes":""},"categories":[38,30],"tags":[53,54,62],"class_list":["post-1443","post","type-post","status-publish","format-standard","has-post-thumbnail","hentry","category-alagoinhas-e-regiao","category-destaque","tag-alagoinhas","tag-prefeitura","tag-sesep"],"aioseo_notices":[],"_links":{"self":[{"href":"https:\/\/newsinfoco.com.br\/inicio\/wp-json\/wp\/v2\/posts\/1443","targetHints":{"allow":["GET"]}}],"collection":[{"href":"https:\/\/newsinfoco.com.br\/inicio\/wp-json\/wp\/v2\/posts"}],"about":[{"href":"https:\/\/newsinfoco.com.br\/inicio\/wp-json\/wp\/v2\/types\/post"}],"author":[{"embeddable":true,"href":"https:\/\/newsinfoco.com.br\/inicio\/wp-json\/wp\/v2\/users\/1"}],"replies":[{"embeddable":true,"href":"https:\/\/newsinfoco.com.br\/inicio\/wp-json\/wp\/v2\/comments?post=1443"}],"version-history":[{"count":0,"href":"https:\/\/newsinfoco.com.br\/inicio\/wp-json\/wp\/v2\/posts\/1443\/revisions"}],"wp:featuredmedia":[{"embeddable":true,"href":"https:\/\/newsinfoco.com.br\/inicio\/wp-json\/wp\/v2\/media\/1444"}],"wp:attachment":[{"href":"https:\/\/newsinfoco.com.br\/inicio\/wp-json\/wp\/v2\/media?parent=1443"}],"wp:term":[{"taxonomy":"category","embeddable":true,"href":"https:\/\/newsinfoco.com.br\/inicio\/wp-json\/wp\/v2\/categories?post=1443"},{"taxonomy":"post_tag","embeddable":true,"href":"https:\/\/newsinfoco.com.br\/inicio\/wp-json\/wp\/v2\/tags?post=1443"}],"curies":[{"name":"wp","href":"https:\/\/api.w.org\/{rel}","templated":true}]}}