{"id":14468,"date":"2019-04-05T12:05:25","date_gmt":"2019-04-05T15:05:25","guid":{"rendered":"http:\/\/newsinfoco.com.br\/?p=14468"},"modified":"2019-04-05T12:05:25","modified_gmt":"2019-04-05T15:05:25","slug":"tacio-lobo-deixa-a-seduc-de-alagoinhas","status":"publish","type":"post","link":"https:\/\/newsinfoco.com.br\/inicio\/tacio-lobo-deixa-a-seduc-de-alagoinhas\/","title":{"rendered":"T\u00e1cio Lobo deixa a SEDUC de Alagoinhas"},"content":{"rendered":"<p style=\"text-align: justify;\">T\u00e1cio Lobo deixar\u00e1 o comando da Secretaria Municipal de Educa\u00e7\u00e3o de Alagoinhas(SEDUC) nos pr\u00f3ximos dias. O pedido de exonera\u00e7\u00e3o j\u00e1 havia sido feito por ele desde o inicio do m\u00eas passado e esperava apenas o aceite do prefeito Joaquim Neto.<\/p>\n<p style=\"text-align: justify;\">T\u00e1cio chefiou a pasta da educa\u00e7\u00e3o no munic\u00edpio durante pouco mais de 4 meses, em substitui\u00e7\u00e3o a Fabricio Faro, que deixou a SEDUC ap\u00f3s o rompimento do prefeito Joaquim com o grupo do deputado Paulo Azi, do qual faz parte.<\/p><div class=\"newsi-conteudo_19\" id=\"newsi-979500956\"><a href=\"https:\/\/www.instagram.com\/prefeituraalagoinhas?igsh=YzgzdDJ1bWR3aWI4\" aria-label=\"SAVE_20251006_221555\"><img loading=\"lazy\" decoding=\"async\" src=\"https:\/\/newsinfoco.com.br\/inicio\/wp-content\/uploads\/2025\/10\/SAVE_20251006_221555-rotated.jpg\" alt=\"\"  srcset=\"https:\/\/newsinfoco.com.br\/inicio\/wp-content\/uploads\/2025\/10\/SAVE_20251006_221555-rotated.jpg 1140w, https:\/\/newsinfoco.com.br\/inicio\/wp-content\/uploads\/2025\/10\/SAVE_20251006_221555-300x52.jpg 300w, https:\/\/newsinfoco.com.br\/inicio\/wp-content\/uploads\/2025\/10\/SAVE_20251006_221555-1024x177.jpg 1024w, https:\/\/newsinfoco.com.br\/inicio\/wp-content\/uploads\/2025\/10\/SAVE_20251006_221555-768x133.jpg 768w, https:\/\/newsinfoco.com.br\/inicio\/wp-content\/uploads\/2025\/10\/SAVE_20251006_221555-600x104.jpg 600w, https:\/\/newsinfoco.com.br\/inicio\/wp-content\/uploads\/2025\/10\/SAVE_20251006_221555-696x120.jpg 696w, https:\/\/newsinfoco.com.br\/inicio\/wp-content\/uploads\/2025\/10\/SAVE_20251006_221555-1068x185.jpg 1068w\" sizes=\"(max-width: 1140px) 100vw, 1140px\" width=\"1140\" height=\"197\"   \/><\/a><\/div>\n<p style=\"text-align: justify;\">Graduado em Administra\u00e7\u00e3o pela Universidade Federal da Bahia (UFBA) e p\u00f3s-graduando em Gest\u00e3o P\u00fablica pela Universidade Federal de S\u00e3o Paulo, antes de assumir a SEDUC, T\u00e1cio Lobo assumiu a tarefa de coordenar a Secretaria de Planejamento e Or\u00e7amento, em 2017.<\/p>\n<p style=\"text-align: justify;\">Nos bastidores comenta-se que o prefeito Joaquim Neto estava descontente com a atua\u00e7\u00e3o de T\u00e1cio Lobo na secretaria. Toda a parte operacional da SEDUC, segundo fontes ouvidas pelo News Infoco, j\u00e1 era desempenhada pelo sub-secret\u00e1rio Jean Cleverson, que deve assumir a pasta.<\/p>\n<p style=\"text-align: justify;\">Oficialmente a justificativa \u00e9 de que sua sa\u00edda \u00e9 motivada por quest\u00f5es pessoais. T\u00e1rcio Lobo teria outros projetos e at\u00e9 propostas mais vantajosas do ponto de vista econ\u00f4mico.<\/p>\n<p style=\"text-align: right;\">Por Caio Pimenta e Andr\u00e9 Luiz para o News Infoco<\/p>\n<div class='share-to-whatsapp-wrapper'><div class='share-on-whsp'>Share on: <\/div><a data-text='T\u00e1cio Lobo deixa a SEDUC de Alagoinhas' data-link='https:\/\/newsinfoco.com.br\/inicio\/tacio-lobo-deixa-a-seduc-de-alagoinhas\/' class='whatsapp-button whatsapp-share'>WhatsApp<\/a><div class='clear '><\/div><\/div>","protected":false},"excerpt":{"rendered":"<p>T\u00e1cio Lobo deixar\u00e1 o comando da Secretaria Municipal de Educa\u00e7\u00e3o de Alagoinhas(SEDUC) nos pr\u00f3ximos dias. O pedido de exonera\u00e7\u00e3o j\u00e1 havia sido feito por ele desde o inicio do m\u00eas passado e esperava apenas o aceite do prefeito Joaquim Neto. T\u00e1cio chefiou a pasta da educa\u00e7\u00e3o no munic\u00edpio durante pouco mais de 4 meses, em [&hellip;]<\/p>\n","protected":false},"author":1,"featured_media":13331,"comment_status":"open","ping_status":"open","sticky":false,"template":"","format":"standard","meta":{"om_disable_all_campaigns":false,"_exactmetrics_skip_tracking":false,"_exactmetrics_sitenote_active":false,"_exactmetrics_sitenote_note":"","_exactmetrics_sitenote_category":0,"footnotes":""},"categories":[38,30],"tags":[],"class_list":["post-14468","post","type-post","status-publish","format-standard","has-post-thumbnail","hentry","category-alagoinhas-e-regiao","category-destaque"],"aioseo_notices":[],"_links":{"self":[{"href":"https:\/\/newsinfoco.com.br\/inicio\/wp-json\/wp\/v2\/posts\/14468","targetHints":{"allow":["GET"]}}],"collection":[{"href":"https:\/\/newsinfoco.com.br\/inicio\/wp-json\/wp\/v2\/posts"}],"about":[{"href":"https:\/\/newsinfoco.com.br\/inicio\/wp-json\/wp\/v2\/types\/post"}],"author":[{"embeddable":true,"href":"https:\/\/newsinfoco.com.br\/inicio\/wp-json\/wp\/v2\/users\/1"}],"replies":[{"embeddable":true,"href":"https:\/\/newsinfoco.com.br\/inicio\/wp-json\/wp\/v2\/comments?post=14468"}],"version-history":[{"count":0,"href":"https:\/\/newsinfoco.com.br\/inicio\/wp-json\/wp\/v2\/posts\/14468\/revisions"}],"wp:featuredmedia":[{"embeddable":true,"href":"https:\/\/newsinfoco.com.br\/inicio\/wp-json\/wp\/v2\/media\/13331"}],"wp:attachment":[{"href":"https:\/\/newsinfoco.com.br\/inicio\/wp-json\/wp\/v2\/media?parent=14468"}],"wp:term":[{"taxonomy":"category","embeddable":true,"href":"https:\/\/newsinfoco.com.br\/inicio\/wp-json\/wp\/v2\/categories?post=14468"},{"taxonomy":"post_tag","embeddable":true,"href":"https:\/\/newsinfoco.com.br\/inicio\/wp-json\/wp\/v2\/tags?post=14468"}],"curies":[{"name":"wp","href":"https:\/\/api.w.org\/{rel}","templated":true}]}}