{"id":14470,"date":"2019-04-05T13:18:11","date_gmt":"2019-04-05T16:18:11","guid":{"rendered":"http:\/\/newsinfoco.com.br\/?p=14470"},"modified":"2019-04-05T14:22:20","modified_gmt":"2019-04-05T17:22:20","slug":"bancada-de-oposicao-protocola-oficio-na-smtt-abrindo-mao-de-isencao-da-tarifa-na-zona-azul-de-alagoinhas","status":"publish","type":"post","link":"https:\/\/newsinfoco.com.br\/inicio\/bancada-de-oposicao-protocola-oficio-na-smtt-abrindo-mao-de-isencao-da-tarifa-na-zona-azul-de-alagoinhas\/","title":{"rendered":"Bancada de oposi\u00e7\u00e3o protocola oficio na SMTT abrindo m\u00e3o de isen\u00e7\u00e3o da tarifa na zona azul de Alagoinhas"},"content":{"rendered":"<p style=\"text-align: justify;\">Hoje(05) vereadores da bancada oposicionista protocolaram um oficio na Superintend\u00eancia de Transporte e Transito de Alagoinhas(SMTT) abrindo m\u00e3o da isen\u00e7\u00e3o de cobran\u00e7a tarifa na zona azul de Alagoinhas.<\/p>\n<p style=\"text-align: justify;\">Este oficio \u00e9 uma reposta da oposi\u00e7\u00e3o a um outro oficio, este enviado pela SMTT \u00e0 C\u00e2mara de Vereadores solicitando as placas dos carros oficiais da C\u00e2mara Municipal para inclus\u00e3o no rol de veiculos isentos de cobran\u00e7a na zona Azul de Alagoinhas.<\/p><div class=\"newsi-conteudo_19\" id=\"newsi-640478346\"><a href=\"https:\/\/www.instagram.com\/prefeituraalagoinhas?igsh=YzgzdDJ1bWR3aWI4\" aria-label=\"SAVE_20251006_221555\"><img loading=\"lazy\" decoding=\"async\" src=\"https:\/\/newsinfoco.com.br\/inicio\/wp-content\/uploads\/2025\/10\/SAVE_20251006_221555-rotated.jpg\" alt=\"\"  srcset=\"https:\/\/newsinfoco.com.br\/inicio\/wp-content\/uploads\/2025\/10\/SAVE_20251006_221555-rotated.jpg 1140w, https:\/\/newsinfoco.com.br\/inicio\/wp-content\/uploads\/2025\/10\/SAVE_20251006_221555-300x52.jpg 300w, https:\/\/newsinfoco.com.br\/inicio\/wp-content\/uploads\/2025\/10\/SAVE_20251006_221555-1024x177.jpg 1024w, https:\/\/newsinfoco.com.br\/inicio\/wp-content\/uploads\/2025\/10\/SAVE_20251006_221555-768x133.jpg 768w, https:\/\/newsinfoco.com.br\/inicio\/wp-content\/uploads\/2025\/10\/SAVE_20251006_221555-600x104.jpg 600w, https:\/\/newsinfoco.com.br\/inicio\/wp-content\/uploads\/2025\/10\/SAVE_20251006_221555-696x120.jpg 696w, https:\/\/newsinfoco.com.br\/inicio\/wp-content\/uploads\/2025\/10\/SAVE_20251006_221555-1068x185.jpg 1068w\" sizes=\"(max-width: 1140px) 100vw, 1140px\" width=\"1140\" height=\"197\"   \/><\/a><\/div>\n<p style=\"text-align: justify;\">A solicita\u00e7\u00e3o da SMTT atende o que disp\u00f5e o art 14, inciso III da Lei Municipal n\u00ba 2.381\/2017, que instituiu a zona azul e que foi aprovada pela pr\u00f3pria C\u00e2mara. O referido artigo assegura a isen\u00e7\u00e3o de veiculos oficiais da prefeitura, C\u00e2mara Municipal e org\u00e3os p\u00fablicos como Minist\u00e9rio P\u00fablico, Justi\u00e7a, etc.<\/p>\n<p style=\"text-align: justify;\">O coronel Nonato, superintende da SMTT, explicou que a isen\u00e7\u00e3o \u00e9 v\u00e1lida apenas para carros oficiais a servi\u00e7o de \u00f3rg\u00e3os p\u00fablicos, n\u00e3o valendo para ve\u00edculos de uso pessoal. Para isso enviou oficios para diversas secretarias municipais, C\u00e2mara de Vereadores e org\u00e3os p\u00fablicos solicitando o envio do numero das placas e contrato que atestasse o uso oficial veiculo pelo referido \u00f3rg\u00e3o. Veja o oficio enviado pela SMTT \u00e0 C\u00e2mara de Vereadores ao qual o News Infoco teve acesso:<\/p>\n<p><a href=\"http:\/\/newsinfoco.com.br\/wp-content\/uploads\/2019\/04\/IMG-20190402-WA0184.jpg\"><img loading=\"lazy\" decoding=\"async\" class=\"aligncenter size-full wp-image-14471\" src=\"http:\/\/newsinfoco.com.br\/wp-content\/uploads\/2019\/04\/IMG-20190402-WA0184.jpg\" alt=\"\" width=\"846\" height=\"1258\" srcset=\"https:\/\/newsinfoco.com.br\/inicio\/wp-content\/uploads\/2019\/04\/IMG-20190402-WA0184.jpg 846w, https:\/\/newsinfoco.com.br\/inicio\/wp-content\/uploads\/2019\/04\/IMG-20190402-WA0184-202x300.jpg 202w, https:\/\/newsinfoco.com.br\/inicio\/wp-content\/uploads\/2019\/04\/IMG-20190402-WA0184-768x1142.jpg 768w, https:\/\/newsinfoco.com.br\/inicio\/wp-content\/uploads\/2019\/04\/IMG-20190402-WA0184-689x1024.jpg 689w, https:\/\/newsinfoco.com.br\/inicio\/wp-content\/uploads\/2019\/04\/IMG-20190402-WA0184-600x892.jpg 600w, https:\/\/newsinfoco.com.br\/inicio\/wp-content\/uploads\/2019\/04\/IMG-20190402-WA0184-696x1035.jpg 696w, https:\/\/newsinfoco.com.br\/inicio\/wp-content\/uploads\/2019\/04\/IMG-20190402-WA0184-282x420.jpg 282w\" sizes=\"auto, (max-width: 846px) 100vw, 846px\" \/><\/a><\/p>\n<p style=\"text-align: justify;\">O presidente da C\u00e2mara de Alagoinhas, vereador Roberto Torres, afirmou que a Casa n\u00e3o possui veiculos oficiais, apenas carros locados que ficam a servi\u00e7o do mandato dos parlamentares. Ele afirmou tamb\u00e9m que j\u00e1 enviou oficio \u00e0 SMTT explicando que n\u00e3o h\u00e1 a necessidade de inclus\u00e3o de nenhuma placa no rol de isentos, j\u00e1 que a Casa n\u00e3o possui carros oficiais.<\/p>\n<p style=\"text-align: justify;\">Para a oposi\u00e7\u00e3o, a SMTT queria incluir carros n\u00e3o oficiais da C\u00e2mara de Vereadores no rol de isentos, o que motivou a feitura do oficio entregue hoje no \u00f3rg\u00e3o de tr\u00e2nsito do munic\u00edpio. O oficio tamb\u00e9m foi assinado pelo vereador da base Ozeas Menezes. Veja a c\u00f3pia do oficio entregue pelos vereadores \u00e0 SMTT:<\/p>\n<p><a href=\"http:\/\/newsinfoco.com.br\/wp-content\/uploads\/2019\/04\/IMG-20190405-WA0087.jpg\"><img loading=\"lazy\" decoding=\"async\" class=\"aligncenter size-full wp-image-14472\" src=\"http:\/\/newsinfoco.com.br\/wp-content\/uploads\/2019\/04\/IMG-20190405-WA0087.jpg\" alt=\"\" width=\"370\" height=\"613\" srcset=\"https:\/\/newsinfoco.com.br\/inicio\/wp-content\/uploads\/2019\/04\/IMG-20190405-WA0087.jpg 370w, https:\/\/newsinfoco.com.br\/inicio\/wp-content\/uploads\/2019\/04\/IMG-20190405-WA0087-181x300.jpg 181w, https:\/\/newsinfoco.com.br\/inicio\/wp-content\/uploads\/2019\/04\/IMG-20190405-WA0087-254x420.jpg 254w\" sizes=\"auto, (max-width: 370px) 100vw, 370px\" \/><\/a><\/p>\n<h6 style=\"text-align: right;\">Por Caio Pimenta para o News Infoco<\/h6>\n<p>&nbsp;<\/p>\n<p style=\"text-align: justify;\">\n<div class='share-to-whatsapp-wrapper'><div class='share-on-whsp'>Share on: <\/div><a data-text='Bancada de oposi\u00e7\u00e3o protocola oficio na SMTT abrindo m\u00e3o de isen\u00e7\u00e3o da tarifa na zona azul de Alagoinhas' data-link='https:\/\/newsinfoco.com.br\/inicio\/bancada-de-oposicao-protocola-oficio-na-smtt-abrindo-mao-de-isencao-da-tarifa-na-zona-azul-de-alagoinhas\/' class='whatsapp-button whatsapp-share'>WhatsApp<\/a><div class='clear '><\/div><\/div>","protected":false},"excerpt":{"rendered":"<p>Hoje(05) vereadores da bancada oposicionista protocolaram um oficio na Superintend\u00eancia de Transporte e Transito de Alagoinhas(SMTT) abrindo m\u00e3o da isen\u00e7\u00e3o de cobran\u00e7a tarifa na zona azul de Alagoinhas. Este oficio \u00e9 uma reposta da oposi\u00e7\u00e3o a um outro oficio, este enviado pela SMTT \u00e0 C\u00e2mara de Vereadores solicitando as placas dos carros oficiais da C\u00e2mara [&hellip;]<\/p>\n","protected":false},"author":1,"featured_media":14472,"comment_status":"open","ping_status":"open","sticky":false,"template":"","format":"standard","meta":{"om_disable_all_campaigns":false,"_exactmetrics_skip_tracking":false,"_exactmetrics_sitenote_active":false,"_exactmetrics_sitenote_note":"","_exactmetrics_sitenote_category":0,"footnotes":""},"categories":[38],"tags":[],"class_list":["post-14470","post","type-post","status-publish","format-standard","has-post-thumbnail","hentry","category-alagoinhas-e-regiao"],"aioseo_notices":[],"_links":{"self":[{"href":"https:\/\/newsinfoco.com.br\/inicio\/wp-json\/wp\/v2\/posts\/14470","targetHints":{"allow":["GET"]}}],"collection":[{"href":"https:\/\/newsinfoco.com.br\/inicio\/wp-json\/wp\/v2\/posts"}],"about":[{"href":"https:\/\/newsinfoco.com.br\/inicio\/wp-json\/wp\/v2\/types\/post"}],"author":[{"embeddable":true,"href":"https:\/\/newsinfoco.com.br\/inicio\/wp-json\/wp\/v2\/users\/1"}],"replies":[{"embeddable":true,"href":"https:\/\/newsinfoco.com.br\/inicio\/wp-json\/wp\/v2\/comments?post=14470"}],"version-history":[{"count":0,"href":"https:\/\/newsinfoco.com.br\/inicio\/wp-json\/wp\/v2\/posts\/14470\/revisions"}],"wp:featuredmedia":[{"embeddable":true,"href":"https:\/\/newsinfoco.com.br\/inicio\/wp-json\/wp\/v2\/media\/14472"}],"wp:attachment":[{"href":"https:\/\/newsinfoco.com.br\/inicio\/wp-json\/wp\/v2\/media?parent=14470"}],"wp:term":[{"taxonomy":"category","embeddable":true,"href":"https:\/\/newsinfoco.com.br\/inicio\/wp-json\/wp\/v2\/categories?post=14470"},{"taxonomy":"post_tag","embeddable":true,"href":"https:\/\/newsinfoco.com.br\/inicio\/wp-json\/wp\/v2\/tags?post=14470"}],"curies":[{"name":"wp","href":"https:\/\/api.w.org\/{rel}","templated":true}]}}