{"id":14478,"date":"2019-04-05T17:02:18","date_gmt":"2019-04-05T20:02:18","guid":{"rendered":"http:\/\/newsinfoco.com.br\/?p=14478"},"modified":"2019-04-05T17:06:04","modified_gmt":"2019-04-05T20:06:04","slug":"grupo-dentro-do-governo-articula-saida-de-coronel-nonato-da-smtt","status":"publish","type":"post","link":"https:\/\/newsinfoco.com.br\/inicio\/grupo-dentro-do-governo-articula-saida-de-coronel-nonato-da-smtt\/","title":{"rendered":"Grupo dentro do governo articula sa\u00edda de Coronel Nonato da SMTT"},"content":{"rendered":"<p style=\"text-align: justify;\">O controle da Superintend\u00eancia Municipal de Transporte e Tr\u00e2nsito de Alagoinhas(SMTT) tem sido alvo de articula\u00e7\u00f5es dentro do governo Joaquim Neto. Fontes revelaram ao News Infoco que um grupo dentro do governo que perdeu influencia dentro da Superintend\u00eancia desde a chegada de Nonato quer o controle do \u00f3rg\u00e3o.<\/p>\n<p style=\"text-align: justify;\">O estilo controlador de Nonato tem incomodado. Segundo informa\u00e7\u00f5es obtidas pelo News Infoco, hoje nada \u00e9 feito dentro da SMTT sem a chancela do coronel Nonato, o que retirou a autonomia de pessoas que antes de sua chegada tinham mais liberdade para tomar decis\u00f5es dentro da superintend\u00eancia.<\/p><div class=\"newsi-conteudo_19\" id=\"newsi-1305186019\"><a href=\"https:\/\/www.instagram.com\/prefeituraalagoinhas?igsh=YzgzdDJ1bWR3aWI4\" aria-label=\"SAVE_20251006_221555\"><img loading=\"lazy\" decoding=\"async\" src=\"https:\/\/newsinfoco.com.br\/inicio\/wp-content\/uploads\/2025\/10\/SAVE_20251006_221555-rotated.jpg\" alt=\"\"  srcset=\"https:\/\/newsinfoco.com.br\/inicio\/wp-content\/uploads\/2025\/10\/SAVE_20251006_221555-rotated.jpg 1140w, https:\/\/newsinfoco.com.br\/inicio\/wp-content\/uploads\/2025\/10\/SAVE_20251006_221555-300x52.jpg 300w, https:\/\/newsinfoco.com.br\/inicio\/wp-content\/uploads\/2025\/10\/SAVE_20251006_221555-1024x177.jpg 1024w, https:\/\/newsinfoco.com.br\/inicio\/wp-content\/uploads\/2025\/10\/SAVE_20251006_221555-768x133.jpg 768w, https:\/\/newsinfoco.com.br\/inicio\/wp-content\/uploads\/2025\/10\/SAVE_20251006_221555-600x104.jpg 600w, https:\/\/newsinfoco.com.br\/inicio\/wp-content\/uploads\/2025\/10\/SAVE_20251006_221555-696x120.jpg 696w, https:\/\/newsinfoco.com.br\/inicio\/wp-content\/uploads\/2025\/10\/SAVE_20251006_221555-1068x185.jpg 1068w\" sizes=\"(max-width: 1140px) 100vw, 1140px\" width=\"1140\" height=\"197\"   \/><\/a><\/div>\n<p style=\"text-align: justify;\">O desgaste da figura do atual superintendente gerado pela implanta\u00e7\u00e3o da zona azul, alvo de fortes cr\u00edticas por parte da oposi\u00e7\u00e3o, e o recente epis\u00f3dio do pedido de envio da rela\u00e7\u00e3o de carros oficiais da C\u00e2mara de Alagoinhas para inclus\u00e3o em uma lista de isen\u00e7\u00e3o de cobran\u00e7a de tarifa na zona azul, que repercutiu mal na cidade, seriam utilizados como justificativa para a exonera\u00e7\u00e3o.<\/p>\n<p style=\"text-align: justify;\">Ainda segundo as fontes, o prefeito Joaquim Neto tem sido pressionado a mudar o comando da SMTT j\u00e1 a algum tempo, mas at\u00e9 o momento tem resistido. Por\u00e9m, a necessidade de aprova\u00e7\u00e3o do pedido de empr\u00e9stimo de 35 milh\u00f5es de reais na C\u00e2mara de Vereadores que seria utilizado para a realiza\u00e7\u00e3o de obras na cidade pode influenciar Joaquim a ceder \u00e0s press\u00f5es.\u00a0\u00a0Nomes para substituir o Coronel Nonato j\u00e1 estariam inclusive sendo estudados em reuni\u00f5es que ocorrem nas antessalas do poder.<\/p>\n<h6 style=\"text-align: right;\">Por Caio Pimenta para o News Infoco<\/h6>\n<div class='share-to-whatsapp-wrapper'><div class='share-on-whsp'>Share on: <\/div><a data-text='Grupo dentro do governo articula sa\u00edda de Coronel Nonato da SMTT' data-link='https:\/\/newsinfoco.com.br\/inicio\/grupo-dentro-do-governo-articula-saida-de-coronel-nonato-da-smtt\/' class='whatsapp-button whatsapp-share'>WhatsApp<\/a><div class='clear '><\/div><\/div>","protected":false},"excerpt":{"rendered":"<p>O controle da Superintend\u00eancia Municipal de Transporte e Tr\u00e2nsito de Alagoinhas(SMTT) tem sido alvo de articula\u00e7\u00f5es dentro do governo Joaquim Neto. Fontes revelaram ao News Infoco que um grupo dentro do governo que perdeu influencia dentro da Superintend\u00eancia desde a chegada de Nonato quer o controle do \u00f3rg\u00e3o. O estilo controlador de Nonato tem incomodado. [&hellip;]<\/p>\n","protected":false},"author":1,"featured_media":6326,"comment_status":"open","ping_status":"open","sticky":false,"template":"","format":"standard","meta":{"om_disable_all_campaigns":false,"_exactmetrics_skip_tracking":false,"_exactmetrics_sitenote_active":false,"_exactmetrics_sitenote_note":"","_exactmetrics_sitenote_category":0,"footnotes":""},"categories":[38,30],"tags":[],"class_list":["post-14478","post","type-post","status-publish","format-standard","has-post-thumbnail","hentry","category-alagoinhas-e-regiao","category-destaque"],"aioseo_notices":[],"_links":{"self":[{"href":"https:\/\/newsinfoco.com.br\/inicio\/wp-json\/wp\/v2\/posts\/14478","targetHints":{"allow":["GET"]}}],"collection":[{"href":"https:\/\/newsinfoco.com.br\/inicio\/wp-json\/wp\/v2\/posts"}],"about":[{"href":"https:\/\/newsinfoco.com.br\/inicio\/wp-json\/wp\/v2\/types\/post"}],"author":[{"embeddable":true,"href":"https:\/\/newsinfoco.com.br\/inicio\/wp-json\/wp\/v2\/users\/1"}],"replies":[{"embeddable":true,"href":"https:\/\/newsinfoco.com.br\/inicio\/wp-json\/wp\/v2\/comments?post=14478"}],"version-history":[{"count":0,"href":"https:\/\/newsinfoco.com.br\/inicio\/wp-json\/wp\/v2\/posts\/14478\/revisions"}],"wp:featuredmedia":[{"embeddable":true,"href":"https:\/\/newsinfoco.com.br\/inicio\/wp-json\/wp\/v2\/media\/6326"}],"wp:attachment":[{"href":"https:\/\/newsinfoco.com.br\/inicio\/wp-json\/wp\/v2\/media?parent=14478"}],"wp:term":[{"taxonomy":"category","embeddable":true,"href":"https:\/\/newsinfoco.com.br\/inicio\/wp-json\/wp\/v2\/categories?post=14478"},{"taxonomy":"post_tag","embeddable":true,"href":"https:\/\/newsinfoco.com.br\/inicio\/wp-json\/wp\/v2\/tags?post=14478"}],"curies":[{"name":"wp","href":"https:\/\/api.w.org\/{rel}","templated":true}]}}