{"id":14937,"date":"2019-05-05T09:39:37","date_gmt":"2019-05-05T12:39:37","guid":{"rendered":"http:\/\/newsinfoco.com.br\/?p=14937"},"modified":"2019-05-05T09:39:37","modified_gmt":"2019-05-05T12:39:37","slug":"de-olho-em-reeleicao-colbert-martins-diz-que-ordem-e-economizar-ao-maximo","status":"publish","type":"post","link":"https:\/\/newsinfoco.com.br\/inicio\/de-olho-em-reeleicao-colbert-martins-diz-que-ordem-e-economizar-ao-maximo\/","title":{"rendered":"De olho em reelei\u00e7\u00e3o, Colbert Martins diz que ordem \u00e9 \u2018economizar ao m\u00e1ximo\u2019"},"content":{"rendered":"<p style=\"text-align: justify;\">De olho na reelei\u00e7\u00e3o em 2020, o prefeito de Feira de Santana, Colbert Martins (MDB), afirmou que a palavra de ordem em sua gest\u00e3o \u00e9 a conten\u00e7\u00e3o de gastos. Em entrevista ao site Acorda Cidade, o emedebista disse que tem se reunido com todos os secret\u00e1rios, para poder ajustar o funcionamento da m\u00e1quina administrativa.<\/p>\n<p style=\"text-align: justify;\">\u201cOu\u00e7o todos e estamos avaliando quanto a gente recebeu, quanto gastou, se \u00e9 preciso gastar menos. Igual a casa da gente. Se o pre\u00e7o sobe, aperto o cinto. Estou orientando todo mundo a apertar o cinto na conta de energia, que vai subir esse m\u00eas, e a ter cuidado com o telefone\u2026\u201d, afirmou.<\/p><div class=\"newsi-conteudo_19\" id=\"newsi-624663105\"><a href=\"https:\/\/www.instagram.com\/prefeituraalagoinhas?igsh=YzgzdDJ1bWR3aWI4\" aria-label=\"SAVE_20251006_221555\"><img loading=\"lazy\" decoding=\"async\" src=\"https:\/\/newsinfoco.com.br\/inicio\/wp-content\/uploads\/2025\/10\/SAVE_20251006_221555-rotated.jpg\" alt=\"\"  srcset=\"https:\/\/newsinfoco.com.br\/inicio\/wp-content\/uploads\/2025\/10\/SAVE_20251006_221555-rotated.jpg 1140w, https:\/\/newsinfoco.com.br\/inicio\/wp-content\/uploads\/2025\/10\/SAVE_20251006_221555-300x52.jpg 300w, https:\/\/newsinfoco.com.br\/inicio\/wp-content\/uploads\/2025\/10\/SAVE_20251006_221555-1024x177.jpg 1024w, https:\/\/newsinfoco.com.br\/inicio\/wp-content\/uploads\/2025\/10\/SAVE_20251006_221555-768x133.jpg 768w, https:\/\/newsinfoco.com.br\/inicio\/wp-content\/uploads\/2025\/10\/SAVE_20251006_221555-600x104.jpg 600w, https:\/\/newsinfoco.com.br\/inicio\/wp-content\/uploads\/2025\/10\/SAVE_20251006_221555-696x120.jpg 696w, https:\/\/newsinfoco.com.br\/inicio\/wp-content\/uploads\/2025\/10\/SAVE_20251006_221555-1068x185.jpg 1068w\" sizes=\"(max-width: 1140px) 100vw, 1140px\" width=\"1140\" height=\"197\"   \/><\/a><\/div>\n<p style=\"text-align: justify;\">Ainda de acordo com Colbert, a redu\u00e7\u00e3o de gastos come\u00e7a na pr\u00f3xima segunda-feira (6), e com o combust\u00edvel deve ser de pelo menos 10% nos ve\u00edculos administrativos.<\/p>\n<p style=\"text-align: justify;\">\u201cTudo vai fazer parte de uma redu\u00e7\u00e3o para a gente economizar ao m\u00e1ximo em um momento ao qual o Pa\u00eds atravessa dificuldade e a gente tem que dar a nossa contribui\u00e7\u00e3o\u201d, ressaltou.<\/p>\n<h6 style=\"text-align: right;\">Por Matheus Morais para o Bahia.Ba<\/h6>\n<div class='share-to-whatsapp-wrapper'><div class='share-on-whsp'>Share on: <\/div><a data-text='De olho em reelei\u00e7\u00e3o, Colbert Martins diz que ordem \u00e9 \u2018economizar ao m\u00e1ximo\u2019' data-link='https:\/\/newsinfoco.com.br\/inicio\/de-olho-em-reeleicao-colbert-martins-diz-que-ordem-e-economizar-ao-maximo\/' class='whatsapp-button whatsapp-share'>WhatsApp<\/a><div class='clear '><\/div><\/div>","protected":false},"excerpt":{"rendered":"<p>De olho na reelei\u00e7\u00e3o em 2020, o prefeito de Feira de Santana, Colbert Martins (MDB), afirmou que a palavra de ordem em sua gest\u00e3o \u00e9 a conten\u00e7\u00e3o de gastos. Em entrevista ao site Acorda Cidade, o emedebista disse que tem se reunido com todos os secret\u00e1rios, para poder ajustar o funcionamento da m\u00e1quina administrativa. \u201cOu\u00e7o [&hellip;]<\/p>\n","protected":false},"author":1,"featured_media":14938,"comment_status":"open","ping_status":"open","sticky":false,"template":"","format":"standard","meta":{"om_disable_all_campaigns":false,"_exactmetrics_skip_tracking":false,"_exactmetrics_sitenote_active":false,"_exactmetrics_sitenote_note":"","_exactmetrics_sitenote_category":0,"footnotes":""},"categories":[19,30],"tags":[],"class_list":["post-14937","post","type-post","status-publish","format-standard","has-post-thumbnail","hentry","category-bahia","category-destaque"],"aioseo_notices":[],"_links":{"self":[{"href":"https:\/\/newsinfoco.com.br\/inicio\/wp-json\/wp\/v2\/posts\/14937","targetHints":{"allow":["GET"]}}],"collection":[{"href":"https:\/\/newsinfoco.com.br\/inicio\/wp-json\/wp\/v2\/posts"}],"about":[{"href":"https:\/\/newsinfoco.com.br\/inicio\/wp-json\/wp\/v2\/types\/post"}],"author":[{"embeddable":true,"href":"https:\/\/newsinfoco.com.br\/inicio\/wp-json\/wp\/v2\/users\/1"}],"replies":[{"embeddable":true,"href":"https:\/\/newsinfoco.com.br\/inicio\/wp-json\/wp\/v2\/comments?post=14937"}],"version-history":[{"count":0,"href":"https:\/\/newsinfoco.com.br\/inicio\/wp-json\/wp\/v2\/posts\/14937\/revisions"}],"wp:featuredmedia":[{"embeddable":true,"href":"https:\/\/newsinfoco.com.br\/inicio\/wp-json\/wp\/v2\/media\/14938"}],"wp:attachment":[{"href":"https:\/\/newsinfoco.com.br\/inicio\/wp-json\/wp\/v2\/media?parent=14937"}],"wp:term":[{"taxonomy":"category","embeddable":true,"href":"https:\/\/newsinfoco.com.br\/inicio\/wp-json\/wp\/v2\/categories?post=14937"},{"taxonomy":"post_tag","embeddable":true,"href":"https:\/\/newsinfoco.com.br\/inicio\/wp-json\/wp\/v2\/tags?post=14937"}],"curies":[{"name":"wp","href":"https:\/\/api.w.org\/{rel}","templated":true}]}}