{"id":14942,"date":"2019-05-05T11:32:44","date_gmt":"2019-05-05T14:32:44","guid":{"rendered":"http:\/\/newsinfoco.com.br\/?p=14942"},"modified":"2019-05-05T11:32:44","modified_gmt":"2019-05-05T14:32:44","slug":"catadores-encaram-rotina-insalubre-em-aterro-de-alagoinhas-diz-jornal","status":"publish","type":"post","link":"https:\/\/newsinfoco.com.br\/inicio\/catadores-encaram-rotina-insalubre-em-aterro-de-alagoinhas-diz-jornal\/","title":{"rendered":"Catadores encaram rotina insalubre em aterro de Alagoinhas, diz jornal"},"content":{"rendered":"<p style=\"text-align: justify;\">\u00c0s v\u00e9speras da assinatura da ordem de servi\u00e7o para a constru\u00e7\u00e3o da nova c\u00e9lula do Aterro Sanit\u00e1rio municipal pelo prefeito Joaquim Neto, a dif\u00edcil realidade dos catadores que retiram o seu sustento do lixo presente no local \u00e9 retratada nas p\u00e1ginas da edi\u00e7\u00e3o do jornal A TARDE deste domingo(05).<\/p>\n<p style=\"text-align: justify;\">A publica\u00e7\u00e3o que \u00e9 assinada pelos jornalistas Bruno Luiz Santos e Roberto Aguiar, traz a tona a rotina de trabalho &#8216;insalubre e degradante&#8217; ao qual estes catadores se submetem para conseguir extrair do lixo, o dinheiro que servir\u00e1 para o sustento de suas familias.<\/p><div class=\"newsi-conteudo_19\" id=\"newsi-161863432\"><a href=\"https:\/\/www.instagram.com\/prefeituraalagoinhas?igsh=YzgzdDJ1bWR3aWI4\" aria-label=\"SAVE_20251006_221555\"><img loading=\"lazy\" decoding=\"async\" src=\"https:\/\/newsinfoco.com.br\/inicio\/wp-content\/uploads\/2025\/10\/SAVE_20251006_221555-rotated.jpg\" alt=\"\"  srcset=\"https:\/\/newsinfoco.com.br\/inicio\/wp-content\/uploads\/2025\/10\/SAVE_20251006_221555-rotated.jpg 1140w, https:\/\/newsinfoco.com.br\/inicio\/wp-content\/uploads\/2025\/10\/SAVE_20251006_221555-300x52.jpg 300w, https:\/\/newsinfoco.com.br\/inicio\/wp-content\/uploads\/2025\/10\/SAVE_20251006_221555-1024x177.jpg 1024w, https:\/\/newsinfoco.com.br\/inicio\/wp-content\/uploads\/2025\/10\/SAVE_20251006_221555-768x133.jpg 768w, https:\/\/newsinfoco.com.br\/inicio\/wp-content\/uploads\/2025\/10\/SAVE_20251006_221555-600x104.jpg 600w, https:\/\/newsinfoco.com.br\/inicio\/wp-content\/uploads\/2025\/10\/SAVE_20251006_221555-696x120.jpg 696w, https:\/\/newsinfoco.com.br\/inicio\/wp-content\/uploads\/2025\/10\/SAVE_20251006_221555-1068x185.jpg 1068w\" sizes=\"(max-width: 1140px) 100vw, 1140px\" width=\"1140\" height=\"197\"   \/><\/a><\/div>\n<p style=\"text-align: justify;\">A mat\u00e9ria do A TARDE enfatiza que entre meados de 2017 e o inicio de 2018 o aterro permaneceu 8 meses abandonado pela prefeitura, virando um verdadeiro lix\u00e3o e trazendo inclusive danos ao meio ambiente. Para conter estes danos, o MP prop\u00f4s um Temo de Ajustamento de Conduta(TAC) \u00e0 prefeitura para a recupera\u00e7\u00e3o do aterro, o que vem ocorrendo desde ent\u00e3o. O prazo estabelecido pela TAC para a constru\u00e7\u00e3o da nova c\u00e9lula \u00e9 at\u00e9 dezembro deste ano.<\/p>\n<p style=\"text-align: justify;\">Por\u00e9m pelas exig\u00eancias t\u00e9cnicas, um aterro sanit\u00e1rio \u00e9 incompat\u00edvel com a presen\u00e7a de catadores no local, o que traz \u00e0 tona uma quest\u00e3o de cunho social. Na reportagem, os catadores esbo\u00e7am essa preocupa\u00e7\u00e3o e pleiteiam junto a administra\u00e7\u00e3o municipal a regulariza\u00e7\u00e3o do servi\u00e7o que desempenham, por meio do incentivo \u00e0 cria\u00e7\u00e3o de uma cooperativa ou associa\u00e7\u00e3o de catadores.<\/p>\n<p style=\"text-align: justify;\">A publica\u00e7\u00e3o ainda traz a pol\u00eamica por traz da contrata\u00e7\u00e3o da empresa Naturalle, que venceu uma licita\u00e7\u00e3o promovida pela Secretaria Municipal de Servi\u00e7os P\u00fablicos(SESEP) de quase 72 milh\u00f5es para gerir a coleta de lixo da cidade.<\/p>\n<p style=\"text-align: right;\">\u00a0 Por Caio Pimenta para o News Infoco<\/p>\n<div class='share-to-whatsapp-wrapper'><div class='share-on-whsp'>Share on: <\/div><a data-text='Catadores encaram rotina insalubre em aterro de Alagoinhas, diz jornal' data-link='https:\/\/newsinfoco.com.br\/inicio\/catadores-encaram-rotina-insalubre-em-aterro-de-alagoinhas-diz-jornal\/' class='whatsapp-button whatsapp-share'>WhatsApp<\/a><div class='clear '><\/div><\/div>","protected":false},"excerpt":{"rendered":"<p>\u00c0s v\u00e9speras da assinatura da ordem de servi\u00e7o para a constru\u00e7\u00e3o da nova c\u00e9lula do Aterro Sanit\u00e1rio municipal pelo prefeito Joaquim Neto, a dif\u00edcil realidade dos catadores que retiram o seu sustento do lixo presente no local \u00e9 retratada nas p\u00e1ginas da edi\u00e7\u00e3o do jornal A TARDE deste domingo(05). A publica\u00e7\u00e3o que \u00e9 assinada pelos [&hellip;]<\/p>\n","protected":false},"author":1,"featured_media":12573,"comment_status":"open","ping_status":"open","sticky":false,"template":"","format":"standard","meta":{"om_disable_all_campaigns":false,"_exactmetrics_skip_tracking":false,"_exactmetrics_sitenote_active":false,"_exactmetrics_sitenote_note":"","_exactmetrics_sitenote_category":0,"footnotes":""},"categories":[38,30],"tags":[],"class_list":["post-14942","post","type-post","status-publish","format-standard","has-post-thumbnail","hentry","category-alagoinhas-e-regiao","category-destaque"],"aioseo_notices":[],"_links":{"self":[{"href":"https:\/\/newsinfoco.com.br\/inicio\/wp-json\/wp\/v2\/posts\/14942","targetHints":{"allow":["GET"]}}],"collection":[{"href":"https:\/\/newsinfoco.com.br\/inicio\/wp-json\/wp\/v2\/posts"}],"about":[{"href":"https:\/\/newsinfoco.com.br\/inicio\/wp-json\/wp\/v2\/types\/post"}],"author":[{"embeddable":true,"href":"https:\/\/newsinfoco.com.br\/inicio\/wp-json\/wp\/v2\/users\/1"}],"replies":[{"embeddable":true,"href":"https:\/\/newsinfoco.com.br\/inicio\/wp-json\/wp\/v2\/comments?post=14942"}],"version-history":[{"count":0,"href":"https:\/\/newsinfoco.com.br\/inicio\/wp-json\/wp\/v2\/posts\/14942\/revisions"}],"wp:featuredmedia":[{"embeddable":true,"href":"https:\/\/newsinfoco.com.br\/inicio\/wp-json\/wp\/v2\/media\/12573"}],"wp:attachment":[{"href":"https:\/\/newsinfoco.com.br\/inicio\/wp-json\/wp\/v2\/media?parent=14942"}],"wp:term":[{"taxonomy":"category","embeddable":true,"href":"https:\/\/newsinfoco.com.br\/inicio\/wp-json\/wp\/v2\/categories?post=14942"},{"taxonomy":"post_tag","embeddable":true,"href":"https:\/\/newsinfoco.com.br\/inicio\/wp-json\/wp\/v2\/tags?post=14942"}],"curies":[{"name":"wp","href":"https:\/\/api.w.org\/{rel}","templated":true}]}}