{"id":14947,"date":"2019-05-05T20:20:25","date_gmt":"2019-05-05T23:20:25","guid":{"rendered":"http:\/\/newsinfoco.com.br\/?p=14947"},"modified":"2019-05-25T13:52:35","modified_gmt":"2019-05-25T16:52:35","slug":"prefeito-joaquim-neto-investe-em-obras-estruturantes-mas-saude-continua-sendo-o-calcanhar-de-aquiles-de-seu-governo-por-caio-pimenta","status":"publish","type":"post","link":"https:\/\/newsinfoco.com.br\/inicio\/prefeito-joaquim-neto-investe-em-obras-estruturantes-mas-saude-continua-sendo-o-calcanhar-de-aquiles-de-seu-governo-por-caio-pimenta\/","title":{"rendered":"Prefeito Joaquim Neto investe em obras estruturantes, mas sa\u00fade continua sendo o Calcanhar de Aquiles de seu governo &#8211; Por Caio Pimenta"},"content":{"rendered":"<p style=\"text-align: justify;\">Ap\u00f3s 2 anos e cinco meses de governo, enfrentando diversos questionamentos sobre a utiliza\u00e7\u00e3o dos recursos da CAF e de investimentos com recursos pr\u00f3prios, o prefeito Joaquim Neto nos \u00faltimos dias decidiu arrega\u00e7ar as mangas e assinar uma s\u00e9rie de ordens de servi\u00e7o para inicio de obras pela cidade.<\/p>\n<p style=\"text-align: justify;\">Promoveu a assinatura da ordem de servi\u00e7o da t\u00e3o esperada macrodrenagem da Cavada, assinou a ordem de servi\u00e7o para o inicio da segunda etapa das obras de requalifica\u00e7\u00e3o na Rua 8 de Dezembro e 12 vias das adjac\u00eancias, no bairro Alagoinhas Velha, este no dia do anivers\u00e1rio do pr\u00f3prio prefeito. Domingo passado entregou uma ambul\u00e2ncia que ficar\u00e1 a servi\u00e7o do posto de sa\u00fade do povoado de Port\u00f5es, na localidade do Ponto do Beij\u00fa e nesta \u00faltima quinta-feira(02) anunciou o inicio da segunda etapa de obras no 2 de Julho, Jambreiro, Alagoinhas IV e Jardim Petrolar. Para completar, amanh\u00e3(06) o prefeito assinar\u00e1 a ordem de servi\u00e7o para constru\u00e7\u00e3o de uma nova c\u00e9lula no aterro sanit\u00e1rio. \u00c9 obra nos quatro cantos da cidade.<\/p><div class=\"newsi-conteudo_19\" id=\"newsi-3415476600\"><a href=\"https:\/\/www.instagram.com\/prefeituraalagoinhas?igsh=YzgzdDJ1bWR3aWI4\" aria-label=\"SAVE_20251006_221555\"><img loading=\"lazy\" decoding=\"async\" src=\"https:\/\/newsinfoco.com.br\/inicio\/wp-content\/uploads\/2025\/10\/SAVE_20251006_221555-rotated.jpg\" alt=\"\"  srcset=\"https:\/\/newsinfoco.com.br\/inicio\/wp-content\/uploads\/2025\/10\/SAVE_20251006_221555-rotated.jpg 1140w, https:\/\/newsinfoco.com.br\/inicio\/wp-content\/uploads\/2025\/10\/SAVE_20251006_221555-300x52.jpg 300w, https:\/\/newsinfoco.com.br\/inicio\/wp-content\/uploads\/2025\/10\/SAVE_20251006_221555-1024x177.jpg 1024w, https:\/\/newsinfoco.com.br\/inicio\/wp-content\/uploads\/2025\/10\/SAVE_20251006_221555-768x133.jpg 768w, https:\/\/newsinfoco.com.br\/inicio\/wp-content\/uploads\/2025\/10\/SAVE_20251006_221555-600x104.jpg 600w, https:\/\/newsinfoco.com.br\/inicio\/wp-content\/uploads\/2025\/10\/SAVE_20251006_221555-696x120.jpg 696w, https:\/\/newsinfoco.com.br\/inicio\/wp-content\/uploads\/2025\/10\/SAVE_20251006_221555-1068x185.jpg 1068w\" sizes=\"(max-width: 1140px) 100vw, 1140px\" width=\"1140\" height=\"197\"   \/><\/a><\/div>\n<p style=\"text-align: justify;\">Por\u00e9m, se por um lado o prefeito tem se esfor\u00e7ado para deixar obras pela cidade, como a requalifica\u00e7\u00e3o da pra\u00e7a Ruy Barbosa, o terminal de \u00f4nibus, entre outros, por outro lado a sa\u00fade no municipio vai de mal a pior. E isso para um prefeito que \u00e9 m\u00e9dico tem o seu efeito potencializado a ponto de aniquilar quase que totalmente quaisquer tipo de a\u00e7\u00e3o positiva em outras \u00e1reas, inclusive infraestrutura.<\/p>\n<p style=\"text-align: justify;\">H\u00e1 muito tempo venho afirmando em meus artigos aqui neste site News Infoco e nos meus coment\u00e1rios durante o Programa Primeira M\u00e3o que vai ao ar todas as manh\u00e3s, de segunda a sexta-feira na 95 FM, que o calcanhar de aquiles do governo Joaquim Neto continua sendo a sa\u00fade. N\u00e3o que outras \u00e1reas sejam tamb\u00e9m merecedores de cr\u00edticas, como a atua\u00e7\u00e3o p\u00edfia que a Procuradoria Juridica do municipio vem tendo desde o inicio da gest\u00e3o Joaquim. Mas a sa\u00fade deveria ser a preocupa\u00e7\u00e3o n\u00famero 1 do prefeito. E se o \u00e9 no momento, n\u00e3o parece.<\/p>\n<p style=\"text-align: justify;\">No inicio deste artigo citei diversas obras iniciadas pela prefeitura, pois bem, toda essa agenda positiva foi abalada pela noticia da devolu\u00e7\u00e3o de mais de 500 mil reais feita pela ASM aos cofres da prefeitura, o que comprovou irregularidades no pagamento de 1,6 milh\u00f5es efetuado pela SESAU \u00e0 empresa por servi\u00e7os que ela n\u00e3o prestou. \u00c9 a SESAU mais uma vez sendo palco de um rev\u00e9s para um governo que vem tendo problemas de aprova\u00e7\u00e3o junto a popula\u00e7\u00e3o.<\/p>\n<p style=\"text-align: justify;\">Durante o programa Primeira M\u00e3o, ouvimos diariamente reclama\u00e7\u00f5es recorrentes da popula\u00e7\u00e3o, desde a falta de m\u00e9dicos e materiais b\u00e1sicos nos postos, a denuncias de filas que varam pela madrugada de quem busca de um atendimento nos postos de sa\u00fade do munic\u00edpio. A maternidade tamb\u00e9m volta e meia \u00e9 alvo de cr\u00edticas dos ouvintes. \u00c9 o povo clamando por mudan\u00e7as nesta \u00e1rea tao sens\u00edvel.<\/p>\n<p style=\"text-align: justify;\">No dia 10 de maio, o prefeito Joaquim Neto assinar\u00e1 sua filia\u00e7\u00e3o ao PSD, comandado na Bahia pelo tamb\u00e9m m\u00e9dico, senador Otto Alencar. Ser\u00e3o dois m\u00e9dicos, duas figuras de grande peso, no centro das aten\u00e7\u00f5es da politica alagoinhense e sobretudo da administra\u00e7\u00e3o municipal. Se os problemas na sa\u00fade do municipio n\u00e3o forem enfrentados de frente pela gest\u00e3o municipal, entrega de obras de nada valer\u00e3o.<\/p>\n<p style=\"text-align: justify;\">O povo alagoinhense quer rem\u00e9dio nos postos, o povo alagoinhense clama por dignidade no atendimento. Quer ir no posto e encontrar o m\u00e9dico e uma equipe de enfermeiros pronto para atende-lo como se se deve. O prefeito Joaquim, que \u00e9 m\u00e9dico, precisa dar uma resposta urgente a esta demanda t\u00e3o cara \u00e0 popula\u00e7\u00e3o do municipio.<\/p>\n<p style=\"text-align: justify;\"><strong>*Caio Pimenta \u00e9 produtor do Programa Primeira M\u00e3o, da r\u00e1dio 95,7 FM de Alagoinhas, al\u00e9m de ser editor-chefe do site News Infoco.<\/strong><\/p>\n<div class=\"share-to-whatsapp-wrapper\"><\/div>\n<div class=\"share-to-whatsapp-wrapper\"><\/div>\n<div class='share-to-whatsapp-wrapper'><div class='share-on-whsp'>Share on: <\/div><a data-text='Prefeito Joaquim Neto investe em obras estruturantes, mas sa\u00fade continua sendo o Calcanhar de Aquiles de seu governo - Por Caio Pimenta' data-link='https:\/\/newsinfoco.com.br\/inicio\/prefeito-joaquim-neto-investe-em-obras-estruturantes-mas-saude-continua-sendo-o-calcanhar-de-aquiles-de-seu-governo-por-caio-pimenta\/' class='whatsapp-button whatsapp-share'>WhatsApp<\/a><div class='clear '><\/div><\/div>","protected":false},"excerpt":{"rendered":"<p>Ap\u00f3s 2 anos e cinco meses de governo, enfrentando diversos questionamentos sobre a utiliza\u00e7\u00e3o dos recursos da CAF e de investimentos com recursos pr\u00f3prios, o prefeito Joaquim Neto nos \u00faltimos dias decidiu arrega\u00e7ar as mangas e assinar uma s\u00e9rie de ordens de servi\u00e7o para inicio de obras pela cidade. Promoveu a assinatura da ordem de [&hellip;]<\/p>\n","protected":false},"author":1,"featured_media":14750,"comment_status":"open","ping_status":"open","sticky":false,"template":"","format":"standard","meta":{"om_disable_all_campaigns":false,"_exactmetrics_skip_tracking":false,"_exactmetrics_sitenote_active":false,"_exactmetrics_sitenote_note":"","_exactmetrics_sitenote_category":0,"footnotes":""},"categories":[26],"tags":[],"class_list":["post-14947","post","type-post","status-publish","format-standard","has-post-thumbnail","hentry","category-caio-pimenta"],"aioseo_notices":[],"_links":{"self":[{"href":"https:\/\/newsinfoco.com.br\/inicio\/wp-json\/wp\/v2\/posts\/14947","targetHints":{"allow":["GET"]}}],"collection":[{"href":"https:\/\/newsinfoco.com.br\/inicio\/wp-json\/wp\/v2\/posts"}],"about":[{"href":"https:\/\/newsinfoco.com.br\/inicio\/wp-json\/wp\/v2\/types\/post"}],"author":[{"embeddable":true,"href":"https:\/\/newsinfoco.com.br\/inicio\/wp-json\/wp\/v2\/users\/1"}],"replies":[{"embeddable":true,"href":"https:\/\/newsinfoco.com.br\/inicio\/wp-json\/wp\/v2\/comments?post=14947"}],"version-history":[{"count":0,"href":"https:\/\/newsinfoco.com.br\/inicio\/wp-json\/wp\/v2\/posts\/14947\/revisions"}],"wp:featuredmedia":[{"embeddable":true,"href":"https:\/\/newsinfoco.com.br\/inicio\/wp-json\/wp\/v2\/media\/14750"}],"wp:attachment":[{"href":"https:\/\/newsinfoco.com.br\/inicio\/wp-json\/wp\/v2\/media?parent=14947"}],"wp:term":[{"taxonomy":"category","embeddable":true,"href":"https:\/\/newsinfoco.com.br\/inicio\/wp-json\/wp\/v2\/categories?post=14947"},{"taxonomy":"post_tag","embeddable":true,"href":"https:\/\/newsinfoco.com.br\/inicio\/wp-json\/wp\/v2\/tags?post=14947"}],"curies":[{"name":"wp","href":"https:\/\/api.w.org\/{rel}","templated":true}]}}