{"id":14957,"date":"2019-05-06T18:37:35","date_gmt":"2019-05-06T21:37:35","guid":{"rendered":"http:\/\/newsinfoco.com.br\/?p=14957"},"modified":"2019-05-06T18:37:35","modified_gmt":"2019-05-06T21:37:35","slug":"saae-convida-moradores-do-campo-belo-para-apresentacao-do-projeto-de-educacao-sanitaria-e-ambiental","status":"publish","type":"post","link":"https:\/\/newsinfoco.com.br\/inicio\/saae-convida-moradores-do-campo-belo-para-apresentacao-do-projeto-de-educacao-sanitaria-e-ambiental\/","title":{"rendered":"SAAE convida moradores do Campo Belo para apresenta\u00e7\u00e3o do projeto de educa\u00e7\u00e3o sanit\u00e1ria e ambiental"},"content":{"rendered":"<p style=\"text-align: justify;\">O Servi\u00e7o Aut\u00f4nomo de \u00c1gua e Esgoto (SAAE) Alagoinhas convida a todos os moradores do Conjunto Habitacional Campo Belo para a apresenta\u00e7\u00e3o do Projeto de Educa\u00e7\u00e3o Sanit\u00e1ria e Ambiental, que acontecer\u00e1 na quinta-feira (9), \u00e0s 19h, no quiosque do conjunto em quest\u00e3o.<\/p>\n<p style=\"text-align: justify;\">A iniciativa faz parte dos esfor\u00e7os da gest\u00e3o atual em ir al\u00e9m da presta\u00e7\u00e3o dos servi\u00e7os de abastecimento de \u00e1gua e coleta e tratamento de esgoto, colocando em pr\u00e1tica uma vis\u00e3o abrangente do papel da autarquia perante \u00e0 comunidade.<\/p><div class=\"newsi-conteudo_19\" id=\"newsi-2271604419\"><a href=\"https:\/\/www.instagram.com\/prefeituraalagoinhas?igsh=YzgzdDJ1bWR3aWI4\" aria-label=\"SAVE_20251006_221555\"><img loading=\"lazy\" decoding=\"async\" src=\"https:\/\/newsinfoco.com.br\/inicio\/wp-content\/uploads\/2025\/10\/SAVE_20251006_221555-rotated.jpg\" alt=\"\"  srcset=\"https:\/\/newsinfoco.com.br\/inicio\/wp-content\/uploads\/2025\/10\/SAVE_20251006_221555-rotated.jpg 1140w, https:\/\/newsinfoco.com.br\/inicio\/wp-content\/uploads\/2025\/10\/SAVE_20251006_221555-300x52.jpg 300w, https:\/\/newsinfoco.com.br\/inicio\/wp-content\/uploads\/2025\/10\/SAVE_20251006_221555-1024x177.jpg 1024w, https:\/\/newsinfoco.com.br\/inicio\/wp-content\/uploads\/2025\/10\/SAVE_20251006_221555-768x133.jpg 768w, https:\/\/newsinfoco.com.br\/inicio\/wp-content\/uploads\/2025\/10\/SAVE_20251006_221555-600x104.jpg 600w, https:\/\/newsinfoco.com.br\/inicio\/wp-content\/uploads\/2025\/10\/SAVE_20251006_221555-696x120.jpg 696w, https:\/\/newsinfoco.com.br\/inicio\/wp-content\/uploads\/2025\/10\/SAVE_20251006_221555-1068x185.jpg 1068w\" sizes=\"(max-width: 1140px) 100vw, 1140px\" width=\"1140\" height=\"197\"   \/><\/a><\/div>\n<p style=\"text-align: justify;\">Com o projeto, o SAAE se prop\u00f5e a dialogar com os usu\u00e1rios sobre quest\u00f5es referentes ao bom uso da rede e ao uso racional da \u00e1gua, criar e fortalecer espa\u00e7os de debate na comunidade sobre os problemas ambientais, reconhecer as responsabilidades individuais e coletivas e planejar a\u00e7\u00f5es que contribuam para transforma\u00e7\u00f5es de qualidade de vida na comunidade propiciando mudan\u00e7as de h\u00e1bitos.<\/p>\n<p style=\"text-align: justify;\">Confira o cronograma:<br \/>\n\u2022 Limpeza de trechos de esgotamento sanit\u00e1rio;<br \/>\n\u2022 Orienta\u00e7\u00e3o sobre o bom uso do sistema de esgotamento sanit\u00e1rio;<br \/>\n\u2022 Apresenta\u00e7\u00e3o da Estrutura Tarif\u00e1ria;<br \/>\n\u2022 Palestra sobre o uso racional da \u00e1gua;<br \/>\n\u2022 Distribui\u00e7\u00e3o de cartilha educativa;<\/p>\n<h6 style=\"text-align: right;\">Ascom SAAE<\/h6>\n<div class='share-to-whatsapp-wrapper'><div class='share-on-whsp'>Share on: <\/div><a data-text='SAAE convida moradores do Campo Belo para apresenta\u00e7\u00e3o do projeto de educa\u00e7\u00e3o sanit\u00e1ria e ambiental' data-link='https:\/\/newsinfoco.com.br\/inicio\/saae-convida-moradores-do-campo-belo-para-apresentacao-do-projeto-de-educacao-sanitaria-e-ambiental\/' class='whatsapp-button whatsapp-share'>WhatsApp<\/a><div class='clear '><\/div><\/div>","protected":false},"excerpt":{"rendered":"<p>O Servi\u00e7o Aut\u00f4nomo de \u00c1gua e Esgoto (SAAE) Alagoinhas convida a todos os moradores do Conjunto Habitacional Campo Belo para a apresenta\u00e7\u00e3o do Projeto de Educa\u00e7\u00e3o Sanit\u00e1ria e Ambiental, que acontecer\u00e1 na quinta-feira (9), \u00e0s 19h, no quiosque do conjunto em quest\u00e3o. A iniciativa faz parte dos esfor\u00e7os da gest\u00e3o atual em ir al\u00e9m da [&hellip;]<\/p>\n","protected":false},"author":1,"featured_media":14958,"comment_status":"open","ping_status":"open","sticky":false,"template":"","format":"standard","meta":{"om_disable_all_campaigns":false,"_exactmetrics_skip_tracking":false,"_exactmetrics_sitenote_active":false,"_exactmetrics_sitenote_note":"","_exactmetrics_sitenote_category":0,"footnotes":""},"categories":[38],"tags":[],"class_list":["post-14957","post","type-post","status-publish","format-standard","has-post-thumbnail","hentry","category-alagoinhas-e-regiao"],"aioseo_notices":[],"_links":{"self":[{"href":"https:\/\/newsinfoco.com.br\/inicio\/wp-json\/wp\/v2\/posts\/14957","targetHints":{"allow":["GET"]}}],"collection":[{"href":"https:\/\/newsinfoco.com.br\/inicio\/wp-json\/wp\/v2\/posts"}],"about":[{"href":"https:\/\/newsinfoco.com.br\/inicio\/wp-json\/wp\/v2\/types\/post"}],"author":[{"embeddable":true,"href":"https:\/\/newsinfoco.com.br\/inicio\/wp-json\/wp\/v2\/users\/1"}],"replies":[{"embeddable":true,"href":"https:\/\/newsinfoco.com.br\/inicio\/wp-json\/wp\/v2\/comments?post=14957"}],"version-history":[{"count":0,"href":"https:\/\/newsinfoco.com.br\/inicio\/wp-json\/wp\/v2\/posts\/14957\/revisions"}],"wp:featuredmedia":[{"embeddable":true,"href":"https:\/\/newsinfoco.com.br\/inicio\/wp-json\/wp\/v2\/media\/14958"}],"wp:attachment":[{"href":"https:\/\/newsinfoco.com.br\/inicio\/wp-json\/wp\/v2\/media?parent=14957"}],"wp:term":[{"taxonomy":"category","embeddable":true,"href":"https:\/\/newsinfoco.com.br\/inicio\/wp-json\/wp\/v2\/categories?post=14957"},{"taxonomy":"post_tag","embeddable":true,"href":"https:\/\/newsinfoco.com.br\/inicio\/wp-json\/wp\/v2\/tags?post=14957"}],"curies":[{"name":"wp","href":"https:\/\/api.w.org\/{rel}","templated":true}]}}