{"id":14965,"date":"2019-05-06T19:47:13","date_gmt":"2019-05-06T22:47:13","guid":{"rendered":"http:\/\/newsinfoco.com.br\/?p=14965"},"modified":"2019-05-06T19:49:19","modified_gmt":"2019-05-06T22:49:19","slug":"prefeitura-de-alagoinhas-entrega-veiculo-de-transporte-sanitario-eletivo-a-pestalozzi-nesta-quarta-feira-8","status":"publish","type":"post","link":"https:\/\/newsinfoco.com.br\/inicio\/prefeitura-de-alagoinhas-entrega-veiculo-de-transporte-sanitario-eletivo-a-pestalozzi-nesta-quarta-feira-8\/","title":{"rendered":"Prefeitura de Alagoinhas entrega ve\u00edculo de transporte sanit\u00e1rio eletivo \u00e0 Pestalozzi nesta quarta-feira (8)"},"content":{"rendered":"<p style=\"text-align: justify;\">Tendo em vista o apoio a associa\u00e7\u00f5es que realizam trabalhos de impacto direto \u00e0 popula\u00e7\u00e3o e reconhecendo a import\u00e2ncia da mobilidade, sobretudo no que se refere \u00e0 \u00e1rea da sa\u00fade, a Prefeitura entrega, nesta quarta-feira (8), \u00e0 Pestalozzi, um ve\u00edculo adaptado para transporte sanit\u00e1rio eletivo que ir\u00e1 compor a Rede de Cuidados \u00e0 Pessoa com Defici\u00eancia.<\/p>\n<p style=\"text-align: justify;\">O transporte, no valor de R$183.980,00, ser\u00e1 utilizado pelo Centro Especializado em Reabilita\u00e7\u00e3o f\u00edsica, intelectual e auditiva (CER III) \u2013 Sociedade Pestalozzi de Alagoinhas e o objetivo principal, segundo a Secretaria Municipal de Sa\u00fade, \u00e9 assegurar o deslocamento adequado para pacientes com dificuldade de locomo\u00e7\u00e3o.<\/p><div class=\"newsi-conteudo_19\" id=\"newsi-1125846167\"><a href=\"https:\/\/www.instagram.com\/prefeituraalagoinhas?igsh=YzgzdDJ1bWR3aWI4\" aria-label=\"SAVE_20251006_221555\"><img loading=\"lazy\" decoding=\"async\" src=\"https:\/\/newsinfoco.com.br\/inicio\/wp-content\/uploads\/2025\/10\/SAVE_20251006_221555-rotated.jpg\" alt=\"\"  srcset=\"https:\/\/newsinfoco.com.br\/inicio\/wp-content\/uploads\/2025\/10\/SAVE_20251006_221555-rotated.jpg 1140w, https:\/\/newsinfoco.com.br\/inicio\/wp-content\/uploads\/2025\/10\/SAVE_20251006_221555-300x52.jpg 300w, https:\/\/newsinfoco.com.br\/inicio\/wp-content\/uploads\/2025\/10\/SAVE_20251006_221555-1024x177.jpg 1024w, https:\/\/newsinfoco.com.br\/inicio\/wp-content\/uploads\/2025\/10\/SAVE_20251006_221555-768x133.jpg 768w, https:\/\/newsinfoco.com.br\/inicio\/wp-content\/uploads\/2025\/10\/SAVE_20251006_221555-600x104.jpg 600w, https:\/\/newsinfoco.com.br\/inicio\/wp-content\/uploads\/2025\/10\/SAVE_20251006_221555-696x120.jpg 696w, https:\/\/newsinfoco.com.br\/inicio\/wp-content\/uploads\/2025\/10\/SAVE_20251006_221555-1068x185.jpg 1068w\" sizes=\"(max-width: 1140px) 100vw, 1140px\" width=\"1140\" height=\"197\"   \/><\/a><\/div>\n<p style=\"text-align: justify;\">A entrega oficial do ve\u00edculo ser\u00e1 realizada nesta quarta-feira, \u00e0s 8h30, na sede da Associa\u00e7\u00e3o Pestalozzi.<\/p>\n<p style=\"text-align: justify;\"><strong>Servi\u00e7o<\/strong><br \/>\nEntrega de ve\u00edculo de transporte sanit\u00e1rio eletivo<br \/>\n<strong>Data:<\/strong>\u00a008\/05\/2019 (quarta-feira)<br \/>\n<strong>Hor\u00e1rio:<\/strong>\u00a08h30<br \/>\n<strong>Local:<\/strong>\u00a0Pestalozzi (Rua A, 101 \u2013 Parque Regente \u2013 Jardim Petrolar)<\/p>\n<h6 style=\"text-align: right;\">Secom Alagoinhas<\/h6>\n<div class='share-to-whatsapp-wrapper'><div class='share-on-whsp'>Share on: <\/div><a data-text='Prefeitura de Alagoinhas entrega ve\u00edculo de transporte sanit\u00e1rio eletivo \u00e0 Pestalozzi nesta quarta-feira (8)' data-link='https:\/\/newsinfoco.com.br\/inicio\/prefeitura-de-alagoinhas-entrega-veiculo-de-transporte-sanitario-eletivo-a-pestalozzi-nesta-quarta-feira-8\/' class='whatsapp-button whatsapp-share'>WhatsApp<\/a><div class='clear '><\/div><\/div>","protected":false},"excerpt":{"rendered":"<p>Tendo em vista o apoio a associa\u00e7\u00f5es que realizam trabalhos de impacto direto \u00e0 popula\u00e7\u00e3o e reconhecendo a import\u00e2ncia da mobilidade, sobretudo no que se refere \u00e0 \u00e1rea da sa\u00fade, a Prefeitura entrega, nesta quarta-feira (8), \u00e0 Pestalozzi, um ve\u00edculo adaptado para transporte sanit\u00e1rio eletivo que ir\u00e1 compor a Rede de Cuidados \u00e0 Pessoa com [&hellip;]<\/p>\n","protected":false},"author":1,"featured_media":14966,"comment_status":"open","ping_status":"open","sticky":false,"template":"","format":"standard","meta":{"om_disable_all_campaigns":false,"_exactmetrics_skip_tracking":false,"_exactmetrics_sitenote_active":false,"_exactmetrics_sitenote_note":"","_exactmetrics_sitenote_category":0,"footnotes":""},"categories":[38,30],"tags":[],"class_list":["post-14965","post","type-post","status-publish","format-standard","has-post-thumbnail","hentry","category-alagoinhas-e-regiao","category-destaque"],"aioseo_notices":[],"_links":{"self":[{"href":"https:\/\/newsinfoco.com.br\/inicio\/wp-json\/wp\/v2\/posts\/14965","targetHints":{"allow":["GET"]}}],"collection":[{"href":"https:\/\/newsinfoco.com.br\/inicio\/wp-json\/wp\/v2\/posts"}],"about":[{"href":"https:\/\/newsinfoco.com.br\/inicio\/wp-json\/wp\/v2\/types\/post"}],"author":[{"embeddable":true,"href":"https:\/\/newsinfoco.com.br\/inicio\/wp-json\/wp\/v2\/users\/1"}],"replies":[{"embeddable":true,"href":"https:\/\/newsinfoco.com.br\/inicio\/wp-json\/wp\/v2\/comments?post=14965"}],"version-history":[{"count":0,"href":"https:\/\/newsinfoco.com.br\/inicio\/wp-json\/wp\/v2\/posts\/14965\/revisions"}],"wp:featuredmedia":[{"embeddable":true,"href":"https:\/\/newsinfoco.com.br\/inicio\/wp-json\/wp\/v2\/media\/14966"}],"wp:attachment":[{"href":"https:\/\/newsinfoco.com.br\/inicio\/wp-json\/wp\/v2\/media?parent=14965"}],"wp:term":[{"taxonomy":"category","embeddable":true,"href":"https:\/\/newsinfoco.com.br\/inicio\/wp-json\/wp\/v2\/categories?post=14965"},{"taxonomy":"post_tag","embeddable":true,"href":"https:\/\/newsinfoco.com.br\/inicio\/wp-json\/wp\/v2\/tags?post=14965"}],"curies":[{"name":"wp","href":"https:\/\/api.w.org\/{rel}","templated":true}]}}